{"id":483973,"date":"2025-10-23T08:59:15","date_gmt":"2025-10-23T08:59:15","guid":{"rendered":"https:\/\/www.europesays.com\/fr\/483973\/"},"modified":"2025-10-23T08:59:15","modified_gmt":"2025-10-23T08:59:15","slug":"la-fuite-surrealiste-dun-jeune-homme-se-termine-dans-un-tuyau-devacuation","status":"publish","type":"post","link":"https:\/\/www.europesays.com\/fr\/483973\/","title":{"rendered":"la fuite surr\u00e9aliste d\u2019un jeune homme se termine dans un tuyau d&rsquo;\u00e9vacuation"},"content":{"rendered":"<p>            Par<br \/>\n        <strong><br \/>\n            <a href=\"https:\/\/actu.fr\/auteur\/lea-pippinato\" title=\"Consulter tous les articles de L\u00e9a Pippinato\" target=\"_blank\" rel=\"noopener\">L\u00e9a Pippinato<\/a><br \/>\n        <\/strong><\/p>\n<p>        Publi\u00e9 le<\/p>\n<p>            23 oct. 2025 \u00e0 10h38        <\/p>\n<p>Tout commence <strong>ce mardi 21 octobre 2025<\/strong>, vers 16h40, boulevard Rabelais \u00e0 <strong>Montpellier<\/strong>. Des policiers nationaux rep\u00e8rent <strong>une voiture suspecte<\/strong> avec trois hommes \u00e0 bord. Tous portent des capuches et tentent de <strong>masquer leurs visages<\/strong>. Les agents d\u00e9cident de proc\u00e9der \u00e0 un contr\u00f4le. Mais d\u00e8s qu\u2019ils s\u2019approchent, le conducteur d\u00e9marre brusquement et <strong>prend la fuite \u00e0 vive allure<\/strong>.\u00a0<\/p>\n<p>    <a href=\"https:\/\/www.google.com\/maps\/embed?pb=!1m18!1m12!1m3!1d2889.2570144503056!2d3.879004076459561!3d43.60118997110467!2m3!1f0!2f0!3f0!3m2!1i1024!2i768!4f13.1!3m3!1m2!1s0x12b6afa348a97ac5%3A0x4b559fac909837a7!2sBd%20Rabelais%2C%2034000%20Montpellier!5e0!3m2!1sen!2sfr!4v1761207816453!5m2!1sen!2sfr\" title=\"Ouvrie le lien\" target=\"_blank\" rel=\"noopener\">Cliquez ici pour visualiser le contenu<\/a><\/p>\n<p class=\" wall-content\">Les forces de l\u2019ordre se lancent \u00e0 sa poursuite en direction du boulevard de la Perruque. Dans sa course, le conducteur percute une premi\u00e8re voiture. Malgr\u00e9 le choc, il continue sans s\u2019arr\u00eater. Peu apr\u00e8s, une deuxi\u00e8me collision survient sur le boulevard Jacques Fabre de Morlhon. Par chance, personne n\u2019est bless\u00e9. C\u2019est \u00e0 ce moment-l\u00e0 qu\u2019un des passagers, un jeune homme de 19 ans, profite d\u2019un arr\u00eat pour quitter le v\u00e9hicule et s\u2019enfuir \u00e0 pied.<\/p>\n<p>Cach\u00e9 dans un tuyau d\u2019\u00e9vacuation<\/p>\n<p class=\" wall-content\">Le conducteur et le second passager disparaissent. Le jeune homme, lui, est rep\u00e9r\u00e9. Il s\u2019est gliss\u00e9 dans un tuyau d\u2019\u00e9vacuation des eaux us\u00e9es, pensant \u00e9chapper \u00e0 la vue des policiers Son interpellation a lieu en fin d\u2019apr\u00e8s-midi. Lors de la fouille, les policiers d\u00e9couvrent pr\u00e8s de 5 grammes de r\u00e9sine de cannabis et 900 euros en liquide. Le jeune homme affirme qu\u2019il s\u2019agit de sa consommation personnelle et de ses \u00e9conomies. Il dit \u00e9galement ne pas conna\u00eetre les autres occupants du v\u00e9hicule.<\/p>\n<p class=\" wall-content\">Remis en libert\u00e9 \u00e0 l\u2019issue de sa garde \u00e0 vue, il devra r\u00e9pondre de ses actes lors d\u2019une composition p\u00e9nale pr\u00e9vue <strong>le 20 novembre prochain<\/strong>. L\u2019enqu\u00eate se poursuit afin d\u2019identifier le conducteur du v\u00e9hicule, toujours en fuite.<\/p>\n<p class=\" wall-content\">Personnalisez votre actualit\u00e9 en ajoutant vos villes et m\u00e9dias en favori avec <a href=\"https:\/\/moncompte.actu.fr\" title=\"D\u00e9couvez Mon Actu\" rel=\"nofollow noopener\" data-trk=\"{&quot;cta&quot;:{&quot;action&quot;:&quot;https:\\\/\\\/moncompte.actu.fr&quot;,&quot;category&quot;:&quot;mon compte&quot;,&quot;from&quot;:&quot;article footer&quot;,&quot;name&quot;:&quot;Mon actu&quot;,&quot;type&quot;:&quot;cta&quot;}}\" target=\"_blank\">Mon Actu<\/a>.<\/p>\n","protected":false},"excerpt":{"rendered":"Par L\u00e9a Pippinato Publi\u00e9 le 23 oct. 2025 \u00e0 10h38 Tout commence ce mardi 21 octobre 2025, vers&hellip;\n","protected":false},"author":2,"featured_media":483974,"comment_status":"","ping_status":"","sticky":false,"template":"","format":"standard","meta":{"footnotes":""},"categories":[9599],"tags":[1111,11,1052,1777,674,118,1011,27,2208,12,2680,1072,2852,25],"class_list":{"0":"post-483973","1":"post","2":"type-post","3":"status-publish","4":"format-standard","5":"has-post-thumbnail","7":"category-montpellier","8":"tag-actu","9":"tag-actualites","10":"tag-drogue","11":"tag-eu","12":"tag-europe","13":"tag-faits-divers","14":"tag-fr","15":"tag-france","16":"tag-montpellier","17":"tag-news","18":"tag-occitanie","19":"tag-police","20":"tag-refus-dobtemperer","21":"tag-republique-francaise"},"share_on_mastodon":{"url":"https:\/\/pubeurope.com\/@fr\/115422662929349263","error":""},"_links":{"self":[{"href":"https:\/\/www.europesays.com\/fr\/wp-json\/wp\/v2\/posts\/483973","targetHints":{"allow":["GET"]}}],"collection":[{"href":"https:\/\/www.europesays.com\/fr\/wp-json\/wp\/v2\/posts"}],"about":[{"href":"https:\/\/www.europesays.com\/fr\/wp-json\/wp\/v2\/types\/post"}],"author":[{"embeddable":true,"href":"https:\/\/www.europesays.com\/fr\/wp-json\/wp\/v2\/users\/2"}],"replies":[{"embeddable":true,"href":"https:\/\/www.europesays.com\/fr\/wp-json\/wp\/v2\/comments?post=483973"}],"version-history":[{"count":0,"href":"https:\/\/www.europesays.com\/fr\/wp-json\/wp\/v2\/posts\/483973\/revisions"}],"wp:featuredmedia":[{"embeddable":true,"href":"https:\/\/www.europesays.com\/fr\/wp-json\/wp\/v2\/media\/483974"}],"wp:attachment":[{"href":"https:\/\/www.europesays.com\/fr\/wp-json\/wp\/v2\/media?parent=483973"}],"wp:term":[{"taxonomy":"category","embeddable":true,"href":"https:\/\/www.europesays.com\/fr\/wp-json\/wp\/v2\/categories?post=483973"},{"taxonomy":"post_tag","embeddable":true,"href":"https:\/\/www.europesays.com\/fr\/wp-json\/wp\/v2\/tags?post=483973"}],"curies":[{"name":"wp","href":"https:\/\/api.w.org\/{rel}","templated":true}]}}