{"id":483975,"date":"2025-10-23T09:00:10","date_gmt":"2025-10-23T09:00:10","guid":{"rendered":"https:\/\/www.europesays.com\/fr\/483975\/"},"modified":"2025-10-23T09:00:10","modified_gmt":"2025-10-23T09:00:10","slug":"guy-de-maupassant-y-a-vecu","status":"publish","type":"post","link":"https:\/\/www.europesays.com\/fr\/483975\/","title":{"rendered":"\u00ab Guy de Maupassant y a v\u00e9cu \u00bb"},"content":{"rendered":"<p>            Par<br \/>\n        <strong><br \/>\n            <a href=\"https:\/\/actu.fr\/auteur\/jessie-leclerc\" title=\"Consulter tous les articles de Jessie Leclerc\" target=\"_blank\" rel=\"noopener\">Jessie Leclerc<\/a><br \/>\n        <\/strong><\/p>\n<p>        Publi\u00e9 le<\/p>\n<p>            23 oct. 2025 \u00e0 10h46<br \/>\n        ; mis \u00e0 jour le 23 oct. 2025 \u00e0 10h49    <\/p>\n<p>\u00ab\u2009835\u2009000\u00a0euros pour vivre l\u2019Histoire de France\u2009\u00bb. C\u2019est ce qu\u2019affirme St\u00e9phane Bertrem, agent immobilier <strong>\u00e0 Rouen (Seine-Maritime)<\/strong>, au sujet d\u2019un appartement au pass\u00e9 remarquable, r\u00e9cemment mis sur le march\u00e9 dans le quartier Beauvoisine. <a href=\"https:\/\/actu.fr\/normandie\/rouen_76540\/rouen-on-en-sait-plus-sur-le-116-ce-grand-projet-immobilier-qui-veut-transformer-le-quartier-pasteur_63310237.html\" target=\"_blank\" rel=\"noopener\">En plein c\u0153ur de la ville<\/a>, c\u2019est un fragment d\u2019histoire de 305\u00a0m2. Un r\u00e9cit o\u00f9 se croisent armateurs, nobles, bonnes s\u0153urs et un adolescent nomm\u00e9<strong> Guy de Maupassant<\/strong> qui \u00e9crivait\u2026 sur les murs.<\/p>\n<p>Des si\u00e8cles d\u2019histoire, de mains en mains<\/p>\n<p class=\" wall-content\">\u00ab\u2009\u00c0 ma grande surprise, c\u2019est un endroit plein d\u2019histoire. Guy de Maupassant y a v\u00e9cu et ce n\u2019est pas rien\u2009\u00bb, s\u2019\u00e9tonne St\u00e9phane Bertrem qui nous fait visiter les lieux.<\/p>\n<p class=\" wall-content\">Command\u00e9 au XVIIe\u00a0si\u00e8cle par <strong>un riche armateur<\/strong> d\u00e9sireux de surveiller ses navires dans le port de Rouen, <a href=\"https:\/\/actu.fr\/normandie\/rouen_76540\/cette-incroyable-maison-pres-de-la-gare-de-rouen-est-a-vendre-aux-encheres_61363835.html\" target=\"_blank\" rel=\"noopener\">l\u2019h\u00f4tel particulier<\/a> a connu de nombreux destins. Il passe dans les mains d\u2019un comte \u00e0 la veille de la R\u00e9volution fran\u00e7aise, \u00ab\u2009puis est transform\u00e9 en couvent, d\u00e9taille l\u2019actuelle propri\u00e9taire. Il est ensuite rachet\u00e9 par<strong> l\u2019oncle de Guy de Maupassant<\/strong>\u2009\u00bb<strong>.<\/strong><\/p>\n<p class=\" wall-content\">L\u2019auteur du Horla, de Boule de Suif ou de La Parure y s\u00e9journe r\u00e9guli\u00e8rement. \u00ab\u2009Guy de Maupassant \u00e9tudiait \u00e0 l\u2019\u00e9cole catholique d\u2019Yvetot, mais il en a \u00e9t\u00e9 renvoy\u00e9 car il s\u2019amusait \u00e0 \u00e9crire des petits mots d\u2019amour et des vers sur les murs\u2009\u00bb, explique St\u00e9phane Bertrem. Il poursuit son enseignement <a href=\"https:\/\/actu.fr\/normandie\/rouen_76540\/batiment-audiovisuel-salle-de-conference-le-nouveau-lycee-corneille-prend-forme-a-rouen_61557404.html\" target=\"_blank\" rel=\"noopener\">au lyc\u00e9e Corneille<\/a>, \u00e0 deux pas de l\u00e0. \u00ab\u2009C\u2019est pour \u00e7a qu\u2019il a <strong>fr\u00e9quent\u00e9 la demeure de son oncle\u2009<\/strong>\u00bb, ajoute l\u2019agent immobilier.<\/p>\n<p class=\" wall-content\">L\u2019enceinte a connu quelques changements depuis, plus d\u2019\u00e9curies, de laverie ni de chambres de bonnes, mais elle reste dans son jus.<\/p>\n<p>\u00ab\u2009C\u2019est comme un mini Versailles \u00bb<\/p>\n<p class=\" wall-content\">L\u2019acc\u00e8s au bien se fait par <strong>un grand escalier<\/strong> couvert d\u2019une moquette art d\u00e9co. \u00ab\u2009Cet escalier m\u00e9riterait d\u2019\u00eatre class\u00e9, c\u2019est le m\u00eame que celui pr\u00e9sent dans <a href=\"https:\/\/actu.fr\/normandie\/rouen_76540\/savez-vous-a-quoi-sert-cet-objet-expose-dans-un-musee-unique-a-rouen_59893603.html\" target=\"_blank\" rel=\"noopener\">le mus\u00e9e de la ferronnerie<\/a>\u2009\u00bb, souligne la propri\u00e9taire.<\/p>\n<p class=\" wall-content\">L\u2019appartement se d\u00e9ploie sur deux \u00e9tages. Le premier niveau s\u2019articule autour de deux ailes de 205\u00a0m2, <a href=\"https:\/\/actu.fr\/normandie\/ernemont-sur-buchy_76243\/des-chambres-d-hotes-dans-ce-chateau-pres-de-rouen-pour-s-endormir-comme-au-temps-des-lumieres_61570147.html\" target=\"_blank\" rel=\"noopener\">qualifi\u00e9es de \u00ab\u2009nobles\u2009\u00bb<\/a>. <strong>De vastes salons <\/strong>en enfilade, hauts de quatre m\u00e8tres sous plafond, sous un parquet Versailles et orn\u00e9s de moulures d\u2019\u00e9poque sont \u00e9clair\u00e9s par de longues fen\u00eatres.<\/p>\n<p class=\" wall-content\">Dans une plus petite pi\u00e8ce, \u00e0 l\u2019arri\u00e8re d\u2019un des plus beaux salons, une biblioth\u00e8que en bois massif se tient pr\u00eate \u00e0 accueillir de nombreux livres. Plus loin, au d\u00e9tour d\u2019un couloir, un vitrail attire l\u2019\u0153il.<\/p>\n<p>Votre r\u00e9gion, votre actu !<\/p>\n<p>Recevez chaque jour les infos qui comptent pour vous.<\/p>\n<p>\t<a href=\"https:\/\/actu.fr\/newsletter\" class=\"ac-btn ac-btn--corner ac-btn--medium ac-btn--blue800\" target=\"_blank\" rel=\"noopener\">S&rsquo;incrire<\/a><\/p>\n<p class=\" wall-content\"><strong>\u00ab\u2009C\u2019est comme un mini Versailles\u2009\u00bb<\/strong>, compare l\u2019agent immobilier, avec une touche d\u2019humour.<\/p>\n<p class=\" wall-content\">Dans l\u2019aile secondaire, d\u2019autres pi\u00e8ces <a href=\"https:\/\/actu.fr\/normandie\/rouen_76540\/rouen-le-salon-de-la-rotonde-du-tribunal-administratif-un-tresor-meconnu-qui-a-besoin-d-un-coup-de-neuf_61787651.html\" target=\"_blank\" rel=\"noopener\">garnies de moulures<\/a> conduisent \u00e0 une grande cuisine plus moderne, enti\u00e8rement r\u00e9nov\u00e9e et \u00e9quip\u00e9e.\u00a0Avant de prendre l\u2019escalier, \u00ab\u2009il y a m\u00eame un dressing\u2009\u00bb, sourit la propri\u00e9taire.<\/p>\n<p class=\" wall-content\">La visite se poursuit \u00e0 l\u2019\u00e9tage, plus intime. Sur 100\u00a0m2, s\u2019alignent des chambres et une salle de bains. \u00ab\u2009C\u2019est moins napol\u00e9onien, sourit l\u2019agent, mais j\u2019imagine tr\u00e8s bien des adolescents ou des enfants ici, pendant que les parents profitent des salons.\u2009\u00bb<\/p>\n<p>La cave comme un bunker<\/p>\n<p class=\" wall-content\">Sous terre <strong>une cave vo\u00fbt\u00e9e<\/strong>, autrefois reli\u00e9e \u00e0 un r\u00e9seau de galeries, servait d\u2019abris durant la Seconde Guerre mondiale. \u00ab\u2009Tout le monde descendait ici et se baladait de caves en caves jusqu\u2019\u00e0 la rue de l\u2019H\u00f4pital\u2009\u00bb, affirme la propri\u00e9taire. \u00ab\u2009C\u2019\u00e9tait tr\u00e8s utilis\u00e9 lorsqu\u2019il y avait des bombardements \u00e0 tout va\u2009\u00bb, confirme St\u00e9phane Bertrem.<\/p>\n<p class=\" wall-content\">\u00c0 l\u2019ext\u00e9rieur, un petit <a href=\"https:\/\/actu.fr\/normandie\/darnetal_76212\/il-a-passe-sa-vie-a-composer-le-jardin-de-ses-reves_63050265.html\" target=\"_blank\" rel=\"noopener\">jardin \u00e0 l\u2019anglaise<\/a> permet d\u2019observer la fa\u00e7ade du b\u00e2timent, autrefois en colombage, class\u00e9e, tout comme ses toitures.<\/p>\n<p>L\u2019\u00e9motion d\u2019une famille<\/p>\n<p class=\" wall-content\">Cette vente s\u2019inscrit dans une succession, non sans \u00e9motion. \u00ab\u2009L\u2019appartement appartenait \u00e0 ma m\u00e8re qui est r\u00e9cemment d\u00e9c\u00e9d\u00e9e. Malheureusement,<strong> on ne peut pas le garder<\/strong>. On a d\u00e9j\u00e0 une grande maison et les enfants sont partis. C\u2019est une page qui se tourne, mais \u00e7a fait un <strong>pincement au c\u0153ur<\/strong>\u2009\u00bb, confie la propri\u00e9taire.<\/p>\n<p class=\" wall-content\">La vendeuse esp\u00e8re attirer un acqu\u00e9reur sensible \u00e0 l\u2019\u00e2me des lieux, capable d\u2019en <strong>pr\u00e9server l\u2019authenticit\u00e9<\/strong>\u2009: \u00ab\u2009Ce que je souhaite, c\u2019est quelqu\u2019un qui respecte ce qu\u2019il y a ici, m\u00eame s\u2019il n\u2019y a aucune obligation\u2009\u00bb.<\/p>\n<p class=\" wall-content\">L\u2019agent est du m\u00eame avis\u2009: \u00ab\u2009Il faut trouver un quelqu\u2019un qui aime les arts, la litt\u00e9rature. Quelqu\u2019un qui aime la beaut\u00e9, pas une personne qui va vouloir coller des spots sous plafond, retirer les moulures\u2026\u2009\u00bb<\/p>\n<blockquote class=\"ac-article-quote wall-content\">\n<p>Pour moi, il n&rsquo;y a pas de travaux \u00e0 faire ici. Que ceux qui veulent du neuf, ach\u00e8tent du neuf et qu&rsquo;ils ne nous emb\u00eatent pas \u00e0 g\u00e2cher de tels lieux. Il faut respecter Rouen !<\/p>\n<p>    <strong>St\u00e9phane Bertrem<\/strong><br \/>\n        Directeur de l&rsquo;agence immobili\u00e8re BIM, \u00e0 Rouen.    <\/p><\/blockquote>\n<p class=\" wall-content\">C\u2019est un appartement \u00e0 habiter comme un roman. En plus du prix d\u2019achat, fix\u00e9 \u00e0 <strong>835\u2009000\u00a0euros<\/strong>, 750\u00a0euros de charges pour le chauffage et l\u2019\u00e9lectricit\u00e9 sont \u00e0 pr\u00e9voir chaque mois.<\/p>\n<p>Le bien est propos\u00e9 par <a href=\"https:\/\/www.bimimmobilier.fr\/\" target=\"_blank\" rel=\"noopener\">l\u2019agence BIM\u2009!<\/a>.Suivez l\u2019actualit\u00e9 de Rouen <a href=\"https:\/\/www.whatsapp.com\/channel\/0029VaKfnf99hXF2ddApFB1D\" target=\"_blank\" rel=\"noopener\">sur notre cha\u00eene WhatsApp<\/a> et <a href=\"https:\/\/www.tiktok.com\/@76actu.fr?lang=fr\" target=\"_blank\" rel=\"noopener\">sur notre compte TikTok<\/a><\/p>\n<p class=\" wall-content\">Personnalisez votre actualit\u00e9 en ajoutant vos villes et m\u00e9dias en favori avec <a href=\"https:\/\/moncompte.actu.fr\" title=\"D\u00e9couvez Mon Actu\" rel=\"nofollow noopener\" data-trk=\"{&quot;cta&quot;:{&quot;action&quot;:&quot;https:\\\/\\\/moncompte.actu.fr&quot;,&quot;category&quot;:&quot;mon compte&quot;,&quot;from&quot;:&quot;article footer&quot;,&quot;name&quot;:&quot;Mon actu&quot;,&quot;type&quot;:&quot;cta&quot;}}\" target=\"_blank\">Mon Actu<\/a>.<\/p>\n<p>                    <script async src=\"\/\/www.tiktok.com\/embed.js\"><\/script><\/p>\n","protected":false},"excerpt":{"rendered":"Par Jessie Leclerc Publi\u00e9 le 23 oct. 2025 \u00e0 10h46 ; mis \u00e0 jour le 23 oct. 2025&hellip;\n","protected":false},"author":2,"featured_media":483976,"comment_status":"","ping_status":"","sticky":false,"template":"","format":"standard","meta":{"footnotes":""},"categories":[9587],"tags":[1111,11,1777,674,1011,27,937,1116,1757,12,5161,2551,25,9590],"class_list":{"0":"post-483975","1":"post","2":"type-post","3":"status-publish","4":"format-standard","5":"has-post-thumbnail","7":"category-rouen","8":"tag-actu","9":"tag-actualites","10":"tag-eu","11":"tag-europe","12":"tag-fr","13":"tag-france","14":"tag-histoire","15":"tag-immobilier","16":"tag-insolite","17":"tag-news","18":"tag-normandie","19":"tag-patrimoine","20":"tag-republique-francaise","21":"tag-rouen"},"share_on_mastodon":{"url":"https:\/\/pubeurope.com\/@fr\/115422666621025867","error":""},"_links":{"self":[{"href":"https:\/\/www.europesays.com\/fr\/wp-json\/wp\/v2\/posts\/483975","targetHints":{"allow":["GET"]}}],"collection":[{"href":"https:\/\/www.europesays.com\/fr\/wp-json\/wp\/v2\/posts"}],"about":[{"href":"https:\/\/www.europesays.com\/fr\/wp-json\/wp\/v2\/types\/post"}],"author":[{"embeddable":true,"href":"https:\/\/www.europesays.com\/fr\/wp-json\/wp\/v2\/users\/2"}],"replies":[{"embeddable":true,"href":"https:\/\/www.europesays.com\/fr\/wp-json\/wp\/v2\/comments?post=483975"}],"version-history":[{"count":0,"href":"https:\/\/www.europesays.com\/fr\/wp-json\/wp\/v2\/posts\/483975\/revisions"}],"wp:featuredmedia":[{"embeddable":true,"href":"https:\/\/www.europesays.com\/fr\/wp-json\/wp\/v2\/media\/483976"}],"wp:attachment":[{"href":"https:\/\/www.europesays.com\/fr\/wp-json\/wp\/v2\/media?parent=483975"}],"wp:term":[{"taxonomy":"category","embeddable":true,"href":"https:\/\/www.europesays.com\/fr\/wp-json\/wp\/v2\/categories?post=483975"},{"taxonomy":"post_tag","embeddable":true,"href":"https:\/\/www.europesays.com\/fr\/wp-json\/wp\/v2\/tags?post=483975"}],"curies":[{"name":"wp","href":"https:\/\/api.w.org\/{rel}","templated":true}]}}