{"id":483979,"date":"2025-10-23T09:03:13","date_gmt":"2025-10-23T09:03:13","guid":{"rendered":"https:\/\/www.europesays.com\/fr\/483979\/"},"modified":"2025-10-23T09:03:13","modified_gmt":"2025-10-23T09:03:13","slug":"une-nouvelle-generation-de-velos-arrivent-a-grenoble","status":"publish","type":"post","link":"https:\/\/www.europesays.com\/fr\/483979\/","title":{"rendered":"une nouvelle g\u00e9n\u00e9ration de v\u00e9los arrivent \u00e0 Grenoble"},"content":{"rendered":"<p>Un v\u00e9lo plus l\u00e9ger et plus maniable. <a href=\"https:\/\/www.ledauphine.com\/transport\/2025\/06\/30\/isere-metropole-de-grenoble-des-velos-equipes-de-porte-skis-un-voi-store-la-nouvelle-flotte-de-trottinettes-et-velos-electriques-arrive-ce-mardi\" target=\"_blank\" rel=\"noopener\">Voi, pr\u00e9sent dans la m\u00e9tropole grenobloise<\/a> depuis le 1er\u00a0juillet \u00e0 travers les trottinettes et v\u00e9los en libre-service, lance une nouvelle flotte avec les v\u00e9los \u201cPlume\u201d. \u00ab\u00a0Compact, l\u00e9ger et simple d\u2019utilisation\u00a0\u00bb, explique l\u2019entreprise.<\/p>\n<p>\u00ab\u00a0Il a \u00e9t\u00e9 con\u00e7u pour faciliter la mobilit\u00e9 urbaine pour tous, notamment les primo-utilisateurs. Son cadre plus bas, sa selle ajustable et sa stabilit\u00e9 renforc\u00e9e permettent \u00e0 chacun de p\u00e9daler en toute confiance, que ce soit pour un trajet quotidien ou une balade dans les rues de Grenoble.\u00a0\u00bb<\/p>\n<p>Voi explique avoir travaill\u00e9 en lien avec plusieurs associations de femmes et collectifs locaux pour d\u00e9velopper un v\u00e9lo \u00ab\u00a0plus rassurant, plus ergonomique et plus inclusif\u00a0\u00bb. Le cadre abaiss\u00e9, les poign\u00e9es adapt\u00e9es aux petites mains et le poids all\u00e9g\u00e9 facilitent la prise en main et les d\u00e9placements.<\/p>\n","protected":false},"excerpt":{"rendered":"Un v\u00e9lo plus l\u00e9ger et plus maniable. Voi, pr\u00e9sent dans la m\u00e9tropole grenobloise depuis le 1er\u00a0juillet \u00e0 travers&hellip;\n","protected":false},"author":2,"featured_media":483980,"comment_status":"","ping_status":"","sticky":false,"template":"","format":"standard","meta":{"footnotes":""},"categories":[9566],"tags":[1111,11,2430,3542,112,1777,674,1011,27,2731,2732,108,12,25,2803],"class_list":{"0":"post-483979","1":"post","2":"type-post","3":"status-publish","4":"format-standard","5":"has-post-thumbnail","7":"category-grenoble","8":"tag-actu","9":"tag-actualites","10":"tag-auvergne-rhone-alpes","11":"tag-circulation","12":"tag-edition-grenoble-agglomeration","13":"tag-eu","14":"tag-europe","15":"tag-fr","16":"tag-france","17":"tag-grenoble","18":"tag-grenoble-bassin","19":"tag-isere","20":"tag-news","21":"tag-republique-francaise","22":"tag-transport"},"share_on_mastodon":{"url":"https:\/\/pubeurope.com\/@fr\/115422678688000987","error":""},"_links":{"self":[{"href":"https:\/\/www.europesays.com\/fr\/wp-json\/wp\/v2\/posts\/483979","targetHints":{"allow":["GET"]}}],"collection":[{"href":"https:\/\/www.europesays.com\/fr\/wp-json\/wp\/v2\/posts"}],"about":[{"href":"https:\/\/www.europesays.com\/fr\/wp-json\/wp\/v2\/types\/post"}],"author":[{"embeddable":true,"href":"https:\/\/www.europesays.com\/fr\/wp-json\/wp\/v2\/users\/2"}],"replies":[{"embeddable":true,"href":"https:\/\/www.europesays.com\/fr\/wp-json\/wp\/v2\/comments?post=483979"}],"version-history":[{"count":0,"href":"https:\/\/www.europesays.com\/fr\/wp-json\/wp\/v2\/posts\/483979\/revisions"}],"wp:featuredmedia":[{"embeddable":true,"href":"https:\/\/www.europesays.com\/fr\/wp-json\/wp\/v2\/media\/483980"}],"wp:attachment":[{"href":"https:\/\/www.europesays.com\/fr\/wp-json\/wp\/v2\/media?parent=483979"}],"wp:term":[{"taxonomy":"category","embeddable":true,"href":"https:\/\/www.europesays.com\/fr\/wp-json\/wp\/v2\/categories?post=483979"},{"taxonomy":"post_tag","embeddable":true,"href":"https:\/\/www.europesays.com\/fr\/wp-json\/wp\/v2\/tags?post=483979"}],"curies":[{"name":"wp","href":"https:\/\/api.w.org\/{rel}","templated":true}]}}