{"id":483983,"date":"2025-10-23T09:05:11","date_gmt":"2025-10-23T09:05:11","guid":{"rendered":"https:\/\/www.europesays.com\/fr\/483983\/"},"modified":"2025-10-23T09:05:11","modified_gmt":"2025-10-23T09:05:11","slug":"le-2-novembre-decouvrez-les-secrets-de-la-pomme-et-du-cidre-a-lecomusee-de-la-bintinais","status":"publish","type":"post","link":"https:\/\/www.europesays.com\/fr\/483983\/","title":{"rendered":"Le 2 novembre, d\u00e9couvrez les secrets de la pomme et du cidre \u00e0 l\u2019\u00c9comus\u00e9e de la Bintinais"},"content":{"rendered":"<p>Le dimanche 2 novembre, de 14h \u00e0 18h, l\u2019\u00c9comus\u00e9e de Rennes vous d\u00e9voile les secrets de la pomme et de la fabrication du cidre. De nombreuses animations vous attendent : d\u00e9gustations, ateliers culinaires, d\u00e9monstration du pressurage et visite sur l\u2019histoire de la pomme.<\/p>\n<p>\u00ab La Vilaine, Route des cidres \u00bb tiendra un march\u00e9 des cidres et ses producteurs vous partageront leur d\u00e9marche paysanne.<\/p>\n<p>Le programme en d\u00e9tail :\u00a0<\/p>\n<p>\u2022 <strong>March\u00e9 des producteurs<\/strong> de \u00ab La Vilaine, Route des cidres \u00bb<\/p>\n<p>\u2022 <strong>P\u00e9pini\u00e9ristes <\/strong>: Hedelmia Pepini\u00e8re, Arbr\u2019enVie et Abondance V\u00e9g\u00e9tale<\/p>\n<p>\u2022 <strong>D\u00e9gustations<\/strong> d\u2019accords fromages et cidres avec Koaven Fromagerie<\/p>\n<p>\u2022 <strong>Balade \u00ab La pomme \u00e0 l\u2019Antiquit\u00e9 et au Moyen-\u00c2ge \u00bb<\/strong> par Marie Casset \u00e0 15h et 17h (dur\u00e9e : 40 min)<\/p>\n<p>\u2022 <strong>Atelier culinaire<\/strong> : cuisinez et d\u00e9gustez de d\u00e9licieuses recettes \u00e0 base de pommes avec Valentine Bossu de Terralim<\/p>\n<p>\u2022 <strong>Cidre chaud<\/strong> (2\u20ac)<\/p>\n<p>\u2022 La librairie L\u2019\u00e9tabli des mots tiendra un <strong>stand de vente<\/strong><\/p>\n<p>Pour d\u00e9guster les diff\u00e9rents cidres, pensez \u00e0 une pi\u00e8ce de 2\u20ac pour la consigne verre.<\/p>\n<p>Infos pratiques<\/p>\n<p><strong>Ev\u00e8nement Pommes &amp; Cidres &#8211; Dimanche 2 novembre de 14h \u00e0 18h<br \/><\/strong>Entr\u00e9e libre, gratuit<\/p>\n<ul>\n<li>Ferme de la Bintinais &#8211; Route de Ch\u00e2tillon-sur-Seiche &#8211; 35200 Rennes<\/li>\n<p>&#13;<\/p>\n<li>Comment venir \u00e0 l&rsquo;\u00c9comus\u00e9e ?\u00a0<br \/>&#8211; \u00c0 pied, le trajet est de 15 minutes depuis la station de m\u00e9tro Triangle <br \/>&#8211; \u00c0 v\u00e9lo, les pistes cyclables sont s\u00e9curis\u00e9es depuis Rennes et Noyal-Ch\u00e2tillon. <br \/>&#8211; En bus, il est possible de prendre la ligne 61 (Direction Noyal-Ch\u00e2tillon arr\u00eat \u00ab\u00a0Hil Bintinais\u00a0\u00bb)<\/li>\n<p>&#13;<\/p>\n<li>T\u00e9l\u00e9phone : <a href=\"https:\/\/rennes.maville.com\/actu\/tel:0299513815\" class=\"trackingClickNumero\" target=\"_blank\" rel=\"noopener\">02 99 51 38 15<\/a><\/li>\n<p>&#13;<\/p>\n<li><a rel=\"nofollow noopener\" target=\"_blank\" href=\"https:\/\/www.ecomusee-rennes-metropole.fr\/\" class=\"trackingClickSiteWeb\">www.ecomusee-rennes-metropole.fr<\/a><\/li>\n<p>&#13;<\/p>\n<li><a rel=\"nofollow noopener\" target=\"_blank\" href=\"https:\/\/www.facebook.com\/ecomuseebintinaisrennes\/\" class=\"trackingClickFacebook\">Page Facebook<\/a>\u00a0 | <a rel=\"nofollow noopener\" target=\"_blank\" href=\"https:\/\/www.instagram.com\/ecomusee_bintinais_rennes\/\" class=\"trackingClickInstagram\">Compte Instagram<\/a><\/li>\n<p>&#13;\n<\/ul>\n<p>\u00a0<\/p>\n<p>\t\t<script async src=\"\/\/www.instagram.com\/embed.js\"><\/script><\/p>\n","protected":false},"excerpt":{"rendered":"Le dimanche 2 novembre, de 14h \u00e0 18h, l\u2019\u00c9comus\u00e9e de Rennes vous d\u00e9voile les secrets de la pomme&hellip;\n","protected":false},"author":2,"featured_media":483984,"comment_status":"","ping_status":"","sticky":false,"template":"","format":"standard","meta":{"footnotes":""},"categories":[2821],"tags":[5742,1111,11,46897,829,31922,3474,41886,1777,674,1011,27,12,24649,6440,584,25,13761],"class_list":{"0":"post-483983","1":"post","2":"type-post","3":"status-publish","4":"format-standard","5":"has-post-thumbnail","7":"category-rennes","8":"tag-5742","9":"tag-actu","10":"tag-actualites","11":"tag-bintinais","12":"tag-bretagne","13":"tag-cidre","14":"tag-decouvrez","15":"tag-ecomusee","16":"tag-eu","17":"tag-europe","18":"tag-fr","19":"tag-france","20":"tag-news","21":"tag-novembre","22":"tag-pomme","23":"tag-rennes","24":"tag-republique-francaise","25":"tag-secrets"},"share_on_mastodon":{"url":"https:\/\/pubeurope.com\/@fr\/115422686414474260","error":""},"_links":{"self":[{"href":"https:\/\/www.europesays.com\/fr\/wp-json\/wp\/v2\/posts\/483983","targetHints":{"allow":["GET"]}}],"collection":[{"href":"https:\/\/www.europesays.com\/fr\/wp-json\/wp\/v2\/posts"}],"about":[{"href":"https:\/\/www.europesays.com\/fr\/wp-json\/wp\/v2\/types\/post"}],"author":[{"embeddable":true,"href":"https:\/\/www.europesays.com\/fr\/wp-json\/wp\/v2\/users\/2"}],"replies":[{"embeddable":true,"href":"https:\/\/www.europesays.com\/fr\/wp-json\/wp\/v2\/comments?post=483983"}],"version-history":[{"count":0,"href":"https:\/\/www.europesays.com\/fr\/wp-json\/wp\/v2\/posts\/483983\/revisions"}],"wp:featuredmedia":[{"embeddable":true,"href":"https:\/\/www.europesays.com\/fr\/wp-json\/wp\/v2\/media\/483984"}],"wp:attachment":[{"href":"https:\/\/www.europesays.com\/fr\/wp-json\/wp\/v2\/media?parent=483983"}],"wp:term":[{"taxonomy":"category","embeddable":true,"href":"https:\/\/www.europesays.com\/fr\/wp-json\/wp\/v2\/categories?post=483983"},{"taxonomy":"post_tag","embeddable":true,"href":"https:\/\/www.europesays.com\/fr\/wp-json\/wp\/v2\/tags?post=483983"}],"curies":[{"name":"wp","href":"https:\/\/api.w.org\/{rel}","templated":true}]}}