{"id":483989,"date":"2025-10-23T09:08:22","date_gmt":"2025-10-23T09:08:22","guid":{"rendered":"https:\/\/www.europesays.com\/fr\/483989\/"},"modified":"2025-10-23T09:08:22","modified_gmt":"2025-10-23T09:08:22","slug":"streaming-strasbourg-jagiellonia-bialystok-a-quelle-heure-et-sur-quelle-chaine-voir-le-match","status":"publish","type":"post","link":"https:\/\/www.europesays.com\/fr\/483989\/","title":{"rendered":"Streaming Strasbourg &#8211; Jagiellonia Bia\u0142ystok : \u00e0 quelle heure et sur quelle cha\u00eene voir le match ?"},"content":{"rendered":"<p>Le Racing Club de Strasbourg retrouve l\u2019Europe avec l\u2019envie de poursuivre sur sa belle dynamique. Invaincus depuis trois matchs, les hommes de Liam Rosenior esp\u00e8rent confirmer leur bon d\u00e9but de comp\u00e9tition. D\u00e9couvrez ici \u00e0 quelle heure et sur quelle cha\u00eene suivre Strasbourg &#8211; Jagiellonia Bia\u0142ystok en direct.<\/p>\n<p>Le RC Strasbourg poursuit sa belle aventure europ\u00e9enne en Conference League. Apr\u00e8s avoir dompt\u00e9 le Slovan Bratislava (2-1) lors de la premi\u00e8re journ\u00e9e, le Racing retrouve son public pour un deuxi\u00e8me acte important face au Jagiellonia Bia\u0142ystok, surprenant leader du championnat polonais. Les Alsaciens arrivent gonfl\u00e9s \u00e0 bloc apr\u00e8s leur nul spectaculaire face au Paris-Saint-Germain (3-3) en Ligue 1, preuve d\u2019un collectif en plein progr\u00e8s. Port\u00e9s par un Joaquin Panichelli en pleine forme et auteur d\u00e9j\u00e0 de sept buts cette saison, les hommes du coach anglais semblent avoir trouv\u00e9 le bon \u00e9quilibre sur tous les plans de jeu. Mais l\u2019adversaire du soir n\u2019est pas \u00e0 sous-estimer. Le club polonais reste sur une victoire solide en Coupe d\u2019Europe contre Hamrun (1-0) et aborde cette rencontre avec l&rsquo;envie de surprendre face \u00e0 un bon \u00e9l\u00e8ve de ligue 1. \u00c0 la Meinau, l\u2019ambiance promet d\u2019\u00eatre bouillante, entre ferveur populaire et envie de voir Strasbourg s\u2019affirmer un peu plus sur la sc\u00e8ne europ\u00e9enne.<\/p>\n<p>                        Diffusion Strasbourg &#8211; Jagiellonia Bia\u0142ystok : \u00e0 quelle heure et sur quelle cha\u00eene voir le match<\/p>\n<p><b>Le match entre Strasbourg et Jagiellonia Bia\u0142ystok aura lieu ce jeudi 23 octobre \u00e0 18h45<\/b>, dans le cadre de la deuxi\u00e8me journ\u00e9e de la Ligue Europa Conf\u00e9rence. <a href=\"https:\/\/action.metaffiliation.com\/trk.php?mclic=P4F53157BCF91561\" rel=\"nofollow noopener\" target=\"_blank\">La rencontre sera diffus\u00e9e en direct sur CANAL+ SPORT, et disponible en streaming via myCANAL<\/a>. Un rendez-vous crucial pour le Racing Club de Strasbourg, qui vise une deuxi\u00e8me victoire cons\u00e9cutive afin de consolider sa place en t\u00eate du groupe et r\u00eaver un peu plus d\u2019un printemps europ\u00e9en \u00e0 la Meinau.<\/p>\n<p>  <a class=\"cta\" href=\"https:\/\/action.metaffiliation.com\/trk.php?mclic=P4F53157BCF91561\" rel=\"nofollow noopener\" target=\"_blank\"><br \/>\n    Cliquez ici pour profiter de l&rsquo;offre CANAL+<br \/>\n  <\/a><\/p>\n<p>Chaque jour, nous \u00e9pluchons en toute ind\u00e9pendance les meilleures offres et r\u00e9ductions disponibles sur le web pour vous proposer les bons plans les plus int\u00e9ressants. Pour \u00e9valuer la pertinence d\u2019un bon plan, nous v\u00e9rifions notamment l\u2019historique des prix et veillons \u00e0 vous recommander les boutiques en ligne proposant les meilleures garanties.<\/p>\n<p>Certains liens peuvent g\u00e9n\u00e9rer une commission pour T\u00e9l\u00e9-Loisirs. Les prix sont mentionn\u00e9s \u00e0 titre indicatif et sont susceptibles d&rsquo;\u00e9voluer.<\/p>\n","protected":false},"excerpt":{"rendered":"Le Racing Club de Strasbourg retrouve l\u2019Europe avec l\u2019envie de poursuivre sur sa belle dynamique. Invaincus depuis trois&hellip;\n","protected":false},"author":2,"featured_media":483990,"comment_status":"","ping_status":"","sticky":false,"template":"","format":"standard","meta":{"footnotes":""},"categories":[2820],"tags":[1111,11,244,1777,674,2257,63,1011,27,775,12,25,517,640,128],"class_list":{"0":"post-483989","1":"post","2":"type-post","3":"status-publish","4":"format-standard","5":"has-post-thumbnail","7":"category-strasbourg","8":"tag-actu","9":"tag-actualites","10":"tag-commentaire","11":"tag-eu","12":"tag-europe","13":"tag-foot","14":"tag-football","15":"tag-fr","16":"tag-france","17":"tag-grand-est","18":"tag-news","19":"tag-republique-francaise","20":"tag-sport","21":"tag-strasbourg","22":"tag-streaming"},"share_on_mastodon":{"url":"https:\/\/pubeurope.com\/@fr\/115422698226828452","error":""},"_links":{"self":[{"href":"https:\/\/www.europesays.com\/fr\/wp-json\/wp\/v2\/posts\/483989","targetHints":{"allow":["GET"]}}],"collection":[{"href":"https:\/\/www.europesays.com\/fr\/wp-json\/wp\/v2\/posts"}],"about":[{"href":"https:\/\/www.europesays.com\/fr\/wp-json\/wp\/v2\/types\/post"}],"author":[{"embeddable":true,"href":"https:\/\/www.europesays.com\/fr\/wp-json\/wp\/v2\/users\/2"}],"replies":[{"embeddable":true,"href":"https:\/\/www.europesays.com\/fr\/wp-json\/wp\/v2\/comments?post=483989"}],"version-history":[{"count":0,"href":"https:\/\/www.europesays.com\/fr\/wp-json\/wp\/v2\/posts\/483989\/revisions"}],"wp:featuredmedia":[{"embeddable":true,"href":"https:\/\/www.europesays.com\/fr\/wp-json\/wp\/v2\/media\/483990"}],"wp:attachment":[{"href":"https:\/\/www.europesays.com\/fr\/wp-json\/wp\/v2\/media?parent=483989"}],"wp:term":[{"taxonomy":"category","embeddable":true,"href":"https:\/\/www.europesays.com\/fr\/wp-json\/wp\/v2\/categories?post=483989"},{"taxonomy":"post_tag","embeddable":true,"href":"https:\/\/www.europesays.com\/fr\/wp-json\/wp\/v2\/tags?post=483989"}],"curies":[{"name":"wp","href":"https:\/\/api.w.org\/{rel}","templated":true}]}}