{"id":484005,"date":"2025-10-23T09:16:09","date_gmt":"2025-10-23T09:16:09","guid":{"rendered":"https:\/\/www.europesays.com\/fr\/484005\/"},"modified":"2025-10-23T09:16:09","modified_gmt":"2025-10-23T09:16:09","slug":"autoroute-castres-toulouse-un-proche-delisabeth-borne-nomme-prefet-du-tarn","status":"publish","type":"post","link":"https:\/\/www.europesays.com\/fr\/484005\/","title":{"rendered":"Autoroute Castres &#8211; Toulouse : un proche d&rsquo;\u00c9lisabeth Borne nomm\u00e9 pr\u00e9fet du Tarn"},"content":{"rendered":"<p>            Par<br \/>\n        <strong><br \/>\n            <a href=\"https:\/\/actu.fr\/auteur\/hodumez\" title=\"Consulter tous les articles de Hugues-Olivier Dumez\" target=\"_blank\" rel=\"noopener\">Hugues-Olivier Dumez<\/a><br \/>\n        <\/strong><\/p>\n<p>        Publi\u00e9 le<\/p>\n<p>            23 oct. 2025 \u00e0 11h02        <\/p>\n<p>Jeu de chaise musicale. Le Conseil des ministres s\u2019est r\u00e9uni, <strong>mercredi 22\u00a0octobre 2025<\/strong>, sous la pr\u00e9sidence du chef de l\u2019\u00c9tat, et a adopt\u00e9 plusieurs mesures d\u2019ordre individuel. Ancien conseiller d\u2019<strong>\u00c9lisabeth Borne<\/strong> \u00e0 <strong>Matignon<\/strong>, entre\u00a02022 et\u00a02023, <strong>Simon Bertoux<\/strong> est nomm\u00e9 pr\u00e9fet du <strong>Tarn<\/strong>, en remplacement de <a href=\"https:\/\/actu.fr\/societe\/le-prefet-du-tarn-laurent-buchaillat-quitte-ses-fonctions-seulement-un-an-apres-son-arrivee_63301182.html\" target=\"_blank\" rel=\"noopener\">Laurent Buchaillat<\/a>.\u00a0\u00c2g\u00e9 de 43\u00a0ans, Simon Bertoux \u00e9tait jusque-l\u00e0 pr\u00e9fet de l\u2019<strong>Ari\u00e8ge<\/strong>.<\/p>\n<p class=\" wall-content\">De son c\u00f4t\u00e9, <strong>Herv\u00e9 Brabant<\/strong> est nomm\u00e9 pr\u00e9fet de l\u2019Ari\u00e8ge. Il \u00e9tait auparavant directeur d\u00e9partemental des finances publiques de la Manche. Les dates officielles de leurs prises de fonction n\u2019ont pas encore \u00e9t\u00e9 communiqu\u00e9es.<\/p>\n<p>Un dossier sensible<\/p>\n<p class=\" wall-content\">Avec l\u2019arriv\u00e9e prochaine de la controvers\u00e9e <strong>A69<\/strong> entre <strong>Castres<\/strong> et <strong>Toulouse<\/strong>, l\u2019ancien pr\u00e9fet de l\u2019Ari\u00e8ge, Simon Bertoux, aura du pain sur la planche. Il y a plusieurs semaines, des \u00ab\u2009commandos\u2009\u00bb avaient \u00e9t\u00e9 recrut\u00e9s pour intimider les opposants au chantier. Ils avaient asperg\u00e9 de liquide inflammable et gaz lacrymog\u00e8nes des militants engag\u00e9s dans la lutte contre le chantier de l\u2019autoroute entre Castres et Toulouse et lanc\u00e9 des cocktails molotov sur leurs tentes ou v\u00e9hicules.<\/p>\n<p class=\" wall-content\">La mise en service de l\u2019A69 est pr\u00e9vue \u00ab\u2009d\u00e9but 2026\u2009\u00bb pour la partie g\u00e9r\u00e9e par Vinci Autoroutes \u2014 <a href=\"https:\/\/actu.fr\/occitanie\/verfeil_31573\/pres-de-toulouse-cette-autoroute-va-bientot-changer-de-nom-voici-ce-que-ca-implique_63266039.html#:~:text=La%20mise%20en%20service%20de,ce%20concessionnaire%20en%20juin%20dernier.\" target=\"_blank\" rel=\"noopener\">comprenant le nouvel \u00e9changeur de Verfeil<\/a> \u2014 et \u00ab\u2009au deuxi\u00e8me semestre 2026\u2009\u00bb pour celle construite par Atosca, avait indiqu\u00e9 ce concessionnaire en juin dernier.<\/p>\n<p class=\" wall-content\">Personnalisez votre actualit\u00e9 en ajoutant vos villes et m\u00e9dias en favori avec <a href=\"https:\/\/moncompte.actu.fr\" title=\"D\u00e9couvez Mon Actu\" rel=\"nofollow noopener\" data-trk=\"{&quot;cta&quot;:{&quot;action&quot;:&quot;https:\\\/\\\/moncompte.actu.fr&quot;,&quot;category&quot;:&quot;mon compte&quot;,&quot;from&quot;:&quot;article footer&quot;,&quot;name&quot;:&quot;Mon actu&quot;,&quot;type&quot;:&quot;cta&quot;}}\" target=\"_blank\">Mon Actu<\/a>.<\/p>\n","protected":false},"excerpt":{"rendered":"Par Hugues-Olivier Dumez Publi\u00e9 le 23 oct. 2025 \u00e0 11h02 Jeu de chaise musicale. Le Conseil des ministres&hellip;\n","protected":false},"author":2,"featured_media":484006,"comment_status":"","ping_status":"","sticky":false,"template":"","format":"standard","meta":{"footnotes":""},"categories":[2816],"tags":[1111,11,5728,1777,674,1011,27,12,2680,25,104,2312],"class_list":{"0":"post-484005","1":"post","2":"type-post","3":"status-publish","4":"format-standard","5":"has-post-thumbnail","7":"category-toulouse","8":"tag-actu","9":"tag-actualites","10":"tag-autoroute-castres-toulouse-a69","11":"tag-eu","12":"tag-europe","13":"tag-fr","14":"tag-france","15":"tag-news","16":"tag-occitanie","17":"tag-republique-francaise","18":"tag-societe","19":"tag-toulouse"},"share_on_mastodon":{"url":"https:\/\/pubeurope.com\/@fr\/115422729686784345","error":""},"_links":{"self":[{"href":"https:\/\/www.europesays.com\/fr\/wp-json\/wp\/v2\/posts\/484005","targetHints":{"allow":["GET"]}}],"collection":[{"href":"https:\/\/www.europesays.com\/fr\/wp-json\/wp\/v2\/posts"}],"about":[{"href":"https:\/\/www.europesays.com\/fr\/wp-json\/wp\/v2\/types\/post"}],"author":[{"embeddable":true,"href":"https:\/\/www.europesays.com\/fr\/wp-json\/wp\/v2\/users\/2"}],"replies":[{"embeddable":true,"href":"https:\/\/www.europesays.com\/fr\/wp-json\/wp\/v2\/comments?post=484005"}],"version-history":[{"count":0,"href":"https:\/\/www.europesays.com\/fr\/wp-json\/wp\/v2\/posts\/484005\/revisions"}],"wp:featuredmedia":[{"embeddable":true,"href":"https:\/\/www.europesays.com\/fr\/wp-json\/wp\/v2\/media\/484006"}],"wp:attachment":[{"href":"https:\/\/www.europesays.com\/fr\/wp-json\/wp\/v2\/media?parent=484005"}],"wp:term":[{"taxonomy":"category","embeddable":true,"href":"https:\/\/www.europesays.com\/fr\/wp-json\/wp\/v2\/categories?post=484005"},{"taxonomy":"post_tag","embeddable":true,"href":"https:\/\/www.europesays.com\/fr\/wp-json\/wp\/v2\/tags?post=484005"}],"curies":[{"name":"wp","href":"https:\/\/api.w.org\/{rel}","templated":true}]}}