{"id":484007,"date":"2025-10-23T09:17:09","date_gmt":"2025-10-23T09:17:09","guid":{"rendered":"https:\/\/www.europesays.com\/fr\/484007\/"},"modified":"2025-10-23T09:17:09","modified_gmt":"2025-10-23T09:17:09","slug":"un-accident-cree-un-bouchon-de-plusieurs-kilometres-vers-lille","status":"publish","type":"post","link":"https:\/\/www.europesays.com\/fr\/484007\/","title":{"rendered":"un accident cr\u00e9e un bouchon de plusieurs kilom\u00e8tres vers Lille"},"content":{"rendered":"<p>            Par<br \/>\n        <strong><br \/>\n            <a href=\"https:\/\/actu.fr\/auteur\/amandine-vachez\" title=\"Consulter tous les articles de Amandine Vachez\" target=\"_blank\" rel=\"noopener\">Amandine Vachez<\/a><br \/>\n        <\/strong><\/p>\n<p>        Publi\u00e9 le<\/p>\n<p>            23 oct. 2025 \u00e0 11h05<br \/>\n        ; mis \u00e0 jour le 23 oct. 2025 \u00e0 11h14    <\/p>\n<p>Ce <b>jeudi 23\u00a0octobre 2025<\/b>, jour du passage de la <a href=\"https:\/\/actu.fr\/faits-divers\/vitesses-limitees-parcs-fermes-la-tempete-benjamin-sabat-sur-le-nord-et-le-pas-de-calais_63339580.html\" target=\"_blank\" rel=\"noopener\">temp\u00eate Benjamin sur le territoire<\/a>, class\u00e9 en <b>vigilance orange<\/b>, un <a href=\"https:\/\/actu.fr\/tag\/accident\" target=\"_blank\" rel=\"noopener\">accident<\/a> est survenu sur l\u2019<b>autoroute A1<\/b>, au niveau de<b> Lesquin<\/b> (Nord). <b>Plusieurs kilom\u00e8tres de bouchons<\/b> sont signal\u00e9s aux abords de <a href=\"https:\/\/actu.fr\/lille\" target=\"_blank\" rel=\"noopener\">Lille<\/a>.<\/p>\n<p>Un accident entre trois voitures, dans le sens Paris vers Lille<\/p>\n<p class=\" wall-content\">La cellule vigilance routi\u00e8re de la pr\u00e9fecture annonce, peu avant 11\u2009h qu\u2019un accident a eu lieu ce jeudi sur l\u2019autoroute A1, dans le sens Paris vers Lille, \u00e0 Lesquin, au niveau PR 206 +\u00a0600. <b>Trois voitures sont impliqu\u00e9es.<\/b><\/p>\n<p class=\" wall-content\">La circulation s\u2019effectue uniquement sur la voie de gauche, pr\u00e9cise la pr\u00e9fecture.<\/p>\n<p class=\" wall-content\">Un <b>bouchon de 5\u00a0km, en augmentation<\/b>, s\u2019est form\u00e9 en amont de cet accident.<\/p>\n<p class=\" wall-content\">Le secteur est \u00e0 \u00e9viter dans la mesure du possible.<\/p>\n<p class=\" wall-content\">Prochain point selon \u00e9volution.<\/p>\n<p class=\" wall-content\">Personnalisez votre actualit\u00e9 en ajoutant vos villes et m\u00e9dias en favori avec <a href=\"https:\/\/moncompte.actu.fr\" title=\"D\u00e9couvez Mon Actu\" rel=\"nofollow noopener\" data-trk=\"{&quot;cta&quot;:{&quot;action&quot;:&quot;https:\\\/\\\/moncompte.actu.fr&quot;,&quot;category&quot;:&quot;mon compte&quot;,&quot;from&quot;:&quot;article footer&quot;,&quot;name&quot;:&quot;Mon actu&quot;,&quot;type&quot;:&quot;cta&quot;}}\" target=\"_blank\">Mon Actu<\/a>.<\/p>\n","protected":false},"excerpt":{"rendered":"Par Amandine Vachez Publi\u00e9 le 23 oct. 2025 \u00e0 11h05 ; mis \u00e0 jour le 23 oct. 2025&hellip;\n","protected":false},"author":2,"featured_media":484008,"comment_status":"","ping_status":"","sticky":false,"template":"","format":"standard","meta":{"footnotes":""},"categories":[2815],"tags":[119,1111,11,9904,3542,1777,674,118,1011,27,811,1307,12,25],"class_list":{"0":"post-484007","1":"post","2":"type-post","3":"status-publish","4":"format-standard","5":"has-post-thumbnail","7":"category-lille","8":"tag-accident","9":"tag-actu","10":"tag-actualites","11":"tag-autoroute-1-a1","12":"tag-circulation","13":"tag-eu","14":"tag-europe","15":"tag-faits-divers","16":"tag-fr","17":"tag-france","18":"tag-hauts-de-france","19":"tag-lille","20":"tag-news","21":"tag-republique-francaise"},"share_on_mastodon":{"url":"https:\/\/pubeurope.com\/@fr\/115422734529498729","error":""},"_links":{"self":[{"href":"https:\/\/www.europesays.com\/fr\/wp-json\/wp\/v2\/posts\/484007","targetHints":{"allow":["GET"]}}],"collection":[{"href":"https:\/\/www.europesays.com\/fr\/wp-json\/wp\/v2\/posts"}],"about":[{"href":"https:\/\/www.europesays.com\/fr\/wp-json\/wp\/v2\/types\/post"}],"author":[{"embeddable":true,"href":"https:\/\/www.europesays.com\/fr\/wp-json\/wp\/v2\/users\/2"}],"replies":[{"embeddable":true,"href":"https:\/\/www.europesays.com\/fr\/wp-json\/wp\/v2\/comments?post=484007"}],"version-history":[{"count":0,"href":"https:\/\/www.europesays.com\/fr\/wp-json\/wp\/v2\/posts\/484007\/revisions"}],"wp:featuredmedia":[{"embeddable":true,"href":"https:\/\/www.europesays.com\/fr\/wp-json\/wp\/v2\/media\/484008"}],"wp:attachment":[{"href":"https:\/\/www.europesays.com\/fr\/wp-json\/wp\/v2\/media?parent=484007"}],"wp:term":[{"taxonomy":"category","embeddable":true,"href":"https:\/\/www.europesays.com\/fr\/wp-json\/wp\/v2\/categories?post=484007"},{"taxonomy":"post_tag","embeddable":true,"href":"https:\/\/www.europesays.com\/fr\/wp-json\/wp\/v2\/tags?post=484007"}],"curies":[{"name":"wp","href":"https:\/\/api.w.org\/{rel}","templated":true}]}}