{"id":484009,"date":"2025-10-23T09:18:20","date_gmt":"2025-10-23T09:18:20","guid":{"rendered":"https:\/\/www.europesays.com\/fr\/484009\/"},"modified":"2025-10-23T09:18:20","modified_gmt":"2025-10-23T09:18:20","slug":"la-culture-a-laffiche-en-novembre-actualites","status":"publish","type":"post","link":"https:\/\/www.europesays.com\/fr\/484009\/","title":{"rendered":"La culture \u00e0 l&rsquo;affiche en novembre \/ Actualit\u00e9s"},"content":{"rendered":"<p>La quatri\u00e8me \u00e9dition des <strong>Enfants \u00e0 l\u2019\u0153uvre<\/strong> offrira aux plus jeunes un espace\u00a0d\u2019expression autour de leurs droits, stimulant \u00e0 la fois leur imagination et leur\u00a0r\u00e9flexion. Le <strong>Festival des Solidarit\u00e9s internationale<\/strong>s r\u00e9unira quant \u00e0 lui les\u00a0forces vives autour des enjeux d\u2019un monde plus juste et durable.<\/p>\n<p>Parce qu\u2019\u00e0 Lille la culture se vit aussi dans l\u2019assiette, le <strong>Concours international\u00a0<\/strong><strong>du Welsh<\/strong> \u00ab\u00a0Welsh Fest\u00a0\u00bb\u00a0promet un week-end aussi convivial que gourmand.<\/p>\n<p>C\u00f4t\u00e9 sc\u00e8ne,\u00a0le Flow et Le Grand Sud accueilleront les <strong>Hip Hop Games<\/strong>, un festival mettant\u00a0\u00e0 l\u2019honneur les meilleurs danseurs de la r\u00e9gion.<\/p>\n<p>Ce mois de novembre s\u2019annonce riche en d\u00e9couvertes, et la brochure\u00a0\u00c0 l\u2019affiche vous en propose un aper\u00e7u complet.<\/p>\n<p><strong>Chaque mois, l&rsquo;agenda \u00ab\u00a0\u00c0 l\u2019affiche\u00a0\u00bb vous guide \u00e0 travers la programmation riche et inspirante de la culture lilloise !<\/strong><\/p>\n<p>Nos coups de c\u0153urExpo :\u00a0Peas in a Pod<\/p>\n<p><strong>Jusqu&rsquo;au 20 d\u00e9cembre\u00a0&#8211; Th\u00e9\u00e2tre du Nord<\/strong><\/p>\n<p>            <img src-full=\"\/var\/www\/storage\/images\/mediatheque\/mairie-de-lille\/images-openagenda\/peas-in-a-pod\/3835284-1-fre-FR\/Peas-in-a-Pod.jpg\" width=\"320\" height=\"213\" alt=\"Peas in a Pod*\" title=\"Peas in a Pod*\" class=\"align-\"\/>\n    <\/p>\n<p>L\u2019Institut pour la photographie investit\u00a0le Th\u00e9\u00e2tre du Nord pour pr\u00e9senter Peas\u00a0in a Pod*. La photographe originaire\u00a0du Nigeria Rachel Seidu explore les\u00a0th\u00e9matiques de genre, de l\u2019intimit\u00e9\u00a0et de la sexualit\u00e9. L\u2019Institut pour\u00a0la photographie lui a\u00a0propos\u00e9 une\u00a0r\u00e9sidence artistique pour rencontrer la\u00a0communaut\u00e9 queer lilloise.<\/p>\n<p>&gt;\u00a0<a href=\"https:\/\/www.lille.fr\/Evenements\/Peas-in-a-Pod\" target=\"_blank\" class=\"lien_interne\" rel=\"noopener\">Plus d&rsquo;infos<\/a><\/p>\n<p>Expo : Les enfants \u00e0 l&rsquo;\u0153uvre<\/p>\n<p><strong>Du 5 novembre au 7 d\u00e9cembre &#8211; Maison Folie Wazemmes<\/strong><\/p>\n<p>Des\u00a0jeunes Lillois, Hellemmois et Lommois\u00a0de CM1 CM2 et du p\u00e9riscolaire (soit\u00a0plus de 700 enfants en tout !) cr\u00e9ent\u00a0leurs \u0153uvres avec des artistes, afin\u00a0d\u2019\u00eatre sensibilis\u00e9s \u00e0 leurs propres droits.\u00a0Venez d\u00e9couvrir leurs r\u00e9alisations, qui\u00a0c\u00e9l\u00e8brent la convention internationale\u00a0des droits de l&rsquo;enfant.<\/p>\n<p>&gt;\u00a0<a href=\"https:\/\/www.lille.fr\/Evenements\/Les-enfants-a-l-oeuvre3\" target=\"_blank\" class=\"lien_interne\" rel=\"noopener\">Plus d&rsquo;infos<\/a><\/p>\n<p>Festival des Solidarit\u00e9s internationales<\/p>\n<p><strong>Du 19 au 23 novembre\u00a0&#8211; Grand Bleu et autres lieux<\/strong><\/p>\n<p>Chaque ann\u00e9e au mois de novembre,\u00a0la Ville de Lille et un collectif d&rsquo;une\u00a0cinquantaine de structures vous donnent\u00a0rendez-vous pour vivre la\u00a0solidarit\u00e9\u00a0internationale. Au programme, en cinq\u00a0jours : des films, des rencontres, des\u00a0spectacles ou encore des ateliers seront\u00a0propos\u00e9s dans toute la ville. Venez vivre\u00a0le th\u00e8me de cette ann\u00e9e : \u00ab une \u00e9nergie\u00a0collective pour un mode durable \u00bb.<\/p>\n<p>&gt;\u00a0<a href=\"https:\/\/www.lille.fr\/Votre-Mairie\/Les-relations-internationales\/Festival-des-Solidarites-Internationales2\" target=\"_blank\" class=\"lien_interne\" rel=\"noopener\">Plus d&rsquo;infos<\/a><\/p>\n<p>Hip Hop Games Festival<\/p>\n<p><strong>Du 21 au 23 novembre\u00a0&#8211; Flow et\u00a0Grand Sud<\/strong><\/p>\n<p>D\u00e9couvrez les \u00e9preuves mythiques du\u00a0Hip Hop Games Festival\u00a0o\u00f9 improvisation rime avec\u00a0performance collective ! Le lancement\u00a0de la comp\u00e9tition se d\u00e9roulera avec\u00a0les improvisations embl\u00e9matiques.<\/p>\n<p>Pens\u00e9e comme un v\u00e9ritable terrain de\u00a0jeu sc\u00e9nique, cette journ\u00e9e place les\u00a0danseurs au c\u0153ur d\u2019un dispositif cr\u00e9atif\u00a0et interactif, avec l\u2019implication du public.\u00a0Chacun pourra voter pour son \u00e9quipe\u00a0coup de c\u0153ur \u00e0 l\u2019issue de chaque\u00a0\u00e9preuve.<\/p>\n<p>&gt;\u00a0<a href=\"https:\/\/www.lille.fr\/Evenements\/Week-end-Les-Jeux-de-la-Danse-Hip-Hop-Games-Festival-2025\" target=\"_blank\" class=\"lien_interne\" rel=\"noopener\">Plus d&rsquo;infos<\/a><\/p>\n<p>Body Territory<\/p>\n<p><strong>Vendredi 28 novembre &#8211; Le Prato<\/strong><\/p>\n<p>Un western f\u00e9ministe, entre cirque\u00a0et th\u00e9\u00e2tre, pour se donner la libert\u00e9\u00a0d\u2019imaginer les \u00e9chappatoires, les\u00a0\u00e9mancipations, les r\u00e9parations\u00a0collectives n\u00e9cessaires au futur\u00a0\u00e0 construire.<\/p>\n<p>Body Territory (Cie\u00a0Betterland), c\u2019est le corps en tant que\u00a0territoire, notre premier, peut-\u00eatre\u00a0unique territoire. Un territoire dans\u00a0lequel se sont inscrites des\u00a0injustices\u00a0depuis des g\u00e9n\u00e9rations, celles de nos\u00a0mamies dont les paroles n\u2019ont pas pu\u00a0se lib\u00e9rer. Un spectacle pour pouvoir\u00a0rendre gaiement hommage et justice \u00e0\u00a0ces histoires de vie, souvent ignor\u00e9es,\u00a0avec humilit\u00e9 mais aussi d\u00e9rision. Parce\u00a0que rire, c\u2019est d\u00e9j\u00e0 gagner une bataille.<\/p>\n<p>&gt;\u00a0<a href=\"https:\/\/www.lille.fr\/Evenements\/Body-Territory-Cie-Betterland\" target=\"_blank\" class=\"lien_interne\" rel=\"noopener\">Plus d&rsquo;infos<\/a><\/p>\n<p>\u00c0 l&rsquo;affiche : novembre 2025               <\/p>\n<p>Si vous ne parvenez pas \u00e0 consulter le document, connectez-vous depuis un ordinateur de bureau.<\/p>\n","protected":false},"excerpt":{"rendered":"La quatri\u00e8me \u00e9dition des Enfants \u00e0 l\u2019\u0153uvre offrira aux plus jeunes un espace\u00a0d\u2019expression autour de leurs droits, stimulant&hellip;\n","protected":false},"author":2,"featured_media":484010,"comment_status":"","ping_status":"","sticky":false,"template":"","format":"standard","meta":{"footnotes":""},"categories":[2815],"tags":[1111,11,4763,1777,674,1011,27,811,1307,5415,12,25],"class_list":{"0":"post-484009","1":"post","2":"type-post","3":"status-publish","4":"format-standard","5":"has-post-thumbnail","7":"category-lille","8":"tag-actu","9":"tag-actualites","10":"tag-agenda","11":"tag-eu","12":"tag-europe","13":"tag-fr","14":"tag-france","15":"tag-hauts-de-france","16":"tag-lille","17":"tag-mairie","18":"tag-news","19":"tag-republique-francaise"},"share_on_mastodon":{"url":"https:\/\/pubeurope.com\/@fr\/115422737415310268","error":""},"_links":{"self":[{"href":"https:\/\/www.europesays.com\/fr\/wp-json\/wp\/v2\/posts\/484009","targetHints":{"allow":["GET"]}}],"collection":[{"href":"https:\/\/www.europesays.com\/fr\/wp-json\/wp\/v2\/posts"}],"about":[{"href":"https:\/\/www.europesays.com\/fr\/wp-json\/wp\/v2\/types\/post"}],"author":[{"embeddable":true,"href":"https:\/\/www.europesays.com\/fr\/wp-json\/wp\/v2\/users\/2"}],"replies":[{"embeddable":true,"href":"https:\/\/www.europesays.com\/fr\/wp-json\/wp\/v2\/comments?post=484009"}],"version-history":[{"count":0,"href":"https:\/\/www.europesays.com\/fr\/wp-json\/wp\/v2\/posts\/484009\/revisions"}],"wp:featuredmedia":[{"embeddable":true,"href":"https:\/\/www.europesays.com\/fr\/wp-json\/wp\/v2\/media\/484010"}],"wp:attachment":[{"href":"https:\/\/www.europesays.com\/fr\/wp-json\/wp\/v2\/media?parent=484009"}],"wp:term":[{"taxonomy":"category","embeddable":true,"href":"https:\/\/www.europesays.com\/fr\/wp-json\/wp\/v2\/categories?post=484009"},{"taxonomy":"post_tag","embeddable":true,"href":"https:\/\/www.europesays.com\/fr\/wp-json\/wp\/v2\/tags?post=484009"}],"curies":[{"name":"wp","href":"https:\/\/api.w.org\/{rel}","templated":true}]}}