{"id":484011,"date":"2025-10-23T09:19:11","date_gmt":"2025-10-23T09:19:11","guid":{"rendered":"https:\/\/www.europesays.com\/fr\/484011\/"},"modified":"2025-10-23T09:19:11","modified_gmt":"2025-10-23T09:19:11","slug":"record-battu-durant-la-5e-soiree-de-gala","status":"publish","type":"post","link":"https:\/\/www.europesays.com\/fr\/484011\/","title":{"rendered":"record battu durant la 5e soir\u00e9e de gala"},"content":{"rendered":"\n<p>La 5e soir\u00e9e de gala de la Ligue contre le cancer des Bouches-du-Rh\u00f4ne, organis\u00e9e le 9\u00a0octobre dans les Salons d\u2019honneur de la pr\u00e9fecture de Marseille et rassemblant les donateurs autour d\u2019un d\u00eener gastronomique orchestr\u00e9 par 11\u00a0chefs de l\u2019association \u00ab\u00a0La Petite Lili\u00a0\u00bb, d\u2019une vente aux ench\u00e8res caritative anim\u00e9e par la Maison R&amp;C, et d\u2019une tombola solidaire, a permis de r\u00e9colter 130\u00a0000 euros pour la recherche contre le cancer du sein. Les fonds collect\u00e9s seront int\u00e9gralement revers\u00e9s \u00e0 deux programmes men\u00e9s \u00e0 Marseille. Celui de l\u2019\u00e9quipe du Pr Emmanuelle Charafe et du Dr Christophe Ginestier \u00e0 Le Centre de Recherche en Canc\u00e9rologie de Marseille (CRCM) qui explore le potentiel d\u2019un antibiotique existant comme nouvelle arme th\u00e9rapeutique contre certains cancers du sein. Et celui de l\u2019\u00e9quipe du Dr Julien Mancini qui m\u00e8ne une \u00e9tude en sant\u00e9 publique et sciences humaines sur les trajectoires d\u2019adh\u00e9sion \u00e0 l\u2019hormonoth\u00e9rapie et les facteurs socio-\u00e9conomiques influen\u00e7ant la poursuite des traitements.<\/p>\n","protected":false},"excerpt":{"rendered":"La 5e soir\u00e9e de gala de la Ligue contre le cancer des Bouches-du-Rh\u00f4ne, organis\u00e9e le 9\u00a0octobre dans les&hellip;\n","protected":false},"author":2,"featured_media":484012,"comment_status":"","ping_status":"","sticky":false,"template":"","format":"standard","meta":{"footnotes":""},"categories":[2814],"tags":[1111,11,60733,1777,674,1011,27,884,12,882,25],"class_list":{"0":"post-484011","1":"post","2":"type-post","3":"status-publish","4":"format-standard","5":"has-post-thumbnail","7":"category-marseille","8":"tag-actu","9":"tag-actualites","10":"tag-campagne-de-dons","11":"tag-eu","12":"tag-europe","13":"tag-fr","14":"tag-france","15":"tag-marseille","16":"tag-news","17":"tag-provence-alpes-cote-dazur","18":"tag-republique-francaise"},"share_on_mastodon":{"url":"","error":""},"_links":{"self":[{"href":"https:\/\/www.europesays.com\/fr\/wp-json\/wp\/v2\/posts\/484011","targetHints":{"allow":["GET"]}}],"collection":[{"href":"https:\/\/www.europesays.com\/fr\/wp-json\/wp\/v2\/posts"}],"about":[{"href":"https:\/\/www.europesays.com\/fr\/wp-json\/wp\/v2\/types\/post"}],"author":[{"embeddable":true,"href":"https:\/\/www.europesays.com\/fr\/wp-json\/wp\/v2\/users\/2"}],"replies":[{"embeddable":true,"href":"https:\/\/www.europesays.com\/fr\/wp-json\/wp\/v2\/comments?post=484011"}],"version-history":[{"count":0,"href":"https:\/\/www.europesays.com\/fr\/wp-json\/wp\/v2\/posts\/484011\/revisions"}],"wp:featuredmedia":[{"embeddable":true,"href":"https:\/\/www.europesays.com\/fr\/wp-json\/wp\/v2\/media\/484012"}],"wp:attachment":[{"href":"https:\/\/www.europesays.com\/fr\/wp-json\/wp\/v2\/media?parent=484011"}],"wp:term":[{"taxonomy":"category","embeddable":true,"href":"https:\/\/www.europesays.com\/fr\/wp-json\/wp\/v2\/categories?post=484011"},{"taxonomy":"post_tag","embeddable":true,"href":"https:\/\/www.europesays.com\/fr\/wp-json\/wp\/v2\/tags?post=484011"}],"curies":[{"name":"wp","href":"https:\/\/api.w.org\/{rel}","templated":true}]}}