{"id":484015,"date":"2025-10-23T09:21:14","date_gmt":"2025-10-23T09:21:14","guid":{"rendered":"https:\/\/www.europesays.com\/fr\/484015\/"},"modified":"2025-10-23T09:21:14","modified_gmt":"2025-10-23T09:21:14","slug":"que-faire-a-lyon-ce-week-end-du-24-25-et-26-octobre","status":"publish","type":"post","link":"https:\/\/www.europesays.com\/fr\/484015\/","title":{"rendered":"Que faire \u00e0 Lyon ce week-end du 24, 25 et 26 octobre ?"},"content":{"rendered":"<p itemprop=\"description\"><strong>D\u00e9couvrez nos 3 bons plans pour ce week-end.<\/strong><\/p>\n<p><strong>Grande vente de plantes<\/strong><\/p>\n<p>A l\u2019occasion du festival Airt de Famille, le concept Plantes pour tous s\u2019installe sur les toits de Perrache pendant trois jours. Plus de 150 vari\u00e9t\u00e9s de plantes \u00e0 prix mini seront propos\u00e9es de vendredi \u00e0 dimanche avec \u00e9galement une s\u00e9lection de terreaux, de pots et de cache-pots. Entr\u00e9e conseill\u00e9e par les escalators Place Carnot (Lyon 2). Plus d\u2019informations <a href=\"https:\/\/www.facebook.com\/events\/797559629688096\/?acontext=%7B%22event_action_history%22%3A[%7B%22mechanism%22%3A%22discovery_local_tab%22%2C%22surface%22%3A%22bookmark%22%7D]%2C%22ref_notif_type%22%3Anull%7D\" target=\"_blank\" rel=\"noopener\">ici<\/a><\/p>\n<p><strong>Modestie market<\/strong><\/p>\n<p>Direction le 7e arrondissement de Lyon ce week-end pour le Modestie Market \u00e0 La Commune. La nouvelle \u00e9dition de ce march\u00e9 de cr\u00e9ateurs proposera des bijoux, des tatouages, des illustrations\u2026 Entr\u00e9e libre samedi et dimanche. Plus d\u2019informations <a href=\"https:\/\/www.facebook.com\/events\/1146303224117429\/?acontext=%7B%22event_action_history%22%3A[%7B%22mechanism%22%3A%22discovery_local_tab%22%2C%22surface%22%3A%22bookmark%22%7D]%2C%22ref_notif_type%22%3Anull%7D\" target=\"_blank\" rel=\"noopener\">ici<\/a><\/p>\n<p><strong>Courir pour les roses<\/strong><\/p>\n<p>Octobre rose se poursuit \u00e0 Lyon et dans le Rh\u00f4ne. L\u2019association des \u00e9tudiantes et des \u00e9tudiants sages-femmes de Lyon organise la nouvelle \u00e9dition de \u00ab\u00a0Courir pour les roses\u00a0\u00bb, son \u00e9v\u00e8nement solidaire dont les b\u00e9n\u00e9fices seront revers\u00e9s \u00e0 l\u2019association \u00ab\u00a0Vivre comme avant\u00a0\u00bb. Au programme : des courses et des marches de 3 km, 6 km et 9 km sans oublier des stands de pr\u00e9vention et une tombola. \u00c7a se passe au parc Beauregard \u00e0 Saint-Genis Laval ce dimanche \u00e0 partir de 9h. Plus d\u2019informations\u00a0<a href=\"https:\/\/www.facebook.com\/events\/2801622846695040\/?acontext=%7B%22event_action_history%22%3A[%7B%22mechanism%22%3A%22discovery_local_tab%22%2C%22surface%22%3A%22bookmark%22%7D]%2C%22ref_notif_type%22%3Anull%7D\" target=\"_blank\" rel=\"noopener\">ici<\/a><\/p>\n","protected":false},"excerpt":{"rendered":"D\u00e9couvrez nos 3 bons plans pour ce week-end. Grande vente de plantes A l\u2019occasion du festival Airt de&hellip;\n","protected":false},"author":2,"featured_media":484016,"comment_status":"","ping_status":"","sticky":false,"template":"","format":"standard","meta":{"footnotes":""},"categories":[1889],"tags":[1111,11,2813,2190,2430,1109,251,1112,2811,1777,674,118,1294,4651,1011,27,1922,1110,1114,2428,4903,4902,12,241,316,25,2812,517,800],"class_list":{"0":"post-484015","1":"post","2":"type-post","3":"status-publish","4":"format-standard","5":"has-post-thumbnail","7":"category-lyon","8":"tag-actu","9":"tag-actualites","10":"tag-article","11":"tag-asvel","12":"tag-auvergne-rhone-alpes","13":"tag-breves","14":"tag-culture","15":"tag-depeches","16":"tag-economique","17":"tag-eu","18":"tag-europe","19":"tag-faits-divers","20":"tag-femme","21":"tag-femmes","22":"tag-fr","23":"tag-france","24":"tag-info","25":"tag-informations","26":"tag-infos","27":"tag-lyon","28":"tag-lyonfemme","29":"tag-lyonfemmes","30":"tag-news","31":"tag-ol","32":"tag-politique","33":"tag-republique-francaise","34":"tag-sociale","35":"tag-sport","36":"tag-transports"},"share_on_mastodon":{"url":"https:\/\/pubeurope.com\/@fr\/115422749332209930","error":""},"_links":{"self":[{"href":"https:\/\/www.europesays.com\/fr\/wp-json\/wp\/v2\/posts\/484015","targetHints":{"allow":["GET"]}}],"collection":[{"href":"https:\/\/www.europesays.com\/fr\/wp-json\/wp\/v2\/posts"}],"about":[{"href":"https:\/\/www.europesays.com\/fr\/wp-json\/wp\/v2\/types\/post"}],"author":[{"embeddable":true,"href":"https:\/\/www.europesays.com\/fr\/wp-json\/wp\/v2\/users\/2"}],"replies":[{"embeddable":true,"href":"https:\/\/www.europesays.com\/fr\/wp-json\/wp\/v2\/comments?post=484015"}],"version-history":[{"count":0,"href":"https:\/\/www.europesays.com\/fr\/wp-json\/wp\/v2\/posts\/484015\/revisions"}],"wp:featuredmedia":[{"embeddable":true,"href":"https:\/\/www.europesays.com\/fr\/wp-json\/wp\/v2\/media\/484016"}],"wp:attachment":[{"href":"https:\/\/www.europesays.com\/fr\/wp-json\/wp\/v2\/media?parent=484015"}],"wp:term":[{"taxonomy":"category","embeddable":true,"href":"https:\/\/www.europesays.com\/fr\/wp-json\/wp\/v2\/categories?post=484015"},{"taxonomy":"post_tag","embeddable":true,"href":"https:\/\/www.europesays.com\/fr\/wp-json\/wp\/v2\/tags?post=484015"}],"curies":[{"name":"wp","href":"https:\/\/api.w.org\/{rel}","templated":true}]}}