{"id":484017,"date":"2025-10-23T09:22:13","date_gmt":"2025-10-23T09:22:13","guid":{"rendered":"https:\/\/www.europesays.com\/fr\/484017\/"},"modified":"2025-10-23T09:22:13","modified_gmt":"2025-10-23T09:22:13","slug":"pres-de-lyon-une-femme-plonge-dans-le-rhone-avec-sa-voiture-et-meurt-noyee","status":"publish","type":"post","link":"https:\/\/www.europesays.com\/fr\/484017\/","title":{"rendered":"Pr\u00e8s de Lyon. Une femme plonge dans le Rh\u00f4ne avec sa voiture et meurt noy\u00e9e"},"content":{"rendered":"<p>            Par<br \/>\n        <strong><br \/>\n            <a href=\"https:\/\/actu.fr\/auteur\/ludivine-caporal\" title=\"Consulter tous les articles de Ludivine Caporal\" rel=\"nofollow noopener\" target=\"_blank\">Ludivine Caporal<\/a><br \/>\n        <\/strong><\/p>\n<p>        Publi\u00e9 le<\/p>\n<p>            23 oct. 2025 \u00e0 11h13        <\/p>\n<p>Les faits se sont produits en fin de matin\u00e9e, ce mercredi 22\u00a0octobre, \u00e0 proximit\u00e9 de la Guinguette de la Traille <a href=\"https:\/\/actu.fr\/auvergne-rhone-alpes\/ampuis_69007\" rel=\"nofollow noopener\" target=\"_blank\">d\u2019Ampuis<\/a> (<a href=\"https:\/\/actu.fr\/auvergne-rhone-alpes\/rhone_69\" rel=\"nofollow noopener\" target=\"_blank\">Rh\u00f4ne<\/a>). Au volant de sa voiture, une femme \u00e2g\u00e9e d\u2019une cinquantaine d\u2019ann\u00e9es aurait volontairement plong\u00e9 dans le fleuve.<\/p>\n<p class=\" wall-content\">Malgr\u00e9 l\u2019alerte donn\u00e9e par plusieurs t\u00e9moins et l\u2019intervention rapide des secours puis de la gendarmerie, son corps sans vie a \u00e9t\u00e9 retrouv\u00e9 <strong>au fond du Rh\u00f4ne<\/strong> quelques heures apr\u00e8s, selon les informations du <a href=\"https:\/\/c.leprogres.fr\/faits-divers-justice\/2025\/10\/22\/elle-perd-la-vie-en-plongeant-dans-le-rhone-au-volant-de-sa-voiture?login=1\" rel=\"nofollow noopener\" target=\"_blank\">Progr\u00e8s<\/a> qu\u2019actu Lyon est en mesure de confirmer.<\/p>\n<p>Une habitante des Roches-de-Condrieu<\/p>\n<p class=\" wall-content\">Les <strong>lourdes recherches<\/strong> initi\u00e9es par les pompiers pour tenter de retrouver la conductrice se sont d\u2019abord r\u00e9v\u00e9l\u00e9es infructueuses. Ce sont finalement les gendarmes qui, apr\u00e8s avoir pris la rel\u00e8ve de l\u2019op\u00e9ration vers 15h, ont retrouv\u00e9 le v\u00e9hicule gisant au fond du fleuve et le corps de la femme, sans vie, \u00e0 son bord.<\/p>\n<p class=\" wall-content\">Selon nos confr\u00e8res, la victime aurait rapidement \u00e9t\u00e9 identifi\u00e9e et serait une habitante des <a href=\"https:\/\/actu.fr\/auvergne-rhone-alpes\/les-roches-de-condrieu_38340\" rel=\"nofollow noopener\" target=\"_blank\">Roches-de-Condrieu<\/a> (Is\u00e8re), commune situ\u00e9e \u00e0 15\u00a0minutes en voiture d\u2019Ampuis.<\/p>\n<p class=\" wall-content\">\u00c0 ce stade, et d\u2019apr\u00e8s les premiers \u00e9l\u00e9ments de l\u2019enqu\u00eate, <strong>la th\u00e8se du suicide<\/strong> serait par ailleurs privil\u00e9gi\u00e9e.<\/p>\n<p class=\" wall-content\">Personnalisez votre actualit\u00e9 en ajoutant vos villes et m\u00e9dias en favori avec <a href=\"https:\/\/moncompte.actu.fr\" title=\"D\u00e9couvez Mon Actu\" rel=\"nofollow noopener\" data-trk=\"{&quot;cta&quot;:{&quot;action&quot;:&quot;https:\\\/\\\/moncompte.actu.fr&quot;,&quot;category&quot;:&quot;mon compte&quot;,&quot;from&quot;:&quot;article footer&quot;,&quot;name&quot;:&quot;Mon actu&quot;,&quot;type&quot;:&quot;cta&quot;}}\" target=\"_blank\">Mon Actu<\/a>.<\/p>\n","protected":false},"excerpt":{"rendered":"Par Ludivine Caporal Publi\u00e9 le 23 oct. 2025 \u00e0 11h13 Les faits se sont produits en fin de&hellip;\n","protected":false},"author":2,"featured_media":38925,"comment_status":"","ping_status":"","sticky":false,"template":"","format":"standard","meta":{"footnotes":""},"categories":[1889],"tags":[1111,11,2430,1777,674,118,1011,27,3381,2428,12,1311,25],"class_list":{"0":"post-484017","1":"post","2":"type-post","3":"status-publish","4":"format-standard","5":"has-post-thumbnail","7":"category-lyon","8":"tag-actu","9":"tag-actualites","10":"tag-auvergne-rhone-alpes","11":"tag-eu","12":"tag-europe","13":"tag-faits-divers","14":"tag-fr","15":"tag-france","16":"tag-gendarmerie","17":"tag-lyon","18":"tag-news","19":"tag-pompiers","20":"tag-republique-francaise"},"share_on_mastodon":{"url":"https:\/\/pubeurope.com\/@fr\/115422753164016155","error":""},"_links":{"self":[{"href":"https:\/\/www.europesays.com\/fr\/wp-json\/wp\/v2\/posts\/484017","targetHints":{"allow":["GET"]}}],"collection":[{"href":"https:\/\/www.europesays.com\/fr\/wp-json\/wp\/v2\/posts"}],"about":[{"href":"https:\/\/www.europesays.com\/fr\/wp-json\/wp\/v2\/types\/post"}],"author":[{"embeddable":true,"href":"https:\/\/www.europesays.com\/fr\/wp-json\/wp\/v2\/users\/2"}],"replies":[{"embeddable":true,"href":"https:\/\/www.europesays.com\/fr\/wp-json\/wp\/v2\/comments?post=484017"}],"version-history":[{"count":0,"href":"https:\/\/www.europesays.com\/fr\/wp-json\/wp\/v2\/posts\/484017\/revisions"}],"wp:featuredmedia":[{"embeddable":true,"href":"https:\/\/www.europesays.com\/fr\/wp-json\/wp\/v2\/media\/38925"}],"wp:attachment":[{"href":"https:\/\/www.europesays.com\/fr\/wp-json\/wp\/v2\/media?parent=484017"}],"wp:term":[{"taxonomy":"category","embeddable":true,"href":"https:\/\/www.europesays.com\/fr\/wp-json\/wp\/v2\/categories?post=484017"},{"taxonomy":"post_tag","embeddable":true,"href":"https:\/\/www.europesays.com\/fr\/wp-json\/wp\/v2\/tags?post=484017"}],"curies":[{"name":"wp","href":"https:\/\/api.w.org\/{rel}","templated":true}]}}