{"id":484026,"date":"2025-10-23T09:28:12","date_gmt":"2025-10-23T09:28:12","guid":{"rendered":"https:\/\/www.europesays.com\/fr\/484026\/"},"modified":"2025-10-23T09:28:12","modified_gmt":"2025-10-23T09:28:12","slug":"ligne-abidjan-paris-la-tension-montre-entre-la-france-et-la-cote-divoire","status":"publish","type":"post","link":"https:\/\/www.europesays.com\/fr\/484026\/","title":{"rendered":"Ligne Abidjan &#8211; Paris : la tension montre entre la France et la C\u00f4te d\u2019Ivoire"},"content":{"rendered":"<p>\t\t\t\t\t Du c\u00f4t\u00e9 des 2 compagnies fran\u00e7aises, pas question de baisser ou de ne pas pouvoir augmenter ponctuellement les fr\u00e9quences.<\/p>\n<p>Certains bl\u00e2ment la volont\u00e9 des Ivoiriens de vouloir \u00ab s\u2019assoir \u00bb sur l\u2019accord de lib\u00e9ralisation des droits de trafic sign\u00e9 entre les deux pays en 2016.&#13;\t\t\t\t\t <\/p>\n<p>Les n\u00e9gociations se font en coulisse et seraient assez tendues entre la DGAC fran\u00e7aise et <a class=\"liens\" href=\"https:\/\/fr.wikipedia.org\/wiki\/ANAC\" target=\"_blank\" rel=\"nofollow noopener\">l\u2019ANAC,<\/a> l\u2019aviation civile ivoirienne.&#13;\t\t\t\t\t <\/p>\n<p>Actuellement la demande de la France pour la saison IATA \u00e0 venir se fait pour la rotation <b>de 21 vols hebdomadaires sur 28 au total<\/b> dont 7 revenants \u00e0 Air C\u00f4te d&rsquo;Ivoire,14 pour Air France (actionnaire minoritaire de la compagnie ivoirienne) et sept pour Corsair sur la liaison Abidjan-Paris.&#13;\t\t\t\t\t <\/p>\n<p>C\u00f4t\u00e9 C\u00f4te d\u2019Ivoire et selon Jeune Afrique on souhaite un compromis \u00e0 14 vols hebdomadaires pour les compagnies fran\u00e7aises et 14 pour Air C\u00f4te d&rsquo;Ivoire.&#13;\t\t\t\t\t <\/p>\n<p><b>Il reste quelques jours avant le d\u00e9marrage de la saison IATA hiver pour trouver une solution.<\/b>\n\t\t\t\t <\/p>\n","protected":false},"excerpt":{"rendered":"Du c\u00f4t\u00e9 des 2 compagnies fran\u00e7aises, pas question de baisser ou de ne pas pouvoir augmenter ponctuellement les&hellip;\n","protected":false},"author":2,"featured_media":484027,"comment_status":"","ping_status":"","sticky":false,"template":"","format":"standard","meta":{"footnotes":""},"categories":[1888],"tags":[11,1816,40898,1777,674,1011,27,12,626,25],"class_list":{"0":"post-484026","1":"post","2":"type-post","3":"status-publish","4":"format-standard","5":"has-post-thumbnail","7":"category-paris","8":"tag-actualites","9":"tag-air-france","10":"tag-corsair","11":"tag-eu","12":"tag-europe","13":"tag-fr","14":"tag-france","15":"tag-news","16":"tag-paris","17":"tag-republique-francaise"},"share_on_mastodon":{"url":"https:\/\/pubeurope.com\/@fr\/115422776877101107","error":""},"_links":{"self":[{"href":"https:\/\/www.europesays.com\/fr\/wp-json\/wp\/v2\/posts\/484026","targetHints":{"allow":["GET"]}}],"collection":[{"href":"https:\/\/www.europesays.com\/fr\/wp-json\/wp\/v2\/posts"}],"about":[{"href":"https:\/\/www.europesays.com\/fr\/wp-json\/wp\/v2\/types\/post"}],"author":[{"embeddable":true,"href":"https:\/\/www.europesays.com\/fr\/wp-json\/wp\/v2\/users\/2"}],"replies":[{"embeddable":true,"href":"https:\/\/www.europesays.com\/fr\/wp-json\/wp\/v2\/comments?post=484026"}],"version-history":[{"count":0,"href":"https:\/\/www.europesays.com\/fr\/wp-json\/wp\/v2\/posts\/484026\/revisions"}],"wp:featuredmedia":[{"embeddable":true,"href":"https:\/\/www.europesays.com\/fr\/wp-json\/wp\/v2\/media\/484027"}],"wp:attachment":[{"href":"https:\/\/www.europesays.com\/fr\/wp-json\/wp\/v2\/media?parent=484026"}],"wp:term":[{"taxonomy":"category","embeddable":true,"href":"https:\/\/www.europesays.com\/fr\/wp-json\/wp\/v2\/categories?post=484026"},{"taxonomy":"post_tag","embeddable":true,"href":"https:\/\/www.europesays.com\/fr\/wp-json\/wp\/v2\/tags?post=484026"}],"curies":[{"name":"wp","href":"https:\/\/api.w.org\/{rel}","templated":true}]}}