{"id":484030,"date":"2025-10-23T09:30:17","date_gmt":"2025-10-23T09:30:17","guid":{"rendered":"https:\/\/www.europesays.com\/fr\/484030\/"},"modified":"2025-10-23T09:30:17","modified_gmt":"2025-10-23T09:30:17","slug":"mobiliser-les-avoirs-russes-pour-lukraine-en-premiere-ligne-la-belgique-veut-une-mutualisation-complete-du-risque-sous-peine-de-bloquer-la-mesure-23-10-2025-a-1110","status":"publish","type":"post","link":"https:\/\/www.europesays.com\/fr\/484030\/","title":{"rendered":"Mobiliser les avoirs russes pour l&rsquo;Ukraine ? En premi\u00e8re ligne, la Belgique veut une \u00ab\u00a0mutualisation compl\u00e8te du risque\u00a0\u00bb sous peine de bloquer la mesure &#8211; 23\/10\/2025 \u00e0 11:10"},"content":{"rendered":"<p> La Commission europ\u00e9enne a notamment propos\u00e9 un \u00ab\u00a0pr\u00eat de r\u00e9paration\u00a0\u00bb, consistant \u00e0 financer Kiev en s&rsquo;appuyant sur les avoirs de la banque centrale russe gel\u00e9s depuis l&rsquo;invasion de l&rsquo;Ukraine, sans les confisquer.<\/p>\n<p>        <img fetchpriority=\"high\" decoding=\"async\" src=\"https:\/\/www.europesays.com\/fr\/wp-content\/uploads\/2025\/10\/f201db77bab67bffa3e5c513a92cdb38-760x507.jpg\" alt=\"Bart De Wever, \u00e0 Gent, le 7 octobre 2025 ( Belga \/ DIRK WAEM )\" loading=\"eager\" width=\"760\" height=\"507\" style=\"max-width: 100%!important; height: auto;\"\/><\/p>\n<p class=\"c-image-news__legend\">Bart De Wever, \u00e0 Gent, le 7 octobre 2025 ( Belga \/ DIRK WAEM )<\/p>\n<p>\n \u00ab\u00a0Je veux une mutualisation compl\u00e8te du risque\u00a0\u00bb. A l&rsquo;occasion du sommet europ\u00e9en \u00e0 Bruxelles, le Premier ministre belge a martel\u00e9 la position de son gouvernement au sujet des avoirs russes gel\u00e9s, dont la plupart sont d\u00e9tenus en Belgique, via l&rsquo;\u00e9tablissement financier Euroclear. Bart de Waver a ainsi r\u00e9it\u00e9r\u00e9 jeudi 23 octobre ses conditions \u00e0 leur mobilisation pour aider \u00e0 l&rsquo;Ukraine, mena\u00e7ant sinon de s&rsquo;opposer \u00e0 cette mesure, qui figure au menu du sommet des 27, qui se tient de mercredi 22 \u00e0 vendredi 24 octobre.\n<\/p>\n<p> De Wever pointe les \u00ab\u00a0vastes sommes d&rsquo;argent russe dans d&rsquo;autres pays qui ont toujours gard\u00e9 le silence\u00a0\u00bb<\/p>\n<p>\n \u00ab\u00a0Je veux une mutualisation compl\u00e8te du risque\u00a0\u00bb, a d\u00e9clar\u00e9 le Premier ministre, soulignant qu&rsquo;en cas de probl\u00e8me, \u00ab\u00a0les cons\u00e9quences ne peuvent pas \u00eatre uniquement pour la Belgique\u00a0\u00bb. \u00ab\u00a0Si l&rsquo;argent doit \u00eatre rembours\u00e9, (il faudra) que chaque Etat membre contribue\u00a0\u00bb, pour ne pas laisser la Belgique assumer seule ce risque, a-t-il ajout\u00e9. Enfin, il exige que cette mobilisation des avoirs soit \u00e9galement mise en oeuvre dans les autres pays alli\u00e9s de Kiev. \u00ab\u00a0Nous savons qu&rsquo;il y a de<br \/>\n <strong><br \/>\n  vastes sommes d&rsquo;argent russe dans d&rsquo;autres pays qui ont toujours gard\u00e9 le silence \u00e0 ce sujet\u00a0\u00bb<br \/>\n <\/strong><br \/>\n , a-t-il relev\u00e9.\n<\/p>\n<p>\n \u00ab\u00a0Si ces trois exigences, qui me semblent tout \u00e0 fait raisonnables, sont satisfaites, alors nous pourrons aller de l&rsquo;avant. Sinon, je ferai tout ce qui est en mon pouvoir au niveau europ\u00e9en, ainsi qu&rsquo;au niveau national, politiquement et l\u00e9galement, pour bloquer cette d\u00e9cision\u00a0\u00bb, a-t-il martel\u00e9.\n<\/p>\n<p> Faut-il manger la \u00ab\u00a0poule aux oeufs d&rsquo;or\u00a0\u00bb ?<\/p>\n<p>\n D\u00e9but octobre, Bart de Wever avait d\u00e9j\u00e0 affich\u00e9 ses pr\u00e9occupations face \u00e0 la \u00ab\u00a0poule aux oeufs d&rsquo;or\u00a0\u00bb que son gouvernement h\u00e9site \u00e0 laisser tuer. \u00ab\u00a0Je comprends l&rsquo;envie de manger la poule maintenant, mais si vous regardez le dossier de plus pr\u00e8s, je pense qu&rsquo;avant de vouloir la manger, il y a quelques questions qui doivent \u00eatre r\u00e9solues\u00a0\u00bb, avait-il lanc\u00e9, appelant par ailleurs \u00e0<br \/>\n <a href=\"https:\/\/www.boursorama.com\/actualite-economique\/actualites\/transfert-des-avoirs-russes-a-l-ukraine-et-menace-de-represailles-pourquoi-la-belgique-hesite-a-laisser-l-ue-manger-la-poule-aux-oeufs-d-or-e1c8e20ae886afa5d6de87d898db12b6\" title=\"Transfert des avoirs russes \u00e0 l Ukraine et menace de repr\u00e9sailles : pourquoi la Belgique h\u00e9site \u00e0 laisser l UE  manger la poule aux oeufs d or \" rel=\"nofollow noopener\" target=\"_blank\"><br \/>\n  \u00ab\u00a0manger toutes les poules\u00a0\u00bb, en r\u00e9f\u00e9rence aux avoirs russes stock\u00e9s dans les autres pays.<br \/>\n <\/a>\n<\/p>\n<p>\n La Commission europ\u00e9enne a propos\u00e9 un montage financier qui lui permettrait de continuer \u00e0 financer Kiev en s&rsquo;appuyant sur les avoirs de la banque centrale russe gel\u00e9s depuis l&rsquo;invasion de l&rsquo;Ukraine, sans les confisquer.\n<\/p>\n<p>\n Les dirigeants de l&rsquo;UE doivent discuter de ce \u00ab\u00a0pr\u00eat de r\u00e9paration\u00a0\u00bb en faveur de Kiev lors d&rsquo;un sommet \u00e0 Bruxelles jeudi, et les responsables de la Commission esp\u00e8rent qu&rsquo;ils donneront le feu vert \u00e0 l&rsquo;\u00e9laboration d&rsquo;une proposition juridique plus d\u00e9taill\u00e9e. La Belgique, o\u00f9 la plupart de ces avoirs sont conserv\u00e9s au sein de l&rsquo;\u00e9tablissement financier Euroclear, redoute d&rsquo;avoir \u00e0 payer seule les pots cass\u00e9s en cas de probl\u00e8me,<br \/>\n <strong><br \/>\n  et veut qu&rsquo;un m\u00e9canisme de solidarit\u00e9 cr\u00e9dible soit institu\u00e9,<br \/>\n <\/strong><br \/>\n lui donnant l&rsquo;assurance que les autres pays de l&rsquo;UE, ou le budget de l&rsquo;Union, se porteront garants d&rsquo;un \u00e9ventuel remboursement, si n\u00e9cessaire.<\/p>\n","protected":false},"excerpt":{"rendered":"La Commission europ\u00e9enne a notamment propos\u00e9 un \u00ab\u00a0pr\u00eat de r\u00e9paration\u00a0\u00bb, consistant \u00e0 financer Kiev en s&rsquo;appuyant sur les&hellip;\n","protected":false},"author":2,"featured_media":484031,"comment_status":"","ping_status":"","sticky":false,"template":"","format":"standard","meta":{"footnotes":""},"categories":[1590],"tags":[400,11,398,408,405,1777,674,403,402,399,404,12,401,406,220,407],"class_list":{"0":"post-484030","1":"post","2":"type-post","3":"status-publish","4":"format-standard","5":"has-post-thumbnail","7":"category-ukraine","8":"tag-action-cac-40","9":"tag-actualites","10":"tag-bourse-de-paris","11":"tag-boursorama","12":"tag-cotations","13":"tag-eu","14":"tag-europe","15":"tag-indices-devises","16":"tag-investir","17":"tag-investissement","18":"tag-marche-boursier","19":"tag-news","20":"tag-sicav","21":"tag-trackers","22":"tag-ukraine","23":"tag-warrants"},"share_on_mastodon":{"url":"https:\/\/pubeurope.com\/@fr\/115422785382200379","error":""},"_links":{"self":[{"href":"https:\/\/www.europesays.com\/fr\/wp-json\/wp\/v2\/posts\/484030","targetHints":{"allow":["GET"]}}],"collection":[{"href":"https:\/\/www.europesays.com\/fr\/wp-json\/wp\/v2\/posts"}],"about":[{"href":"https:\/\/www.europesays.com\/fr\/wp-json\/wp\/v2\/types\/post"}],"author":[{"embeddable":true,"href":"https:\/\/www.europesays.com\/fr\/wp-json\/wp\/v2\/users\/2"}],"replies":[{"embeddable":true,"href":"https:\/\/www.europesays.com\/fr\/wp-json\/wp\/v2\/comments?post=484030"}],"version-history":[{"count":0,"href":"https:\/\/www.europesays.com\/fr\/wp-json\/wp\/v2\/posts\/484030\/revisions"}],"wp:featuredmedia":[{"embeddable":true,"href":"https:\/\/www.europesays.com\/fr\/wp-json\/wp\/v2\/media\/484031"}],"wp:attachment":[{"href":"https:\/\/www.europesays.com\/fr\/wp-json\/wp\/v2\/media?parent=484030"}],"wp:term":[{"taxonomy":"category","embeddable":true,"href":"https:\/\/www.europesays.com\/fr\/wp-json\/wp\/v2\/categories?post=484030"},{"taxonomy":"post_tag","embeddable":true,"href":"https:\/\/www.europesays.com\/fr\/wp-json\/wp\/v2\/tags?post=484030"}],"curies":[{"name":"wp","href":"https:\/\/api.w.org\/{rel}","templated":true}]}}