{"id":484034,"date":"2025-10-23T09:32:12","date_gmt":"2025-10-23T09:32:12","guid":{"rendered":"https:\/\/www.europesays.com\/fr\/484034\/"},"modified":"2025-10-23T09:32:12","modified_gmt":"2025-10-23T09:32:12","slug":"jaron-ennis-vise-un-combat-au-royaume-uni-et-assistera-a-eubank-benn-ii-pour-soutenir-son-coequipier-jack-catterall","status":"publish","type":"post","link":"https:\/\/www.europesays.com\/fr\/484034\/","title":{"rendered":"Jaron Ennis vise un combat au Royaume-Uni et assistera \u00e0 Eubank-Benn II pour soutenir son co\u00e9quipier Jack Catterall"},"content":{"rendered":"<p><a class=\"underline hover:text-redColor\" href=\"https:\/\/ringmagazine.com\/fr\/fighters\/jaron-ennis-595\" target=\"_blank\" rel=\"noopener\">Jaron Ennis<\/a> est le dernier d\u2019une longue lign\u00e9e de champions am\u00e9ricains qui aspirent \u00e0 un jour \u00eatre la t\u00eate d\u2019affiche d\u2019un gala en Grande-Bretagne.<br \/>Ces derni\u00e8res ann\u00e9es, des champions du monde comme <a class=\"underline hover:text-redColor\" href=\"https:\/\/ringmagazine.com\/fr\/fighters\/shakur-stevenson-623\" target=\"_blank\" rel=\"noopener\">Shakur Stevenson<\/a> et <a class=\"underline hover:text-redColor\" href=\"https:\/\/ringmagazine.com\/fr\/fighters\/teofimo-lopez-399\" target=\"_blank\" rel=\"noopener\">Teofimo Lopez<\/a> ont d\u00e9clar\u00e9 publiquement leur d\u00e9sir de boxer au Royaume-Uni \u00e0 un moment donn\u00e9 de leur carri\u00e8re respective.<br \/>Les stars am\u00e9ricaines <a class=\"underline hover:text-redColor\" href=\"https:\/\/ringmagazine.com\/fr\/fighters\/richardson-hitchins-2926364\" target=\"_blank\" rel=\"noopener\">Richardson Hitchins<\/a>, Keyshawn Davis et <a class=\"underline hover:text-redColor\" href=\"https:\/\/ringmagazine.com\/fr\/fighters\/vergil-ortiz-jr\" target=\"_blank\" rel=\"noopener\">Vergil Ortiz Jr<\/a> ont tous exprim\u00e9 le m\u00eame int\u00e9r\u00eat, reconnaissant que remplir une salle ou un stade britannique t\u00e9moignerait de leur notori\u00e9t\u00e9 et de leur attrait en dehors de leur pays natal.<br \/><a class=\"underline hover:text-redColor\" href=\"https:\/\/ringmagazine.com\/fr\/fighters\/terence-crawford-98\" target=\"_blank\" rel=\"noopener\">Terence Crawford<\/a>, Gennady Golovkin, <a class=\"underline hover:text-redColor\" href=\"https:\/\/ringmagazine.com\/fr\/fighters\/vasyl-lomachenko-1\" target=\"_blank\" rel=\"noopener\">Vasiliy Lomachenko <\/a>et Gervonta Davis ont tous d\u00e9j\u00e0 combattu sur le sol britannique.<\/p>\n<p>Lors d\u2019une interview avec Ariel Helwani mardi, Ennis (35-0, 31 K.-O., 1 sans d\u00e9cision) a eu une r\u00e9union d\u2019apr\u00e8s-combat avec le patron de Matchroom, Eddie Hearn, apr\u00e8s sa victoire au premier round contre Uisma Lima plus t\u00f4t ce mois-ci.<\/p>\n<p>Au cours de cette r\u00e9union, ils ont discut\u00e9 de leurs plans futurs, et la possibilit\u00e9 d\u2019\u00eatre un jour la t\u00eate d\u2019affiche d\u2019un gala \u00e0 Londres a \u00e9t\u00e9 \u00e9voqu\u00e9e.<\/p>\n<p>\u00ab Je n\u2019y suis pas encore all\u00e9, j\u2019esp\u00e8re y aller\u2026 en fait, mon p\u00e8re a Jack [Catterall] qui combat, donc j\u2019y serai \u00bb, a-t-il d\u00e9clar\u00e9.<\/p>\n<p>\u00ab Je vais parler \u00e0 Eddie, ils combattent o\u00f9 ? \u00c0 [Tottenham] ? Je veux combattre \u00e0 Wembley, il faut le faire au moins une fois. J\u2019aimerais beaucoup boxer au Royaume-Uni, c\u2019est \u00e0 ce moment-l\u00e0 que je saurai que j\u2019ai atteint le statut de m\u00e9ga-star. \u00bb<\/p>\n<p>Catterall a officiellement rejoint le p\u00e8re d\u2019Ennis et entra\u00eeneur principal, Bozy, le mois dernier apr\u00e8s une p\u00e9riode d\u2019essai avec plusieurs entra\u00eeneurs aux \u00c9tats-Unis plus t\u00f4t dans l\u2019ann\u00e9e, envisageant apparemment Ismael Salas et Brian \u201cBomac\u201d McIntyre comme alternatives avant de choisir de s\u2019entra\u00eener \u00e0 Philadelphie.<\/p>\n<p>Le boxeur de 32 ans, ancien challenger au titre mondial des super-l\u00e9gers (140 livres), fait partie des nombreux Britanniques ambitieux qui ont quitt\u00e9 le confort de leur foyer pour s\u2019entra\u00eener \u00e0 l\u2019\u00e9tranger.<\/p>\n<p>Cependant, peu font autant de sacrifices que lui, ayant rompu un partenariat d\u2019entra\u00eenement de pr\u00e8s de dix ans avec Jamie Moore et Nigel Travis, et laissant sa femme Lauren \u00e0 la maison avec leurs deux enfants \u2014 dont un nouveau-n\u00e9.<\/p>\n<p>Lorsqu\u2019on lui a demand\u00e9 comment la collaboration entre Bozy et Catterall avait vu le jour, Ennis n\u2019en savait pas beaucoup mais a d\u00e9clar\u00e9 que les signes \u00e9taient positifs.<\/p>\n<p>\u00ab Un jour, je suis simplement entr\u00e9 dans la salle de sport et Jack \u00e9tait l\u00e0 \u00bb, a-t-il ajout\u00e9. \u00ab Je savais qui il \u00e9tait, il \u00e9tait venu cinq ou six mois plus t\u00f4t, s\u2019\u00e9tait entra\u00een\u00e9 quelques fois avec nous, il avait aim\u00e9 ce qu\u2019il avait vu avec mon p\u00e8re et autour de nous, et il a voulu changer d\u2019entra\u00eeneur. C\u2019est amusant de l\u2019avoir ici, c\u2019est un super gars. \u00bb<\/p>\n<p>\u00ab Je l\u2019ai regard\u00e9 s\u2019entra\u00eener hier, il a l\u2019air vraiment bien, il am\u00e9liore sa d\u00e9fense, il a l\u2019air vraiment fort et en forme. \u00bb<\/p>\n<p>Catterall se retrouve dans une situation o\u00f9 la victoire est imp\u00e9rative contre un Ekow Essuman (22-1, 8 K.-O.) en pleine forme, le 15 novembre, dans le cadre de la sous-carte du combat Chris Eubank Jr \u2013 Conor Benn II au Tottenham Hotspur Stadium.<\/p>\n<p>Essuman est class\u00e9 n\u00b03 par l\u2019organisme de sanction, tandis que Catterall se situe cinq places en dessous, apr\u00e8s une victoire peu convaincante lors de ses d\u00e9buts dans la division contre l\u2019adversaire alors invaincu Harlem Eubank, le 5 juillet.<\/p>\n","protected":false},"excerpt":{"rendered":"Jaron Ennis est le dernier d\u2019une longue lign\u00e9e de champions am\u00e9ricains qui aspirent \u00e0 un jour \u00eatre la&hellip;\n","protected":false},"author":2,"featured_media":484035,"comment_status":"","ping_status":"","sticky":false,"template":"","format":"standard","meta":{"footnotes":""},"categories":[1588],"tags":[11,36948,36959,36952,36958,36957,36950,36949,36953,36954,36955,36956,36951,36964,36963,1777,674,27144,36943,36944,36961,36945,12,36942,36965,473,1853,36960,36962,36941,36947,1851,1850,1852,36946],"class_list":{"0":"post-484034","1":"post","2":"type-post","3":"status-publish","4":"format-standard","5":"has-post-thumbnail","7":"category-royaume-uni","8":"tag-actualites","9":"tag-boxing","10":"tag-boxing-community","11":"tag-boxing-fights","12":"tag-boxing-history","13":"tag-boxing-interviews","14":"tag-boxing-magazine","15":"tag-boxing-news","16":"tag-boxing-photos","17":"tag-boxing-rankings","18":"tag-boxing-results","19":"tag-boxing-schedule","20":"tag-boxing-videos","21":"tag-disqualification","22":"tag-draw","23":"tag-eu","24":"tag-europe","25":"tag-fight","26":"tag-fighter","27":"tag-fighter-news","28":"tag-knockout","29":"tag-latest-boxing-matches","30":"tag-news","31":"tag-ring","32":"tag-ring-magazine","33":"tag-royaume-uni","34":"tag-royaume-uni-de-grande-bretagne-et-dirlande-du-nord","35":"tag-split-decision","36":"tag-technical-knockout","37":"tag-the-ring","38":"tag-top-fighters","39":"tag-uk","40":"tag-united-kingdom","41":"tag-united-kingdom-of-great-britain-and-northern-ireland","42":"tag-upcoming-boxing-matches"},"share_on_mastodon":{"url":"","error":"Validation failed: Text character limit of 500 exceeded"},"_links":{"self":[{"href":"https:\/\/www.europesays.com\/fr\/wp-json\/wp\/v2\/posts\/484034","targetHints":{"allow":["GET"]}}],"collection":[{"href":"https:\/\/www.europesays.com\/fr\/wp-json\/wp\/v2\/posts"}],"about":[{"href":"https:\/\/www.europesays.com\/fr\/wp-json\/wp\/v2\/types\/post"}],"author":[{"embeddable":true,"href":"https:\/\/www.europesays.com\/fr\/wp-json\/wp\/v2\/users\/2"}],"replies":[{"embeddable":true,"href":"https:\/\/www.europesays.com\/fr\/wp-json\/wp\/v2\/comments?post=484034"}],"version-history":[{"count":0,"href":"https:\/\/www.europesays.com\/fr\/wp-json\/wp\/v2\/posts\/484034\/revisions"}],"wp:featuredmedia":[{"embeddable":true,"href":"https:\/\/www.europesays.com\/fr\/wp-json\/wp\/v2\/media\/484035"}],"wp:attachment":[{"href":"https:\/\/www.europesays.com\/fr\/wp-json\/wp\/v2\/media?parent=484034"}],"wp:term":[{"taxonomy":"category","embeddable":true,"href":"https:\/\/www.europesays.com\/fr\/wp-json\/wp\/v2\/categories?post=484034"},{"taxonomy":"post_tag","embeddable":true,"href":"https:\/\/www.europesays.com\/fr\/wp-json\/wp\/v2\/tags?post=484034"}],"curies":[{"name":"wp","href":"https:\/\/api.w.org\/{rel}","templated":true}]}}