{"id":484049,"date":"2025-10-23T09:41:16","date_gmt":"2025-10-23T09:41:16","guid":{"rendered":"https:\/\/www.europesays.com\/fr\/484049\/"},"modified":"2025-10-23T09:41:16","modified_gmt":"2025-10-23T09:41:16","slug":"dj-il-adore-teddy-thomas-5-choses-a-savoir-sur-aaron-grandidier-appele-par-le-xv-de-france","status":"publish","type":"post","link":"https:\/\/www.europesays.com\/fr\/484049\/","title":{"rendered":"DJ, il adore Teddy Thomas&#8230; 5 choses \u00e0 savoir sur Aaron Grandidier, appel\u00e9 par le XV de France"},"content":{"rendered":"<p>            Par<br \/>\n        <strong><br \/>\n            <a href=\"https:\/\/actu.fr\/auteur\/clement-mazella\" title=\"Consulter tous les articles de Cl\u00e9ment Mazella\" target=\"_blank\" rel=\"noopener\">Cl\u00e9ment Mazella<\/a><br \/>\n        <\/strong><\/p>\n<p>        Publi\u00e9 le<\/p>\n<p>            23 oct. 2025 \u00e0 6h30        <\/p>\n<p>Nous allons \u00eatre honn\u00eates : nous n\u2019avions pas forc\u00e9ment vu venir <a href=\"https:\/\/actu.fr\/sports\/rugby\/xv-de-france\/xv-de-france-capilla-maximin-ramos-absent-la-liste-des-42-bleus-pour-les-tests-de-novembre_63333280.html\" target=\"_blank\" rel=\"noopener\">la convocation<\/a> avec le <a href=\"https:\/\/actu.fr\/rugby\/xv-de-france\" target=\"_blank\" rel=\"noopener\">XV de France<\/a>, pour les tests de novembre, d\u2019<strong>Aaron Grandidier Nkanang<\/strong>. Et pourtant, l\u2019ailier de Pau rayonne en ce d\u00e9but de saison. Champion olympique de rugby \u00e0 7 \u00e0 Paris en 2024, il fait partie des septistes qui tirent leur \u00e9pingle du jeu en Top 14. Voici 5 choses \u00e0 savoir sur ce <strong>joueur au parcours atypique, et au c\u00f4t\u00e9 artiste<\/strong>.<\/p>\n<p>N\u00e9 en Angleterre\u2026 mais passeport fran\u00e7ais<\/p>\n<p class=\" wall-content\">S\u2019il dispose d\u2019un passeport fran\u00e7ais, Aaron Grandidier Nkanang n\u2019est pas n\u00e9 en France. Non, il a vu le jour le 18 mai 2000 \u00e0 Londres, son p\u00e8re \u00e9tant anglais d\u2019origine nig\u00e9riane, et sa m\u00e8re fran\u00e7aise. Aaron a pass\u00e9 toute sa jeunesse en Angleterre, et n\u2019a d\u00e9couvert le ballon ovale qu\u2019au coll\u00e8ge.<\/p>\n<p class=\" wall-content\">La France, celui qui a aussi fait du basket et de l\u2019athl\u00e9tisme, il n\u2019y d\u00e9barque qu\u2019en 2019, \u00e0 sa signature \u00e0 Brive. Via un agent, il s\u2019est vu proposer quatre essais apr\u00e8s avoir fait chou blanc en Angleterre : Castres, Toulon, Oyonnax et le CAB. C\u2019est ce dernier qui rafla la mise. \u00ab\u00a0La France, je ne la connaissais que par mes vacances estivales que je passais chez l\u2019une de mes grands-m\u00e8res, install\u00e9e \u00e0 La Roche-sur-Yon (Pays-de-la-Loire)\u00a0\u00bb, explique aupr\u00e8s d\u2019Actu Rugby l\u2019int\u00e9ress\u00e9.<\/p>\n<p>\u00ab\u00a0J\u2019\u00e9tais nul\u00a0\u00bb : des d\u00e9buts contrari\u00e9s au rugby<\/p>\n<p class=\" wall-content\">C\u2019est peu dire que les d\u00e9buts au rugby Aaron Grandidier Nkanang furent contrari\u00e9s. Son premier ballon ovale, il le touche \u00e0 11 ans, lorsqu\u2019il entre au coll\u00e8ge. Son p\u00e8re n\u2019en a jamais fait. \u00ab\u00a0Et ma m\u00e8re ne savait m\u00eame pas ce que c\u2019\u00e9tait\u00a0\u00bb, sourit-il. Pendant deux ans, il en fait, mais le courant ne passe pas. \u00ab\u00a0Clairement, j\u2019\u00e9tais nul. Au bout d\u2019un moment, je ne rentrais plus dans les \u00e9quipes de mon coll\u00e8ge. J\u2019ai donc d\u00e9cid\u00e9 de faire autre chose\u00a0\u00bb.<\/p>\n<p class=\" wall-content\">Autre chose, c\u2019est du basket notamment. \u00ab\u00a0J\u2019ai gagn\u00e9 au niveau des appuis, j\u2019\u00e9tais plus confortable sous les ballons hauts\u00a0\u00bb, nous dit-il. Vers ses 15 ans, il retente tout de m\u00eame sa chance. D\u2019entr\u00e9e, il se casse un coude et conna\u00eet une saison blanche. \u00ab\u00a0J\u2019ai repris la saison d\u2019apr\u00e8s car tous mes meilleurs potes y jouaient et je voulais \u00eatre avec eux. C\u2019est \u00e0 16 ans que je me suis vraiment mis au rugby\u00a0\u00bb, dresse comme d\u00e9cor l\u2019actuel ailier de Pau, qui a prolong\u00e9 derni\u00e8rement son contrat jusqu\u2019en 2029.<\/p>\n<p class=\" wall-content\">Son premier match professionnel, ce fut sous les couleurs du CAB. Face\u2026 aux Anglais de Leicester. Rempla\u00e7ant, il profite de la blessure de Seva Galala pour disputer presque une heure. \u00ab\u00a0Un match difficile, mais j\u2019\u00e9tais tellement content d\u2019\u00eatre l\u00e0. Welford Road, c\u2019est un stade mythique dans le rugby anglais, m\u00eame si je n\u2019ai pas fait un gros match, j\u2019\u00e9tais heureux d\u2019avoir connu un tel moment\u00a0\u00bb. Covid oblige, un match disput\u00e9 dans un stade\u2026 vide.\u00a0<\/p>\n<p>    <img   decoding=\"async\" loading=\"lazy\" src=\"https:\/\/www.europesays.com\/fr\/wp-content\/uploads\/2025\/10\/iconsport-230499-0201-960x640.jpg\" alt=\"Aarond Grandidier \u00e0 c\u00f4t\u00e9 d'Antoine Dupont.\" width=\"960\" height=\"640\"\/><br \/>\n    Aarond Grandidier, ici aux c\u00f4t\u00e9s d\u2019Antoine Dupont, est champion du monde et champion olympique de rugby \u00e0 7. (\u00a9Hugo Pfeiffer \/ Icon Sport)<\/p>\n<p>Votre r\u00e9gion, votre actu !<\/p>\n<p>Recevez chaque jour les infos qui comptent pour vous.<\/p>\n<p>\t<a href=\"https:\/\/actu.fr\/newsletter\" class=\"ac-btn ac-btn--corner ac-btn--medium ac-btn--blue800\" target=\"_blank\" rel=\"noopener\">S&rsquo;incrire<\/a><br \/>\nIl adore Teddy Thomas<\/p>\n<p class=\" wall-content\">Un Anglais a beaucoup compt\u00e9 dans l\u2019envol d\u2019Aaron : Mike Perks. C\u2019\u00e9tait son coach au lyc\u00e9e. \u00ab\u00a0Il \u00e9tait tout nouveau, il m\u2019a vite parl\u00e9 en me disant que j\u2019avais les moyens de percer dans le rugby. C\u2019est gr\u00e2ce \u00e0 lui que je suis l\u00e0 o\u00f9 je suis arriv\u00e9 aujourd\u2019hui\u00a0\u00bb.<\/p>\n<p class=\" wall-content\">S\u2019il rate l\u2019occasion d\u2019int\u00e9grer l\u2019acad\u00e9mie professionnelle d\u2019un club anglais, Aaron se voit offrir une bourse par son club de Old Elthamians RFC (niveau \u00e9quivalent \u00e0 la F\u00e9d\u00e9rale 1). \u00ab\u00a0Tout \u00e9tait gratuit pour moi. La condition, c\u2019\u00e9tait de jouer pour cette universit\u00e9 et le club qui en d\u00e9pendait. J\u2019ai d\u00e9cid\u00e9 de prendre cette route-l\u00e0 apr\u00e8s le lyc\u00e9e\u00a0\u00bb.\u00a0<\/p>\n<p class=\" wall-content\">Quand on lui demande s\u2019il avait un mod\u00e8le comme rugbyman, Aaron Grandidier Nkanang n\u2019h\u00e9site pas : \u00ab\u00a0J\u2019adorais Teddy Thomas. Et Anthony Watson. Apr\u00e8s, je kiffais Dan Norton et Jerry Tuwa\u00ef c\u00f4t\u00e9 Sevens\u00a0\u00bb.<\/p>\n<p>DJ et mannequin<\/p>\n<p class=\" wall-content\">Sa maman \u00e9tant sculptrice, c\u2019est sans surprise qu\u2019Aaron Grandidier Nkanang a un c\u00f4t\u00e9 artiste dans ses g\u00eanes. <strong>Il a particip\u00e9 \u00e0 des d\u00e9fil\u00e9s pour du mannequinat<\/strong>, et effectu\u00e9 des shootings photos.<\/p>\n<p class=\" wall-content\"><a href=\"https:\/\/www.instagram.com\/p\/DP1hdyrir7s\/embed\" title=\"Ouvrir le lien sur Instagram\" target=\"_blank\" rel=\"noopener\">Visualiser le contenu sur Instagram<\/a><\/p>\n<p class=\" wall-content\">Mais sa grande passion, c\u2019est la musique. Avant la p\u00e9riode du Covid, <strong>il s\u2019est lanc\u00e9 comme DJ sous le pseudonyme Aztek<\/strong>.\u00a0\u00ab\u00a0La musique a toujours fait partie de ma vie\u00a0\u00bb, nous dit-il. Il a mix\u00e9 dans des soir\u00e9es et a fait des \u00e9tudes en productions musicales et de DJ.<\/p>\n<p class=\" wall-content\"><a href=\"https:\/\/www.instagram.com\/p\/CaVDNKGJ7Fh\/embed\" title=\"Ouvrir le lien sur Instagram\" target=\"_blank\" rel=\"noopener\">Visualiser le contenu sur Instagram<\/a><\/p>\n<p>Un record incroyable avec France 7<\/p>\n<p class=\" wall-content\">Champion du monde et olympique de rugby \u00e0 7, Aaron Grandidier Nkanang a \u00e9t\u00e9 durant des ann\u00e9es une r\u00e9f\u00e9rence fran\u00e7aise et mondiale de la discipline. Redoutable finisseur, il d\u00e9tient un incroyable record, r\u00e9alis\u00e9 en 2022 lors de l\u2019\u00e9tape de Hong-Kong, consid\u00e9r\u00e9e comme La Mecque du rugby \u00e0 7. <strong>En 6 matchs, il a inscrit 11 essais<\/strong> : seuls le Fidjien Vilimoni Delasau (2000) et le Sud-Africain Brent Russell (2002) ont fait autant sur une seule \u00e9tape.<\/p>\n<p class=\" wall-content\">Personnalisez votre actualit\u00e9 en ajoutant vos villes et m\u00e9dias en favori avec <a href=\"https:\/\/moncompte.actu.fr\" title=\"D\u00e9couvez Mon Actu\" rel=\"nofollow noopener\" data-trk=\"{&quot;cta&quot;:{&quot;action&quot;:&quot;https:\\\/\\\/moncompte.actu.fr&quot;,&quot;category&quot;:&quot;mon compte&quot;,&quot;from&quot;:&quot;article footer&quot;,&quot;name&quot;:&quot;Mon actu&quot;,&quot;type&quot;:&quot;cta&quot;}}\" target=\"_blank\">Mon Actu<\/a>.<\/p>\n<p>                    <script async src=\"\/\/www.instagram.com\/embed.js\"><\/script><\/p>\n","protected":false},"excerpt":{"rendered":"Par Cl\u00e9ment Mazella Publi\u00e9 le 23 oct. 2025 \u00e0 6h30 Nous allons \u00eatre honn\u00eates : nous n\u2019avions pas&hellip;\n","protected":false},"author":2,"featured_media":484050,"comment_status":"","ping_status":"","sticky":false,"template":"","format":"standard","meta":{"footnotes":""},"categories":[1416],"tags":[1011,27,479,1468,12098,60,513],"class_list":{"0":"post-484049","1":"post","2":"type-post","3":"status-publish","4":"format-standard","5":"has-post-thumbnail","7":"category-rugby","8":"tag-fr","9":"tag-france","10":"tag-rugby","11":"tag-rugby-football","12":"tag-section-paloise","13":"tag-sports","14":"tag-xv-de-france"},"share_on_mastodon":{"url":"https:\/\/pubeurope.com\/@fr\/115422828480988061","error":""},"_links":{"self":[{"href":"https:\/\/www.europesays.com\/fr\/wp-json\/wp\/v2\/posts\/484049","targetHints":{"allow":["GET"]}}],"collection":[{"href":"https:\/\/www.europesays.com\/fr\/wp-json\/wp\/v2\/posts"}],"about":[{"href":"https:\/\/www.europesays.com\/fr\/wp-json\/wp\/v2\/types\/post"}],"author":[{"embeddable":true,"href":"https:\/\/www.europesays.com\/fr\/wp-json\/wp\/v2\/users\/2"}],"replies":[{"embeddable":true,"href":"https:\/\/www.europesays.com\/fr\/wp-json\/wp\/v2\/comments?post=484049"}],"version-history":[{"count":0,"href":"https:\/\/www.europesays.com\/fr\/wp-json\/wp\/v2\/posts\/484049\/revisions"}],"wp:featuredmedia":[{"embeddable":true,"href":"https:\/\/www.europesays.com\/fr\/wp-json\/wp\/v2\/media\/484050"}],"wp:attachment":[{"href":"https:\/\/www.europesays.com\/fr\/wp-json\/wp\/v2\/media?parent=484049"}],"wp:term":[{"taxonomy":"category","embeddable":true,"href":"https:\/\/www.europesays.com\/fr\/wp-json\/wp\/v2\/categories?post=484049"},{"taxonomy":"post_tag","embeddable":true,"href":"https:\/\/www.europesays.com\/fr\/wp-json\/wp\/v2\/tags?post=484049"}],"curies":[{"name":"wp","href":"https:\/\/api.w.org\/{rel}","templated":true}]}}