{"id":484056,"date":"2025-10-23T09:46:13","date_gmt":"2025-10-23T09:46:13","guid":{"rendered":"https:\/\/www.europesays.com\/fr\/484056\/"},"modified":"2025-10-23T09:46:13","modified_gmt":"2025-10-23T09:46:13","slug":"quatre-autres-recrues-pour-decathlon-ag2r-la-mondiale-dt-actualite","status":"publish","type":"post","link":"https:\/\/www.europesays.com\/fr\/484056\/","title":{"rendered":"Quatre autres recrues pour Decathlon AG2R LA Mondiale DT &#8211; Actualit\u00e9"},"content":{"rendered":"<p style=\"text-align: justify;\"><strong><a href=\"https:\/\/www.directvelo.com\/equipe\/9713\/decathlon-ag2r-la-mondiale-dt\" target=\"_blank\" rel=\"noopener\">Apr\u00e8s les trois premiers noms annonc\u00e9s,<\/a><\/strong>\u00a0l\u2019\u00e9quipe de d\u00e9veloppement de Decathlon AG2R La Mondiale a d\u00e9voil\u00e9 ses quatre autres<strong>\u00a0<\/strong>recrues pour la saison 2026. Il s&rsquo;agit de\u00a0R\u00e9mi Arsac (Bourg-en-Bresse Ain Cyclisme), Alexis Bouteloup (Team Avesnois), qui a couru en fin de saison avec la U19 de Decathlon AG2R La Mondiale, Conor Murphy (Caldwell Cycles) et\u00a0Liam Van Bylen (Lotto DT).<\/p>\n<p>R\u00e9mi Arsac &#8211; notre photo -, 20 ans,\u00a0<strong>a\u00a0fini cette ann\u00e9e 2e du Grand Prix de Longes, 4e du Grand Prix de la ville de Foug\u00e8res, 6e du Circuit des Deux Ponts, 7e de trois \u00e9tapes et du g\u00e9n\u00e9ral du Tour du Val d&rsquo;Aoste (2.2U) et Tour du Pays Roannais ou encore 14e de la Ronde de l\u2019Isard (2.2U).<\/strong><\/p>\n<p>Alexis Bouteloup, 18 ans,\u00a0a termin\u00e9 2e du Challenge DirectVelo Juniors. Il totalise neuf victoires dont\u00a0une \u00e9tape du Tour de l&rsquo;Abitibi, de la Philippe Gilbert et des Boucles de l&rsquo;Oise en UCI, ainsi que l&rsquo;Oise U19, les Boucles de Seine-et-Marne-Souvenir Bernard Maillet, une \u00e9tape et le g\u00e9n\u00e9ral de la la Bercycle, deux \u00e9tapes du Tour de l&rsquo;Eure Juniors\u00a0<\/p>\n<p>Conor Murphy, 18 ans, a remport\u00e9 une \u00e9tape de la Course de la Paix Juniors, le Championnat d\u2019Irlande du chrono et de la course en ligne. Il a obtenu la m\u00e9daille d\u2019argent lors du Championnat d\u2019Europe U19 du contre-la-montre.<\/p>\n<p>Liam Van Bylen est le Champion de Belgique Espoirs. Il a \u00e9galement remport\u00e9 une \u00e9tape du Tour de Boh\u00e8me Occidentale (2.2U) et l\u2019Omloop Het Nieuwsblad Espoirs.\u00a0Le coureur de 20 ans s\u2019est aussi class\u00e9 2e de Zuid-Kempense Pijl, 3e du Youngster Coast Challenge (1.2U), 4e d\u2019une \u00e9tape du Tour de Slovaquie ( 2.1), 6e d\u2019une \u00e9tape du Tour Alsace (2.2), 9e du GP Rik Van Looy (1.2), 13e du GP Cerami (1.2), 16e de la Kattekoers &#8211; Gent-Wevelgem (1.2U) et 18e du Paris-Roubaix Espoirs (1.2U).<\/p>\n<p>Retrouvez tous les transferts de l\u2019intersaison 2025-2026<strong>\u00a0<a href=\"https:\/\/www.directvelo.com\/mutations\/2026\" target=\"_blank\" rel=\"noopener\">en cliquant ici<\/a>.\u00a0<\/strong><\/p>\n","protected":false},"excerpt":{"rendered":"Apr\u00e8s les trois premiers noms annonc\u00e9s,\u00a0l\u2019\u00e9quipe de d\u00e9veloppement de Decathlon AG2R La Mondiale a d\u00e9voil\u00e9 ses quatre autres\u00a0recrues&hellip;\n","protected":false},"author":2,"featured_media":484057,"comment_status":"","ping_status":"","sticky":false,"template":"","format":"standard","meta":{"footnotes":""},"categories":[1411],"tags":[834,828,836,829,837,827,83,826,824,823,1154,207,814,817,815,816,822,821,832,211,839,1011,27,820,818,819,835,831,830,833,838,60,212,208,825],"class_list":{"0":"post-484056","1":"post","2":"type-post","3":"status-publish","4":"format-standard","5":"has-post-thumbnail","7":"category-cyclisme","8":"tag-attaque","9":"tag-belgique","10":"tag-braquet","11":"tag-bretagne","12":"tag-chute","13":"tag-competition","14":"tag-coupe-de-france","15":"tag-coureur","16":"tag-course-cyclisme","17":"tag-course-cycliste","18":"tag-cycling","19":"tag-cyclisme","20":"tag-direct","21":"tag-direct-velo","22":"tag-directvelo","23":"tag-directvelo-com","24":"tag-epreuve","25":"tag-epreuve-cycliste","26":"tag-federation-francaise-de-cyclisme","27":"tag-ffc","28":"tag-flandres","29":"tag-fr","30":"tag-france","31":"tag-live","32":"tag-live-course","33":"tag-live-epreuve","34":"tag-peloton","35":"tag-radio-peloton","36":"tag-radio-tour","37":"tag-ravitaillement","38":"tag-relance","39":"tag-sports","40":"tag-uci","41":"tag-velo","42":"tag-velos"},"share_on_mastodon":{"url":"https:\/\/pubeurope.com\/@fr\/115422847585344554","error":""},"_links":{"self":[{"href":"https:\/\/www.europesays.com\/fr\/wp-json\/wp\/v2\/posts\/484056","targetHints":{"allow":["GET"]}}],"collection":[{"href":"https:\/\/www.europesays.com\/fr\/wp-json\/wp\/v2\/posts"}],"about":[{"href":"https:\/\/www.europesays.com\/fr\/wp-json\/wp\/v2\/types\/post"}],"author":[{"embeddable":true,"href":"https:\/\/www.europesays.com\/fr\/wp-json\/wp\/v2\/users\/2"}],"replies":[{"embeddable":true,"href":"https:\/\/www.europesays.com\/fr\/wp-json\/wp\/v2\/comments?post=484056"}],"version-history":[{"count":0,"href":"https:\/\/www.europesays.com\/fr\/wp-json\/wp\/v2\/posts\/484056\/revisions"}],"wp:featuredmedia":[{"embeddable":true,"href":"https:\/\/www.europesays.com\/fr\/wp-json\/wp\/v2\/media\/484057"}],"wp:attachment":[{"href":"https:\/\/www.europesays.com\/fr\/wp-json\/wp\/v2\/media?parent=484056"}],"wp:term":[{"taxonomy":"category","embeddable":true,"href":"https:\/\/www.europesays.com\/fr\/wp-json\/wp\/v2\/categories?post=484056"},{"taxonomy":"post_tag","embeddable":true,"href":"https:\/\/www.europesays.com\/fr\/wp-json\/wp\/v2\/tags?post=484056"}],"curies":[{"name":"wp","href":"https:\/\/api.w.org\/{rel}","templated":true}]}}