{"id":484060,"date":"2025-10-23T09:48:10","date_gmt":"2025-10-23T09:48:10","guid":{"rendered":"https:\/\/www.europesays.com\/fr\/484060\/"},"modified":"2025-10-23T09:48:10","modified_gmt":"2025-10-23T09:48:10","slug":"il-franchit-une-nouvelle-etape-avec-sa-compagne","status":"publish","type":"post","link":"https:\/\/www.europesays.com\/fr\/484060\/","title":{"rendered":"il franchit une nouvelle \u00e9tape avec sa compagne"},"content":{"rendered":"<p><strong>Harmonie.<\/strong> En couple avec\u00a0Ines de Ramon depuis trois ans, <a href=\"https:\/\/www.journaldesfemmes.fr\/people\/brad-pitt\/\" title=\"Brad Pit\" target=\"_blank\" rel=\"noopener\">Brad Pitt<\/a> a d\u00e9cid\u00e9 d&#8217;emm\u00e9nager avec la jeune femme de 32 ans dans une nouvelle demeure. \u00ab\u00a0Ils transforment vraiment leur maison en un foyer (&#8230;)\u00a0Brad int\u00e8gre vraiment Ines \u00e0 tous ses projets de voyage et, quand ils sont \u00e0 la maison, ils se d\u00e9tendent ensemble\u00a0\u00bb, a confi\u00e9 un proche de l&rsquo;acteur de 61 ans au magazine People.<\/p>\n","protected":false},"excerpt":{"rendered":"Harmonie. En couple avec\u00a0Ines de Ramon depuis trois ans, Brad Pitt a d\u00e9cid\u00e9 d&#8217;emm\u00e9nager avec la jeune femme&hellip;\n","protected":false},"author":2,"featured_media":484061,"comment_status":"","ping_status":"","sticky":false,"template":"","format":"standard","meta":{"footnotes":""},"categories":[1359],"tags":[2134,60735,51761,58,59,52292,1011,27,51766,1031,973],"class_list":{"0":"post-484060","1":"post","2":"type-post","3":"status-publish","4":"format-standard","5":"has-post-thumbnail","7":"category-people","8":"tag-brad-pitt","9":"tag-cms-journaldesfemmes-3245096","10":"tag-controller-content","11":"tag-divertissement","12":"tag-entertainment","13":"tag-format-reportage","14":"tag-fr","15":"tag-france","16":"tag-les-histoires-du-jdf","17":"tag-magazine","18":"tag-people"},"share_on_mastodon":{"url":"https:\/\/pubeurope.com\/@fr\/115422855584433953","error":""},"_links":{"self":[{"href":"https:\/\/www.europesays.com\/fr\/wp-json\/wp\/v2\/posts\/484060","targetHints":{"allow":["GET"]}}],"collection":[{"href":"https:\/\/www.europesays.com\/fr\/wp-json\/wp\/v2\/posts"}],"about":[{"href":"https:\/\/www.europesays.com\/fr\/wp-json\/wp\/v2\/types\/post"}],"author":[{"embeddable":true,"href":"https:\/\/www.europesays.com\/fr\/wp-json\/wp\/v2\/users\/2"}],"replies":[{"embeddable":true,"href":"https:\/\/www.europesays.com\/fr\/wp-json\/wp\/v2\/comments?post=484060"}],"version-history":[{"count":0,"href":"https:\/\/www.europesays.com\/fr\/wp-json\/wp\/v2\/posts\/484060\/revisions"}],"wp:featuredmedia":[{"embeddable":true,"href":"https:\/\/www.europesays.com\/fr\/wp-json\/wp\/v2\/media\/484061"}],"wp:attachment":[{"href":"https:\/\/www.europesays.com\/fr\/wp-json\/wp\/v2\/media?parent=484060"}],"wp:term":[{"taxonomy":"category","embeddable":true,"href":"https:\/\/www.europesays.com\/fr\/wp-json\/wp\/v2\/categories?post=484060"},{"taxonomy":"post_tag","embeddable":true,"href":"https:\/\/www.europesays.com\/fr\/wp-json\/wp\/v2\/tags?post=484060"}],"curies":[{"name":"wp","href":"https:\/\/api.w.org\/{rel}","templated":true}]}}