{"id":484081,"date":"2025-10-23T10:00:12","date_gmt":"2025-10-23T10:00:12","guid":{"rendered":"https:\/\/www.europesays.com\/fr\/484081\/"},"modified":"2025-10-23T10:00:12","modified_gmt":"2025-10-23T10:00:12","slug":"en-direct-tempete-benjamin-des-rafales-jusqua-161-km-h-a-fecamp-liberation","status":"publish","type":"post","link":"https:\/\/www.europesays.com\/fr\/484081\/","title":{"rendered":"EN DIRECT &#8211; Temp\u00eate Benjamin : des rafales jusqu\u2019\u00e0 161 km\/h \u00e0 F\u00e9camp &#8211; Lib\u00e9ration"},"content":{"rendered":"<ol>\n<li><a href=\"https:\/\/news.google.com\/rss\/articles\/CBMihgJBVV95cUxNOTFoaEZLVl9WZGVpOTdLclhwRV9hZHE3T252V2s4bm5pSmVzUUpaZ0hFREI5MzQ4a0dmUW0yRU9WOWpySlFJV3g4UEk1RWdYN2N1YXlOUk1zMFFUZk1DdVhkcTlXOHU0RTRNVnQ2djlGdDZWWXNFS3o2N2c4SWY4UUNmSFlodDF2eks1REpGNFBMclMtU19Od055SmZNTV9LVWtDUmR1eHV1aDRTRWVrNlZrVDRaaUQ3aTAtcXVzeDNNdm4xM0UtOGN0WFJwVlVYY3N0SXh4N2lZazF3ZWExbE1mLWtfSUR1Xzl1OUsxUjJROEtZeE4ySG9OYWNLbkxWWWRTZ3Jn?oc=5\" target=\"_blank\" rel=\"noopener\">EN DIRECT &#8211; Temp\u00eate Benjamin : des rafales jusqu\u2019\u00e0 161 km\/h \u00e0 F\u00e9camp<\/a>&nbsp;&nbsp;Lib\u00e9ration<\/li>\n<li><a href=\"https:\/\/news.google.com\/rss\/articles\/CBMihgFBVV95cUxOdEswd3VOR1JmX2luUkZINFpHWEdQNEFCY2xZNVByMlhPalFJYjNsX0tOVWlUeDI0NVVrTExjV2Jac2ZucnZVYi1WN0ZWMFdSSnJFMElCelNBUEFtUGRQdnFvOEdIYWx5RDlaT3hTaDl1V2pMV1VOV2xqVGpZaTlBcFpyS0hrZw?oc=5\" target=\"_blank\" rel=\"noopener\">Alerte M\u00e9t\u00e9o : Temp\u00eate Benjamin ce jeudi<\/a>&nbsp;&nbsp;La Cha\u00eene M\u00e9t\u00e9o<\/li>\n<li><a href=\"https:\/\/news.google.com\/rss\/articles\/CBMi_wFBVV95cUxOVHhrMDFWalA3bGVhanRBS0p6X1IwLXI5Wi1VLWJReEFkOTZTY1U4dk1jb1I4TlZrLWRUdUVzSVFRelFvNWFBWmFoSEYxNFZBc3VyTUtEdDVVWlBobm9uM2pILUwzUVJBNVM2RUNxMHN4VGFMUFVTTWwyN1BsLWgzd0VHZkJVS2k0UDhlTllfSTdzbEw5UmNkVWZJNkZGbTBmT0R6WFRpcmR0cjVzUUxkUHJSQnFwLV9ZWHJGOFVyckhFemVfQmI3V1BWNkc0VDlHQVBvZWtvY1VGVDc5YXFrVWczREZUcDJ3bTNHdHkyZ3BVUVJCc0gxNE9Cam9EeDA?oc=5\" target=\"_blank\" rel=\"noopener\">Temp\u00eate Benjamin : plus de cent appels et une vingtaine d\u2019interventions des pompiers en Vend\u00e9e<\/a>&nbsp;&nbsp;Ouest-France<\/li>\n<li><a href=\"https:\/\/news.google.com\/rss\/articles\/CBMilwJBVV95cUxNRElrelhGbHVwUmJyRXV3NTE5TU93SUlRaGhTTmZRS3pkTnlwUFhoRkZQekVpbVFkT1RPbW5MeUhfaHpxNS0yMEdWQlZMTERtZjJSM1hkejN1cmpMekVHbF9aLWRfTHJrODBoWGJESWJ0LVU4RnNyN3M0RkVKT2poWWZNcDRhdmFwZ05LbEhvSFdjclBoa3A3RS11TkRJWUtaR0gwVS00aWJ4aUNhNEU1UWN0RnljSmxEX2FLMzBWRlJqRnMzdlhFakRWMm1hNGFPZ2t0cjRwWlA5cHBHU3NJaTRucnZxUFFiSnlnQ25HWTdobEVZeHdYeTF0WGp5QWdxN1l5ZXNfZmg1Y1k1eHd3THI1dlg5ckU?oc=5\" target=\"_blank\" rel=\"noopener\">Temp\u00eate Benjamin : 19 d\u00e9partements en vigilance orange pour vents violents, plus de 100 000 foyers priv\u00e9s d\u2019\u00e9lectricit\u00e9<\/a>&nbsp;&nbsp;Le Monde.fr<\/li>\n<li><a href=\"https:\/\/news.google.com\/rss\/articles\/CBMimwFBVV95cUxNbDhMeXFNMEFEc3RyYXpUSHkwY0JXTE5sT2NhNDFDamlxREpEN1RVMTdJU0dlVnZHZS1Yd0x0aXdqWmVXZ2NYcWVfcVBfdTItelM5UVczdTI2U09JOXdYNnlfd0dyV29FcEd0dXdEN3AxZk9IQzhmVXBmdzZKVTZpSVdTTmNEX2FmTUpZTDNFSGNiUlFHYVZiT0RHZw?oc=5\" target=\"_blank\" rel=\"noopener\">Temp\u00eate Benjamin : fort coup de vent sur le pays d\u00e8s mercredi soir<\/a>&nbsp;&nbsp;METEO France<\/li>\n<\/ol>\n","protected":false},"excerpt":{"rendered":"EN DIRECT &#8211; Temp\u00eate Benjamin : des rafales jusqu\u2019\u00e0 161 km\/h \u00e0 F\u00e9camp&nbsp;&nbsp;Lib\u00e9ration Alerte M\u00e9t\u00e9o : Temp\u00eate Benjamin&hellip;\n","protected":false},"author":2,"featured_media":484082,"comment_status":"","ping_status":"","sticky":false,"template":"","format":"standard","meta":{"footnotes":""},"categories":[4],"tags":[11,829,7343,1011,27,811,17410,12,5161,2219,2636,25],"class_list":{"0":"post-484081","1":"post","2":"type-post","3":"status-publish","4":"format-standard","5":"has-post-thumbnail","7":"category-france","8":"tag-actualites","9":"tag-bretagne","10":"tag-centre-val-de-loire","11":"tag-fr","12":"tag-france","13":"tag-hauts-de-france","14":"tag-intemperies-inondations-crues","15":"tag-news","16":"tag-normandie","17":"tag-nouvelle-aquitaine","18":"tag-pays-de-la-loire","19":"tag-republique-francaise"},"share_on_mastodon":{"url":"https:\/\/pubeurope.com\/@fr\/115422902707094246","error":""},"_links":{"self":[{"href":"https:\/\/www.europesays.com\/fr\/wp-json\/wp\/v2\/posts\/484081","targetHints":{"allow":["GET"]}}],"collection":[{"href":"https:\/\/www.europesays.com\/fr\/wp-json\/wp\/v2\/posts"}],"about":[{"href":"https:\/\/www.europesays.com\/fr\/wp-json\/wp\/v2\/types\/post"}],"author":[{"embeddable":true,"href":"https:\/\/www.europesays.com\/fr\/wp-json\/wp\/v2\/users\/2"}],"replies":[{"embeddable":true,"href":"https:\/\/www.europesays.com\/fr\/wp-json\/wp\/v2\/comments?post=484081"}],"version-history":[{"count":0,"href":"https:\/\/www.europesays.com\/fr\/wp-json\/wp\/v2\/posts\/484081\/revisions"}],"wp:featuredmedia":[{"embeddable":true,"href":"https:\/\/www.europesays.com\/fr\/wp-json\/wp\/v2\/media\/484082"}],"wp:attachment":[{"href":"https:\/\/www.europesays.com\/fr\/wp-json\/wp\/v2\/media?parent=484081"}],"wp:term":[{"taxonomy":"category","embeddable":true,"href":"https:\/\/www.europesays.com\/fr\/wp-json\/wp\/v2\/categories?post=484081"},{"taxonomy":"post_tag","embeddable":true,"href":"https:\/\/www.europesays.com\/fr\/wp-json\/wp\/v2\/tags?post=484081"}],"curies":[{"name":"wp","href":"https:\/\/api.w.org\/{rel}","templated":true}]}}