{"id":484105,"date":"2025-10-23T10:13:19","date_gmt":"2025-10-23T10:13:19","guid":{"rendered":"https:\/\/www.europesays.com\/fr\/484105\/"},"modified":"2025-10-23T10:13:19","modified_gmt":"2025-10-23T10:13:19","slug":"grenoble-cest-quoi-ces-immeubles-sortis-de-terre-dans-ce-quartier-entierement-refait","status":"publish","type":"post","link":"https:\/\/www.europesays.com\/fr\/484105\/","title":{"rendered":"Grenoble. C&rsquo;est quoi ces immeubles sortis de terre dans ce quartier enti\u00e8rement refait"},"content":{"rendered":"<p>            Par<br \/>\n        <strong><br \/>\n            <a href=\"https:\/\/actu.fr\/auteur\/lisa-rodrigues\" title=\"Consulter tous les articles de Lisa Rodrigues\" target=\"_blank\" rel=\"noopener\">Lisa Rodrigues<\/a><br \/>\n        <\/strong><\/p>\n<p>        Publi\u00e9 le<\/p>\n<p>            23 oct. 2025 \u00e0 11h12        <\/p>\n<p>C\u2019est l\u2019un des grands chantiers d\u2019urbanisme de la Ville de <a href=\"https:\/\/actu.fr\/auvergne-rhone-alpes\/grenoble_38185\" target=\"_blank\" rel=\"noopener\">Grenoble<\/a> : le <strong>quartier Flaubert<\/strong> se refait une beaut\u00e9. Ce futur \u00e9coquartier \u00e0 la jonction entre la Villeneuve et Bajati\u00e8re prend forme avec des espaces verts, b\u00e2timents \u00e9co-con\u00e7us et nouveaux services progressivement ouverts.<\/p>\n<p class=\" wall-content\">Le dernier-n\u00e9 est <strong>une r\u00e9sidence rue Louise-Sagnier<\/strong>, construite par le promoteur immobilier Is\u00e8re Habitat. Petit tour du propri\u00e9taire.<\/p>\n<p>    <a href=\"https:\/\/www.google.com\/maps\/embed?pb=!1m18!1m12!1m3!1d2365.210233338513!2d5.726141237586512!3d45.172421613371085!2m3!1f0!2f0!3f0!3m2!1i1024!2i768!4f13.1!3m3!1m2!1s0x478af4bf008c3c51%3A0xbed7d4862363f775!2s3%20Rue%20Louise%20Sagnier%2C%2038000%20Grenoble!5e0!3m2!1sfr!2sfr!4v1760434779880!5m2!1sfr!2sfr\" title=\"Ouvrie le lien\" target=\"_blank\" rel=\"noopener\">Cliquez ici pour visualiser le contenu<\/a><\/p>\n<p>Les \u00e9quipements propos\u00e9s<\/p>\n<p class=\" wall-content\">Le b\u00e2timent, baptis\u00e9 Bois &amp; R\u00eave\u2019s et livr\u00e9 cet \u00e9t\u00e9, est compos\u00e9 de <strong>27 appartements T3 et T4<\/strong> r\u00e9partis sur deux b\u00e2timents de 4 \u00e9tages. \u00ab\u00a0Chaque logement b\u00e9n\u00e9ficie d\u2019une place de stationnement privative, couverte et s\u00e9curis\u00e9e\u00a0\u00bb, indique Is\u00e8re Habitat dans un communiqu\u00e9.<\/p>\n<p><a class=\"jo-module-caroussel__img-container\" href=\"https:\/\/static.actu.fr\/uploads\/2025\/10\/residence-grenoble-1.jpg\" title=\"Agrandir la photo Une nouvelle r\u00e9sidence de 27 logements vient d\u2019\u00eatre inaugur\u00e9e dans le nouvel \u00e9coquartier Flaubert, \u00e0 Grenoble. (\u00a9 Document remis \u00e0 actu Grenoble \/ Isere Habitat\u00a0- Nicolas Pianfetti)\" data-idx=\"1\" target=\"_blank\" rel=\"noopener\"><br \/>\n    <img decoding=\"async\" class=\"jo-module-caroussel__img\" loading=\"lazy\" src=\"https:\/\/www.europesays.com\/fr\/wp-content\/uploads\/2025\/10\/residence-grenoble-1-640x427.jpg\" alt=\"Une nouvelle r\u00e9sidence de 27 logements vient d\u2019\u00eatre inaugur\u00e9e dans le nouvel \u00e9coquartier Flaubert, \u00e0 Grenoble. (\u00a9 Document remis \u00e0 actu Grenoble \/ Isere Habitat\u00a0- Nicolas Pianfetti)\" width=\"640\" height=\"427\"\/><\/a><a class=\"jo-module-caroussel__img-container\" href=\"https:\/\/static.actu.fr\/uploads\/2025\/10\/residence-grenoble-5.jpg\" title=\"Agrandir la photo Une nouvelle r\u00e9sidence de 27 logements vient d\u2019\u00eatre inaugur\u00e9e dans le nouvel \u00e9coquartier Flaubert, \u00e0 Grenoble. (\u00a9 Document remis \u00e0 actu Grenoble \/ Isere Habitat\u00a0- Nicolas Pianfetti)\" data-idx=\"2\" target=\"_blank\" rel=\"noopener\"><br \/>\n    <img decoding=\"async\" class=\"jo-module-caroussel__img\" loading=\"lazy\" src=\"https:\/\/www.europesays.com\/fr\/wp-content\/uploads\/2025\/10\/residence-grenoble-5-640x427.jpg\" alt=\"Une nouvelle r\u00e9sidence de 27 logements vient d\u2019\u00eatre inaugur\u00e9e dans le nouvel \u00e9coquartier Flaubert, \u00e0 Grenoble. (\u00a9 Document remis \u00e0 actu Grenoble \/ Isere Habitat\u00a0- Nicolas Pianfetti)\" width=\"640\" height=\"427\"\/><\/a><\/p>\n<p class=\" wall-content\">Chaque appartement dispose \u00e9galement d\u2019un<strong> espace ext\u00e9rieur privatif<\/strong>, un balcon ou une terrasse, \u00ab\u00a0favorisant la luminosit\u00e9 et la ventilation naturelle\u00a0\u00bb.<\/p>\n<p>    <img   decoding=\"async\" loading=\"lazy\" src=\"https:\/\/www.europesays.com\/fr\/wp-content\/uploads\/2025\/10\/residence-grenoble-4-960x640.jpg\" alt=\"Chaque logement b\u00e9n\u00e9ficie d'un espace privatif ext\u00e9rieur, une terrasse ou un balcon.\" width=\"960\" height=\"640\"\/><br \/>\n    Chaque logement b\u00e9n\u00e9ficie d\u2019un espace privatif ext\u00e9rieur, une terrasse ou un balcon. (\u00a9Document remis \u00e0 actu Grenoble \/ Isere Habitat\u00a0\u2013 Nicolas Pianfetti)<\/p>\n<p>Votre r\u00e9gion, votre actu !<\/p>\n<p>Recevez chaque jour les infos qui comptent pour vous.<\/p>\n<p>\t<a href=\"https:\/\/actu.fr\/newsletter\" class=\"ac-btn ac-btn--corner ac-btn--medium ac-btn--blue800\" target=\"_blank\" rel=\"noopener\">S&rsquo;incrire<\/a><\/p>\n<p class=\" wall-content\">Une terrasse collective de 50 m\u00b2 est par ailleurs ouverte aux occupants, qui b\u00e9n\u00e9ficient aussi d\u2019un espace de compostage. Des ateliers participatifs sont organis\u00e9s pour offrir \u00ab\u00a0un cadre de vie durable et convivial.\u00a0\u00bb<\/p>\n<p class=\" wall-content\">Enfin, ces logements neufs se veulent accessibles aux propri\u00e9taires aux revenus modestes. Le <strong>prix moyen affich\u00e9 au m\u00b2 est de 2 850 \u20ac TTC<\/strong>. Tous ont trouv\u00e9 preneurs, d\u2019apr\u00e8s le promoteur.<\/p>\n<p>Panneaux photovolta\u00efques et mat\u00e9riaux biosourc\u00e9s<\/p>\n<p class=\" wall-content\">Les mat\u00e9riaux biosourc\u00e9s, notamment le bois, la laine de bois et la terre crue, occupent une place importante. Un engagement en faveur du d\u00e9veloppement durable est mis en avant et \u00ab\u00a0s\u2019inscrit pleinement dans les valeurs de l\u2019\u00e9coquartier Flaubert\u00a0\u00bb.<\/p>\n<p class=\" wall-content\">Les <strong>toits terrasses<\/strong> sont \u00e9quip\u00e9s de panneaux photovolta\u00efques pour la production d\u2019\u00e9nergie des b\u00e2timents, reli\u00e9s au chauffage urbain.<\/p>\n<p>    <img   decoding=\"async\" loading=\"lazy\" src=\"https:\/\/www.europesays.com\/fr\/wp-content\/uploads\/2025\/10\/residence-grenoble-3-960x640.jpg\" alt=\"Les toits terrasses des deux b\u00e2timents de la r\u00e9sidence sont \u00e9quip\u00e9s de panneaux photovolta\u00efques.\" width=\"960\" height=\"640\"\/><br \/>\n    Les toits terrasses des deux b\u00e2timents de la r\u00e9sidence sont \u00e9quip\u00e9s de panneaux photovolta\u00efques. (\u00a9Document remis \u00e0 actu Grenoble \/ Isere Habitat\u00a0\u2013 Nicolas Pianfetti)<\/p>\n<p class=\" wall-content\">Des espaces verts, plantes grimpantes et cl\u00f4tures en bois compl\u00e8tent les \u00e9quipements ext\u00e9rieurs, tout en participant \u00ab\u00a0\u00e0 la biodiversit\u00e9 et \u00e0 la fra\u00eecheur urbaine\u00a0\u00bb.<\/p>\n<p>Premier pallier attendu en 2026<\/p>\n<p class=\" wall-content\">\u00c0 terme, le <a href=\"https:\/\/actu.fr\/auvergne-rhone-alpes\/grenoble_38185\/grenoble-ce-quartier-va-se-transformer-voici-a-quoi-il-va-ressembler_61359211.html\" target=\"_blank\" rel=\"noopener\">quartier Flaubert<\/a> comptera 1 400 nouveaux logements, pr\u00e8s de 6 hectares de parc public, divers services \u2013 dont une \u00e9cole et un Ehpad \u2013 r\u00e9partis sur 90 hectares, selon les derni\u00e8res annonces de la mairie de Grenoble.<\/p>\n<p class=\" wall-content\">Des espaces de fra\u00eecheur entre les divers b\u00e2timents construits sur d\u2019anciennes friches industrielles sont aussi pr\u00e9vus.<\/p>\n<p class=\" wall-content\">La premi\u00e8re grande partie des travaux du quartier doit se terminer en 2026, avec l\u2019extension du parc Flaubert.<\/p>\n<p class=\" wall-content\">Personnalisez votre actualit\u00e9 en ajoutant vos villes et m\u00e9dias en favori avec <a href=\"https:\/\/moncompte.actu.fr\" title=\"D\u00e9couvez Mon Actu\" rel=\"nofollow noopener\" data-trk=\"{&quot;cta&quot;:{&quot;action&quot;:&quot;https:\\\/\\\/moncompte.actu.fr&quot;,&quot;category&quot;:&quot;mon compte&quot;,&quot;from&quot;:&quot;article footer&quot;,&quot;name&quot;:&quot;Mon actu&quot;,&quot;type&quot;:&quot;cta&quot;}}\" target=\"_blank\">Mon Actu<\/a>.<\/p>\n","protected":false},"excerpt":{"rendered":"Par Lisa Rodrigues Publi\u00e9 le 23 oct. 2025 \u00e0 11h12 C\u2019est l\u2019un des grands chantiers d\u2019urbanisme de la&hellip;\n","protected":false},"author":2,"featured_media":484106,"comment_status":"","ping_status":"","sticky":false,"template":"","format":"standard","meta":{"footnotes":""},"categories":[9566],"tags":[1111,11,2430,33,1777,674,1011,27,2731,1116,1908,12,25],"class_list":{"0":"post-484105","1":"post","2":"type-post","3":"status-publish","4":"format-standard","5":"has-post-thumbnail","7":"category-grenoble","8":"tag-actu","9":"tag-actualites","10":"tag-auvergne-rhone-alpes","11":"tag-economie","12":"tag-eu","13":"tag-europe","14":"tag-fr","15":"tag-france","16":"tag-grenoble","17":"tag-immobilier","18":"tag-logement","19":"tag-news","20":"tag-republique-francaise"},"share_on_mastodon":{"url":"https:\/\/pubeurope.com\/@fr\/115422955111105230","error":""},"_links":{"self":[{"href":"https:\/\/www.europesays.com\/fr\/wp-json\/wp\/v2\/posts\/484105","targetHints":{"allow":["GET"]}}],"collection":[{"href":"https:\/\/www.europesays.com\/fr\/wp-json\/wp\/v2\/posts"}],"about":[{"href":"https:\/\/www.europesays.com\/fr\/wp-json\/wp\/v2\/types\/post"}],"author":[{"embeddable":true,"href":"https:\/\/www.europesays.com\/fr\/wp-json\/wp\/v2\/users\/2"}],"replies":[{"embeddable":true,"href":"https:\/\/www.europesays.com\/fr\/wp-json\/wp\/v2\/comments?post=484105"}],"version-history":[{"count":0,"href":"https:\/\/www.europesays.com\/fr\/wp-json\/wp\/v2\/posts\/484105\/revisions"}],"wp:featuredmedia":[{"embeddable":true,"href":"https:\/\/www.europesays.com\/fr\/wp-json\/wp\/v2\/media\/484106"}],"wp:attachment":[{"href":"https:\/\/www.europesays.com\/fr\/wp-json\/wp\/v2\/media?parent=484105"}],"wp:term":[{"taxonomy":"category","embeddable":true,"href":"https:\/\/www.europesays.com\/fr\/wp-json\/wp\/v2\/categories?post=484105"},{"taxonomy":"post_tag","embeddable":true,"href":"https:\/\/www.europesays.com\/fr\/wp-json\/wp\/v2\/tags?post=484105"}],"curies":[{"name":"wp","href":"https:\/\/api.w.org\/{rel}","templated":true}]}}