{"id":484123,"date":"2025-10-23T10:22:37","date_gmt":"2025-10-23T10:22:37","guid":{"rendered":"https:\/\/www.europesays.com\/fr\/484123\/"},"modified":"2025-10-23T10:22:37","modified_gmt":"2025-10-23T10:22:37","slug":"tempete-benjamin-aeroport-bus-trains-peripherique-les-perturbations-a-nantes","status":"publish","type":"post","link":"https:\/\/www.europesays.com\/fr\/484123\/","title":{"rendered":"Temp\u00eate Benjamin. A\u00e9roport, bus, trains, p\u00e9riph\u00e9rique\u2026 Les perturbations \u00e0 Nantes"},"content":{"rendered":"<p>            Par<br \/>\n        <strong><br \/>\n            <a href=\"https:\/\/actu.fr\/auteur\/redaction-nantes\" title=\"Consulter tous les articles de R\u00e9daction Nantes\" target=\"_blank\" rel=\"noopener\">R\u00e9daction Nantes<\/a><br \/>\n        <\/strong><\/p>\n<p>        Publi\u00e9 le<\/p>\n<p>            23 oct. 2025 \u00e0 9h14        <\/p>\n<p>Le vent souffle fort dans<a href=\"https:\/\/actu.fr\/meteo\/la-tempete-benjamin-vient-d-etre-nommee-et-elle-va-nous-frapper-ce-jeudi-quelles-consequences-en-france_63333035.html\" target=\"_blank\" rel=\"noopener\"> l\u2019Hexagone<\/a>. Ce jeudi 23\u00a0octobre 2025, la temp\u00eate Benjamin touche la France. M\u00e9t\u00e9o-France a <a href=\"https:\/\/actu.fr\/pays-de-la-loire\/nantes_44109\/orages-vent-vagues-submersion-la-loire-atlantique-placee-en-vigilance-pour-la-tempete-benjamin_63336407.html\" target=\"_blank\" rel=\"noopener\">plac\u00e9 le d\u00e9partement de Loire-Atlantique en vigilance jaune pour orages, vents et vague-submersion<\/a>. \u00c0 Nantes, <strong>plusieurs perturbations sont en cours<\/strong>.<\/p>\n<p>Trains et bus<\/p>\n<p class=\" wall-content\">En raison de la m\u00e9t\u00e9o, la circulation des trains est perturb\u00e9e sur le r\u00e9seau ferroviaire. Plusieurs <a href=\"https:\/\/actu.fr\/pays-de-la-loire\/nantes_44109\/tempete-benjamin-des-trains-ter-au-depart-de-nantes-supprimes-en-raison-de-la-meteo_63337224.html\" target=\"_blank\" rel=\"noopener\">TER au d\u00e9part et \u00e0 destination de Nantes ont \u00e9t\u00e9 annul\u00e9s<\/a>. Le tram-train <a href=\"https:\/\/actu.fr\/pays-de-la-loire\/chateaubriant_44036\/tempete-benjamin-aucun-tram-train-nantes-chateaubriant-ne-circulera-ce-jeudi_63338514.html\" target=\"_blank\" rel=\"noopener\">entre Nantes et Ch\u00e2teaubriant ne circule pas aujourd\u2019hui<\/a>.<\/p>\n<p class=\" wall-content\">Sur son compte X (anciennement Twitter), SNCF Ter Pays de la Loire fait <strong>part de retard sur la ligne Ancenis-Nantes, <\/strong>en raison d\u2019un manque d\u2019adh\u00e9rence. \u00c0 l\u2019\u00e9chelle du d\u00e9partement, aucun train ne circule\u2009: entre Savenay et Redon, Savenay et Le Croisic, Pornic et Sainte-Pazanne, Saint-Gilles-Croix-de-Vie (Vend\u00e9e) et Sainte-Pazanne, et les Sables d\u2019Olonne (Vend\u00e9e) et Clisson.<\/p>\n<p class=\" wall-content\">\n<p class=\" wall-content\">Sur le r\u00e9seau de transport en commun Naolib, \u00e0 Nantes, la ligne 2 du tramway a \u00e9t\u00e9 perturb\u00e9e en raison de rails glissants. La circulation avait \u00e9t\u00e9 coup\u00e9e entre les arr\u00eats Le Cardo et Orvault Grand Val. Le tram a repris sa fr\u00e9quence normale \u00e0 8h. Ce jeudi, <strong>la ligne de chronobus C2<\/strong> a \u00e9t\u00e9 <a href=\"https:\/\/x.com\/Naolib_Direct\/status\/1981223096393560069\">prolong\u00e9e jusqu\u2019\u00e0 Orvault Grand Val<\/a>.<\/p>\n<p>Vols annul\u00e9s \u00e0 l\u2019a\u00e9roport de Nantes<\/p>\n<p class=\" wall-content\">En raison des conditions m\u00e9t\u00e9orologiques, certains vols ont \u00e9t\u00e9 annul\u00e9s \u00e0 l\u2019a\u00e9roport Nantes Atlantique. Ce jeudi matin, <strong>tous les vols de la compagnie Transavia<\/strong>, au d\u00e9part de l\u2019a\u00e9roport nantais, <a href=\"https:\/\/www.nantes.aeroport.fr\/fr\/trouvez-votre-destination\/vols-au-depart\" target=\"_blank\" rel=\"noopener\">sont annul\u00e9s<\/a>.<\/p>\n<p class=\" wall-content\">Les vols Air France, en direction de Paris, <strong>de 6h05 et de 10h30 ont \u00e9galement \u00e9t\u00e9 annul\u00e9s<\/strong>.<\/p>\n<p>Votre r\u00e9gion, votre actu !<\/p>\n<p>Recevez chaque jour les infos qui comptent pour vous.<\/p>\n<p>\t<a href=\"https:\/\/actu.fr\/newsletter\" class=\"ac-btn ac-btn--corner ac-btn--medium ac-btn--blue800\" target=\"_blank\" rel=\"noopener\">S&rsquo;incrire<\/a><\/p>\n<p class=\" wall-content\">En revanche, d\u2019autres avions des compagnies Easy Jet, Volotea, KLM Dutch Airlines ou Ryanair ont d\u00e9coll\u00e9 ce jeudi matin.<\/p>\n<p>Restriction sur le pont de Chevir\u00e9<\/p>\n<p class=\" wall-content\">Depuis 21h, ce mercredi 22\u00a0octobre 2025, <strong>des restrictions sont en cours sur le pont de Chevir\u00e9<\/strong>. <a href=\"https:\/\/actu.fr\/pays-de-la-loire\/nantes_44109\/pont-de-chevire-la-circulation-est-interdite-a-certains-vehicules-a-cause-du-vent_63338222.html\" target=\"_blank\" rel=\"noopener\">La circulation est interdite<\/a>\u2009: pour les v\u00e9hicules d\u2019une hauteur sup\u00e9rieure \u00e0 2\u00a0m\u00e8tres, aux v\u00e9hicules attel\u00e9s, aux v\u00e9hicules affect\u00e9s au transport de mati\u00e8res dangereuses et\u00a0aux deux-roues motoris\u00e9s.<\/p>\n<p class=\" wall-content\">En raison de cette restriction, la<strong> ligne du bus 40<\/strong> reliant Mend\u00e8s-France Bellevue \u00e0 Neustrie est <strong>interrompue<\/strong>.\u00a0<\/p>\n<p class=\" wall-content\">Les autres v\u00e9hicules peuvent emprunter l\u2019ouvrage nantais. Ce jeudi matin, la circulation est assez difficile sur le p\u00e9riph\u00e9rique nantais. \u00c0 8\u2009h\u200940, Bison Fut\u00e9 observe <a href=\"https:\/\/www.bison-fute.gouv.fr\/courbes-bouchons,11025.html\" target=\"_blank\" rel=\"noopener\">56,7\u00a0km de bouchons sur le p\u00e9riph\u00e9rique<\/a>.<\/p>\n<p>Parcs et jardins ferm\u00e9s<\/p>\n<p class=\" wall-content\">En raison des pr\u00e9visions m\u00e9t\u00e9orologiques, la Ville de Nantes a <a href=\"https:\/\/actu.fr\/pays-de-la-loire\/nantes_44109\/tempete-benjamin-les-parcs-et-jardins-publics-de-nantes-ferment-a-cause-de-la-meteo_63336120.html\" target=\"_blank\" rel=\"noopener\">d\u00e9cid\u00e9 de fermer les parcs et jardins publics pour la journ\u00e9e<\/a>. D\u2019autres communes de la m\u00e9tropole nantaise ont d\u00e9cid\u00e9 de fermer des espaces verts.<\/p>\n<p>    <a href=\"https:\/\/www.facebook.com\/plugins\/post.php?href=https%3A%2F%2Fwww.facebook.com%2Fstsebsurloire%2Fposts%2Fpfbid0H1W69Faj981BhytofDBQgETEbRUfrU1XFHfgbXgajjiLQanuQCLv1gJ2pGrQn97Vl&amp;show_text=true&amp;width=350\" title=\"Ouvrie le lien\" target=\"_blank\" rel=\"noopener\">Cliquez ici pour visualiser le contenu<\/a><\/p>\n<p class=\" wall-content\">\u00c0<a href=\"https:\/\/actu.fr\/pays-de-la-loire\/saint-sebastien-sur-loire_44190\" target=\"_blank\" rel=\"noopener\"> Saint-S\u00e9bastien-sur-Loire<\/a>, les \u00eeles de Loire sont ferm\u00e9es sont jusqu\u2019\u00e0 16h. Des restrictions de circulation ont \u00e9galement \u00e9t\u00e9 notifi\u00e9es dans d\u2019autres jardins de la commune. La Ville de <a href=\"https:\/\/actu.fr\/pays-de-la-loire\/reze_44143\" target=\"_blank\" rel=\"noopener\">Rez\u00e9<\/a>, a pris la d\u00e9cision de fermer les parcs, jardins municipaux et \u00e9quipements sportifs de plein air.<\/p>\n<p class=\" wall-content\">Personnalisez votre actualit\u00e9 en ajoutant vos villes et m\u00e9dias en favori avec <a href=\"https:\/\/moncompte.actu.fr\" title=\"D\u00e9couvez Mon Actu\" rel=\"nofollow noopener\" data-trk=\"{&quot;cta&quot;:{&quot;action&quot;:&quot;https:\\\/\\\/moncompte.actu.fr&quot;,&quot;category&quot;:&quot;mon compte&quot;,&quot;from&quot;:&quot;article footer&quot;,&quot;name&quot;:&quot;Mon actu&quot;,&quot;type&quot;:&quot;cta&quot;}}\" target=\"_blank\">Mon Actu<\/a>.<\/p>\n","protected":false},"excerpt":{"rendered":"Par R\u00e9daction Nantes Publi\u00e9 le 23 oct. 2025 \u00e0 9h14 Le vent souffle fort dans l\u2019Hexagone. Ce jeudi&hellip;\n","protected":false},"author":2,"featured_media":484124,"comment_status":"","ping_status":"","sticky":false,"template":"","format":"standard","meta":{"footnotes":""},"categories":[2818],"tags":[1111,11,754,1777,674,1011,27,3059,766,12,2636,4013,25,104],"class_list":{"0":"post-484123","1":"post","2":"type-post","3":"status-publish","4":"format-standard","5":"has-post-thumbnail","7":"category-nantes","8":"tag-actu","9":"tag-actualites","10":"tag-aeroport-de-nantes","11":"tag-eu","12":"tag-europe","13":"tag-fr","14":"tag-france","15":"tag-intemperies","16":"tag-nantes","17":"tag-news","18":"tag-pays-de-la-loire","19":"tag-peripherique","20":"tag-republique-francaise","21":"tag-societe"},"share_on_mastodon":{"url":"https:\/\/pubeurope.com\/@fr\/115422989163444435","error":""},"_links":{"self":[{"href":"https:\/\/www.europesays.com\/fr\/wp-json\/wp\/v2\/posts\/484123","targetHints":{"allow":["GET"]}}],"collection":[{"href":"https:\/\/www.europesays.com\/fr\/wp-json\/wp\/v2\/posts"}],"about":[{"href":"https:\/\/www.europesays.com\/fr\/wp-json\/wp\/v2\/types\/post"}],"author":[{"embeddable":true,"href":"https:\/\/www.europesays.com\/fr\/wp-json\/wp\/v2\/users\/2"}],"replies":[{"embeddable":true,"href":"https:\/\/www.europesays.com\/fr\/wp-json\/wp\/v2\/comments?post=484123"}],"version-history":[{"count":0,"href":"https:\/\/www.europesays.com\/fr\/wp-json\/wp\/v2\/posts\/484123\/revisions"}],"wp:featuredmedia":[{"embeddable":true,"href":"https:\/\/www.europesays.com\/fr\/wp-json\/wp\/v2\/media\/484124"}],"wp:attachment":[{"href":"https:\/\/www.europesays.com\/fr\/wp-json\/wp\/v2\/media?parent=484123"}],"wp:term":[{"taxonomy":"category","embeddable":true,"href":"https:\/\/www.europesays.com\/fr\/wp-json\/wp\/v2\/categories?post=484123"},{"taxonomy":"post_tag","embeddable":true,"href":"https:\/\/www.europesays.com\/fr\/wp-json\/wp\/v2\/tags?post=484123"}],"curies":[{"name":"wp","href":"https:\/\/api.w.org\/{rel}","templated":true}]}}