{"id":484190,"date":"2025-10-23T10:59:10","date_gmt":"2025-10-23T10:59:10","guid":{"rendered":"https:\/\/www.europesays.com\/fr\/484190\/"},"modified":"2025-10-23T10:59:10","modified_gmt":"2025-10-23T10:59:10","slug":"en-italie-jacques-louis-david-esquisse-un-millier-de-dessins-et-tente-de-percer-les-mysteres-des-maitres","status":"publish","type":"post","link":"https:\/\/www.europesays.com\/fr\/484190\/","title":{"rendered":"en Italie, Jacques-Louis David esquisse un millier de dessins et tente de percer les myst\u00e8res des ma\u00eetres"},"content":{"rendered":"<p data-module=\"standfirst-editorial-episode\" data-context=\"@media (min-width:48em)\">\n    Devant les beaut\u00e9s de la Campanie, les yeux de David se dessillent. La vue des chefs-d\u2019\u0153uvre de l\u2019Antiquit\u00e9 est pour lui une r\u00e9v\u00e9lation.<\/p>\n<p class=\"fig-paragraph fig-paragraph--dropped\">Cet article est issu du\u00a0<a href=\"https:\/\/boutique.lefigaro.fr\/produit\/141029-david-un-monde-nouveau\" target=\"_blank\" rel=\"noopener\" data-gtm-custom-categorie=\"navigation\" data-gtm-custom-action=\"crossclick\" data-gtm-custom-label=\"Contextuel\" data-gtm-event=\"customEventSPE\">Figaro Hors-S\u00e9rie \u00ab David, un monde nouveau\u00a0\u00bb<\/a> , publi\u00e9 \u00e0 l\u2019occasion de la magistrale exposition \u00ab David\u00a0\u00bb au mus\u00e9e du Louvres. D\u00e9couvrez la vie et l\u2019\u0153uvre du peintre de la R\u00e9volution et de l\u2019Empire, dans les tourmentes de l\u2019Histoire.<\/p>\n<p>    \u00abDavid, un monde nouveau\u00bb.<br \/>\n                Le Figaro hors-s\u00e9rie<\/p>\n<p class=\"fig-paragraph fig-paragraph--dropped\">Il a v\u00e9cu quatre ans au palais Mancini, dans cette\u00a0<a href=\"http:\/\/www.lefigaro.fr\/histoire\/le-forum-romain-la-vallee-des-ambitions-20250614\" data-fig-type=\"Article\" data-gtm-custom-categorie=\"navigation\" data-gtm-custom-action=\"crossclick\" data-gtm-custom-label=\"Contextuel\" data-gtm-event=\"customEventSPE\" data-fig-domain=\"LEFIGARO\" target=\"_blank\" rel=\"noopener\">Rome<\/a>\u00a0o\u00f9 la gloire de l\u2019\u00c9glise \u00e9clate \u00e0 chaque carrefour, et il lui aura fallu attendre les ruines de la profane\u00a0<a href=\"http:\/\/www.lefigaro.fr\/sciences\/un-papyrus-d-herculanum-carbonise-lors-de-l-eruption-du-vesuve-a-ete-dechiffre-20240206\" data-fig-type=\"Article\" data-gtm-custom-categorie=\"navigation\" data-gtm-custom-action=\"crossclick\" data-gtm-custom-label=\"Contextuel\" data-gtm-event=\"customEventSPE\" data-fig-domain=\"LEFIGARO\" target=\"_blank\" rel=\"noopener\">Herculanum<\/a>\u00a0pour conna\u00eetre un miracle. En cet \u00e9t\u00e9 1779, assis sur un bas-relief, entre les pierres \u00e9parses des domus \u00e9boul\u00e9es, David se frotte les yeux. Enfin, il voit\u00a0!<\/p>\n<p class=\"fig-paragraph fig-paragraph--dropped\">Les miracles surgissent toujours quand on les attend le moins. Il en aura pass\u00e9, pourtant, des journ\u00e9es en compagnie de chefs-d\u2019\u0153uvre, au fond des \u00e9glises et des palais\u00a0! Dieu sait qu\u2019il en aura vu, des Madeleine repenties, des Judas honteux, des mises au tombeau en veux-tu en voil\u00e0, des descentes de Croix et des fresques, des trompe-l\u2019\u0153il \u00e0 tous les plafonds, avec Dieu en majest\u00e9, des Christ\u2026<\/p>\n<p class=\"fig-premium-paywall__infos\">\n        Cet article est r\u00e9serv\u00e9 aux abonn\u00e9s.        Il vous reste 80% \u00e0 d\u00e9couvrir.\n    <\/p>\n<p>                <img  data- alt=\"Le Figaro\" class=\"fig-img--complete fig-img\"\/><\/p>\n<p class=\"fig-premium-paywall__title\">Vous avez envie de lire la suite ?<\/p>\n<p class=\"fig-premium-paywall__subtitle\">D\u00e9bloquez tous les articles imm\u00e9diatement.<\/p>\n<p class=\"fig-premium-paywall__connect\">\n                D\u00e9j\u00e0 abonn\u00e9\u00a0?                <a class=\"fig-premium-paywall__connect-link\" href=\"https:\/\/connect.lefigaro.fr\/login?client=horizon_web&amp;type=main&amp;redirect_uri=https%3A%2F%2Fwww.lefigaro.fr%2Fhistoire%2F16-aout-1779-voir-rome-naples-et-pompei-le-voyage-italien-de-jacques-louis-david-20251023\" data-js-gtm=\"{&quot;customCategorie&quot;: &quot;conversion&quot;, &quot;customAction&quot;: &quot;before_Landing_Connexion_paywall_auto&quot;, &quot;customLabel&quot;: &quot;bGVmaWdhcm8uZnJfXzFmMGFkOTFhLTc4M2YtNmJkNC04ZDU3LTI5NzI5ZDNhOWNkMl9fQXJ0aWNsZQ==_\u00c9t\u00e9 1779\u00a0: en Italie, Jacques-Louis David esquisse un millier de dessins et tente de percer les myst\u00e8res des ma\u00eetres_397&quot;, &quot;customIDSPE&quot;: &quot;bGVmaWdhcm8uZnJfXzFmMGFkOTFhLTc4M2YtNmJkNC04ZDU3LTI5NzI5ZDNhOWNkMl9fQXJ0aWNsZQ==&quot;, &quot;event&quot;: &quot;customEventSPE&quot;}\" target=\"_blank\" rel=\"noopener\"><br \/>\n                    Connectez-vous<br \/>\n                <\/a>\n            <\/p>\n","protected":false},"excerpt":{"rendered":"Devant les beaut\u00e9s de la Campanie, les yeux de David se dessillent. La vue des chefs-d\u2019\u0153uvre de l\u2019Antiquit\u00e9&hellip;\n","protected":false},"author":2,"featured_media":484191,"comment_status":"","ping_status":"","sticky":false,"template":"","format":"standard","meta":{"footnotes":""},"categories":[1358],"tags":[1348,1384,1385,1386,58,59,1011,27,1585],"class_list":{"0":"post-484190","1":"post","2":"type-post","3":"status-publish","4":"format-standard","5":"has-post-thumbnail","7":"category-arts-et-design","8":"tag-arts","9":"tag-arts-and-design","10":"tag-arts-et-design","11":"tag-design","12":"tag-divertissement","13":"tag-entertainment","14":"tag-fr","15":"tag-france","16":"tag-peinture"},"share_on_mastodon":{"url":"https:\/\/pubeurope.com\/@fr\/115423134609571509","error":""},"_links":{"self":[{"href":"https:\/\/www.europesays.com\/fr\/wp-json\/wp\/v2\/posts\/484190","targetHints":{"allow":["GET"]}}],"collection":[{"href":"https:\/\/www.europesays.com\/fr\/wp-json\/wp\/v2\/posts"}],"about":[{"href":"https:\/\/www.europesays.com\/fr\/wp-json\/wp\/v2\/types\/post"}],"author":[{"embeddable":true,"href":"https:\/\/www.europesays.com\/fr\/wp-json\/wp\/v2\/users\/2"}],"replies":[{"embeddable":true,"href":"https:\/\/www.europesays.com\/fr\/wp-json\/wp\/v2\/comments?post=484190"}],"version-history":[{"count":0,"href":"https:\/\/www.europesays.com\/fr\/wp-json\/wp\/v2\/posts\/484190\/revisions"}],"wp:featuredmedia":[{"embeddable":true,"href":"https:\/\/www.europesays.com\/fr\/wp-json\/wp\/v2\/media\/484191"}],"wp:attachment":[{"href":"https:\/\/www.europesays.com\/fr\/wp-json\/wp\/v2\/media?parent=484190"}],"wp:term":[{"taxonomy":"category","embeddable":true,"href":"https:\/\/www.europesays.com\/fr\/wp-json\/wp\/v2\/categories?post=484190"},{"taxonomy":"post_tag","embeddable":true,"href":"https:\/\/www.europesays.com\/fr\/wp-json\/wp\/v2\/tags?post=484190"}],"curies":[{"name":"wp","href":"https:\/\/api.w.org\/{rel}","templated":true}]}}