{"id":484211,"date":"2025-10-23T11:10:12","date_gmt":"2025-10-23T11:10:12","guid":{"rendered":"https:\/\/www.europesays.com\/fr\/484211\/"},"modified":"2025-10-23T11:10:12","modified_gmt":"2025-10-23T11:10:12","slug":"une-jeune-femme-frappee-et-victime-dune-tentative-de-viol-dans-le-rer-c","status":"publish","type":"post","link":"https:\/\/www.europesays.com\/fr\/484211\/","title":{"rendered":"Une jeune femme frapp\u00e9e et victime d\u2019une tentative de viol dans le RER C"},"content":{"rendered":"<p>\n    Les faits se sont produits le 15 octobre en d\u00e9but de matin\u00e9e \u00e0 hauteur de Choisy-le-Roi, dans le Val-de-Marne. L\u2019auteur des faits, qui a pris la fuite, n\u2019a pas encore \u00e9t\u00e9 retrouv\u00e9.<\/p>\n<p class=\"fig-paragraph\">Une jeune femme de 26 ans d\u2019origine br\u00e9silienne a \u00e9t\u00e9 victime d\u2019une tentative de viol dans le RER C le 15 octobre dernier, a-t-on appris aupr\u00e8s du parquet de\u00a0<a href=\"http:\/\/sante.lefigaro.fr\/psychologie\/a-l-hopital-henri-mondor-de-creteil-un-combat-quotidien-contre-la-depression-20250508\" data-fig-type=\"Article\" data-gtm-custom-categorie=\"navigation\" data-gtm-custom-action=\"crossclick\" data-gtm-custom-label=\"Contextuel\" data-gtm-event=\"customEventSPE\" data-fig-domain=\"SANTE\" target=\"_blank\" rel=\"noopener\">Cr\u00e9teil<\/a>. Les faits se sont produits en d\u00e9but de matin\u00e9e, vers 8h30, \u00e0 hauteur de\u00a0<a href=\"http:\/\/www.lefigaro.fr\/faits-divers\/cadavres-de-choisy-le-roi-le-long-de-la-seine-un-coupe-gorge-nocturne-des-etreintes-ephemeres-et-un-peuple-miserable-20250907\" data-fig-type=\"Article\" data-gtm-custom-categorie=\"navigation\" data-gtm-custom-action=\"crossclick\" data-gtm-custom-label=\"Contextuel\" data-gtm-event=\"customEventSPE\" data-fig-domain=\"LEFIGARO\" target=\"_blank\" rel=\"noopener\">Choisy-le-Roi\u00a0<\/a>(Val-de-Marne).<\/p>\n<p class=\"fig-paragraph\">L\u2019agresseur aurait profit\u00e9 de ce que la victime soit seule dans la rame du train pour passer \u00e0 l\u2019acte. Au Parisien, cette derni\u00e8re raconte\u00a0: \u00abIl s\u2019est dirig\u00e9 vers moi sans parler. J\u2019\u00e9tais en panique, je me suis lev\u00e9e. L\u00e0, il m\u2019a pouss\u00e9e, toujours sans un mot. J\u2019ai essay\u00e9 de m\u2019\u00e9chapper mais il a baiss\u00e9 mon pantalon. C\u2019est clair qu\u2019il essayait de me violer\u00bb. L\u2019homme tente d\u2019embrasser la jeune femme mais devant sa r\u00e9sistance, il la mord, la griffe puis la gifle tout en lui touchant la poitrine et les fesses.<\/p>\n<p>    L\u2019agresseur, quelques secondes apr\u00e8s la tentative de viol, film\u00e9e par une t\u00e9moin.<br \/>\n                Capture d\u2019\u00e9cran X<\/p>\n<p>                                    <a class=\"fig-a11y-skip a11y-hidden\" href=\"#fig-a11y-skip-main-inarticle\"><br \/>\n        Passer la publicit\u00e9<br \/>\n    <\/a><\/p>\n<p class=\"fig-paragraph\">La malheureuse tente d\u00e9sesp\u00e9r\u00e9ment d\u2019appeler \u00e0 l\u2019aide mais son agresseur lui serre le cou. Au quotidien r\u00e9gional, cette derni\u00e8re dit s\u2019\u00eatre \u00abvue mourir\u00bb. Dans une rame voisine, une femme entend malgr\u00e9 tout ses cris et se pr\u00e9cipite sur place. Elle filme l\u2019agresseur. La vid\u00e9o, diffus\u00e9e sur les r\u00e9seaux sociaux, montre l\u2019agresseur v\u00eatu d\u2019un surv\u00eatement noir et d\u2019une casquette sur la t\u00eate. Il n\u2019a pas l\u2019air de parler fran\u00e7ais et pointe du doigt la t\u00e9moin pour qu\u2019elle arr\u00eate de le filmer. En fond r\u00e9sonne la voix pleine de sanglots de la victime. Quelques secondes plus tard, le RER s\u2019arr\u00eate et l\u2019homme en profite pour s\u2019enfuir en courant sur le quai. Depuis, une enqu\u00eate a \u00e9t\u00e9 ouverte pour \u00abtentative de viol\u00bb \u00e0 la s\u00fbret\u00e9 r\u00e9gionale des transports. Aux derni\u00e8res nouvelles le suspect n\u2019avait pas encore \u00e9t\u00e9 interpell\u00e9.<\/p>\n","protected":false},"excerpt":{"rendered":"Les faits se sont produits le 15 octobre en d\u00e9but de matin\u00e9e \u00e0 hauteur de Choisy-le-Roi, dans le&hellip;\n","protected":false},"author":2,"featured_media":484212,"comment_status":"","ping_status":"","sticky":false,"template":"","format":"standard","meta":{"footnotes":""},"categories":[4],"tags":[11,1120,1011,27,12,25,2216,1265],"class_list":{"0":"post-484211","1":"post","2":"type-post","3":"status-publish","4":"format-standard","5":"has-post-thumbnail","7":"category-france","8":"tag-actualites","9":"tag-agression","10":"tag-fr","11":"tag-france","12":"tag-news","13":"tag-republique-francaise","14":"tag-transports-en-commun","15":"tag-viol"},"share_on_mastodon":{"url":"https:\/\/pubeurope.com\/@fr\/115423178063903651","error":""},"_links":{"self":[{"href":"https:\/\/www.europesays.com\/fr\/wp-json\/wp\/v2\/posts\/484211","targetHints":{"allow":["GET"]}}],"collection":[{"href":"https:\/\/www.europesays.com\/fr\/wp-json\/wp\/v2\/posts"}],"about":[{"href":"https:\/\/www.europesays.com\/fr\/wp-json\/wp\/v2\/types\/post"}],"author":[{"embeddable":true,"href":"https:\/\/www.europesays.com\/fr\/wp-json\/wp\/v2\/users\/2"}],"replies":[{"embeddable":true,"href":"https:\/\/www.europesays.com\/fr\/wp-json\/wp\/v2\/comments?post=484211"}],"version-history":[{"count":0,"href":"https:\/\/www.europesays.com\/fr\/wp-json\/wp\/v2\/posts\/484211\/revisions"}],"wp:featuredmedia":[{"embeddable":true,"href":"https:\/\/www.europesays.com\/fr\/wp-json\/wp\/v2\/media\/484212"}],"wp:attachment":[{"href":"https:\/\/www.europesays.com\/fr\/wp-json\/wp\/v2\/media?parent=484211"}],"wp:term":[{"taxonomy":"category","embeddable":true,"href":"https:\/\/www.europesays.com\/fr\/wp-json\/wp\/v2\/categories?post=484211"},{"taxonomy":"post_tag","embeddable":true,"href":"https:\/\/www.europesays.com\/fr\/wp-json\/wp\/v2\/tags?post=484211"}],"curies":[{"name":"wp","href":"https:\/\/api.w.org\/{rel}","templated":true}]}}