{"id":484213,"date":"2025-10-23T11:11:14","date_gmt":"2025-10-23T11:11:14","guid":{"rendered":"https:\/\/www.europesays.com\/fr\/484213\/"},"modified":"2025-10-23T11:11:14","modified_gmt":"2025-10-23T11:11:14","slug":"un-ado-mis-en-examen-apres-le-viol-filme-dun-petit-garcon-de-9-ans-par-un-autre-enfant","status":"publish","type":"post","link":"https:\/\/www.europesays.com\/fr\/484213\/","title":{"rendered":"Un ado mis en examen apr\u00e8s le viol film\u00e9 d\u2019un petit gar\u00e7on de 9 ans par un autre enfant"},"content":{"rendered":"<p>Une semaine apr\u00e8s l\u2019ouverture <a href=\"https:\/\/www.20minutes.fr\/dossier\/viol\" class=\"c-link c-link--is-underlined\" rel=\"nofollow noopener\" target=\"_blank\">d\u2019une enqu\u00eate pour viol<\/a>, l\u2019\u00e9motion reste enti\u00e8re \u00e0 <a href=\"https:\/\/www.20minutes.fr\/societe\/besancon\/\" class=\"c-link c-link--is-underlined\" rel=\"nofollow noopener\" target=\"_blank\">Besan\u00e7on<\/a>. Un enfant de huit ans est suspect\u00e9 de viol sur un autre enfant de neuf ans. Le crime a \u00e9t\u00e9 film\u00e9 et diffus\u00e9 sur les r\u00e9seaux sociaux par un troisi\u00e8me enfant, \u00e2g\u00e9 de treize ans, rapporte <a href=\"https:\/\/c.estrepublicain.fr\/faits-divers-justice\/2025\/10\/22\/un-viol-impliquant-des-enfants-de-8-et-13-ans-filme-et-diffuse-sur-les-reseaux-sociaux\" target=\"_blank\" class=\"c-link c-link--is-underlined\" rel=\"nofollow noopener\">L\u2019Est R\u00e9publicain<\/a>. L\u2019adolescent a \u00e9t\u00e9 mis en examen \u00e0 Besan\u00e7on, indique le parquet. Le gar\u00e7on de huit ans, qui a impos\u00e9 un rapport sexuel \u00e0 la victime, est irresponsable p\u00e9nalement.<\/p>\n<p>Les faits se sont produits en plein jour, d\u00e9but octobre, \u00ab dans un endroit un peu isol\u00e9 sur un parking du coin \u00bb, dans un quartier de Besan\u00e7on dont le parquet n&rsquo;a pas souhait\u00e9 pr\u00e9ciser le nom. Ce sont des coll\u00e9giens qui ont lanc\u00e9 l\u2019alerte en signalant \u00e0 leur \u00e9tablissement la publication d\u2019une vid\u00e9o dans laquelle deux enfants <a href=\"https:\/\/www.20minutes.fr\/dossier\/agression_sexuelle\" class=\"c-link c-link--is-underlined\" rel=\"nofollow noopener\" target=\"_blank\">violent en pleine rue<\/a>, un de leur camarade. Une enqu\u00eate a \u00e9t\u00e9 ouverte et les forces de l\u2019ordre ont convoqu\u00e9 les diff\u00e9rents protagonistes.<\/p>\n<p>L\u2019enfant de 13 ans mis en examen<\/p>\n<p>La petite victime et le suspect de 9 ans, ont \u00e9t\u00e9 entendus sous le r\u00e9gime de <a href=\"https:\/\/www.20minutes.fr\/dossier\/enfant\" class=\"c-link c-link--is-underlined\" rel=\"nofollow noopener\" target=\"_blank\">l\u2019audition adapt\u00e9e<\/a>, pr\u00e9cisent nos confr\u00e8res. Les deux enfants ont dit aux policiers \u00ab avoir \u00e9t\u00e9 oblig\u00e9s de faire \u00e7a et accus\u00e9 le mineur de 13 ans \u00bb.<\/p>\n<p>L\u2019enfant de 13 ans, suspect\u00e9 d\u2019avoir film\u00e9 la sc\u00e8ne tout en participant \u00e0 cette agression, a ni\u00e9 le viol au cours de sa garde \u00e0 vue, reconnaissant seulement avoir film\u00e9 la sc\u00e8ne. Il a \u00e9t\u00e9 mis en examen pour viol, complicit\u00e9 de viol et enregistrement d\u2019images de violences et plac\u00e9, jeudi dernier, sous contr\u00f4le judiciaire, indique le parquet. Il a \u00e9t\u00e9 <a href=\"https:\/\/www.20minutes.fr\/dossier\/protection_de_l_enfance\" class=\"c-link c-link--is-underlined\" rel=\"nofollow noopener\" target=\"_blank\">pris en charge \u00e0 l\u2019\u00e9cart de son quartier<\/a>, ajoutent nos confr\u00e8res et a l\u2019interdiction de rentrer en contact avec les deux autres enfants.<\/p>\n","protected":false},"excerpt":{"rendered":"Une semaine apr\u00e8s l\u2019ouverture d\u2019une enqu\u00eate pour viol, l\u2019\u00e9motion reste enti\u00e8re \u00e0 Besan\u00e7on. Un enfant de huit ans&hellip;\n","protected":false},"author":2,"featured_media":484214,"comment_status":"","ping_status":"","sticky":false,"template":"","format":"standard","meta":{"footnotes":""},"categories":[2],"tags":[47,11,1267,10112,2718,1124,8026,1122,1057,1126,847,1067,118,1011,27,3672,310,12,32329,2355,938,1265,809],"class_list":{"0":"post-484213","1":"post","2":"type-post","3":"status-publish","4":"format-standard","5":"has-post-thumbnail","7":"category-actualites","8":"tag-actualite","9":"tag-actualites","10":"tag-agression-sexuelle","11":"tag-besancon","12":"tag-bourgogne-franche-comte","13":"tag-college","14":"tag-doubs","15":"tag-ecole","16":"tag-education","17":"tag-education-nationale","18":"tag-enfant","19":"tag-enquete","20":"tag-faits-divers","21":"tag-fr","22":"tag-france","23":"tag-franche-comte","24":"tag-internet","25":"tag-news","26":"tag-pedopornographie","27":"tag-protection-de-lenfance","28":"tag-reseaux-sociaux","29":"tag-viol","30":"tag-violence"},"share_on_mastodon":{"url":"https:\/\/pubeurope.com\/@fr\/115423181950285532","error":""},"_links":{"self":[{"href":"https:\/\/www.europesays.com\/fr\/wp-json\/wp\/v2\/posts\/484213","targetHints":{"allow":["GET"]}}],"collection":[{"href":"https:\/\/www.europesays.com\/fr\/wp-json\/wp\/v2\/posts"}],"about":[{"href":"https:\/\/www.europesays.com\/fr\/wp-json\/wp\/v2\/types\/post"}],"author":[{"embeddable":true,"href":"https:\/\/www.europesays.com\/fr\/wp-json\/wp\/v2\/users\/2"}],"replies":[{"embeddable":true,"href":"https:\/\/www.europesays.com\/fr\/wp-json\/wp\/v2\/comments?post=484213"}],"version-history":[{"count":0,"href":"https:\/\/www.europesays.com\/fr\/wp-json\/wp\/v2\/posts\/484213\/revisions"}],"wp:featuredmedia":[{"embeddable":true,"href":"https:\/\/www.europesays.com\/fr\/wp-json\/wp\/v2\/media\/484214"}],"wp:attachment":[{"href":"https:\/\/www.europesays.com\/fr\/wp-json\/wp\/v2\/media?parent=484213"}],"wp:term":[{"taxonomy":"category","embeddable":true,"href":"https:\/\/www.europesays.com\/fr\/wp-json\/wp\/v2\/categories?post=484213"},{"taxonomy":"post_tag","embeddable":true,"href":"https:\/\/www.europesays.com\/fr\/wp-json\/wp\/v2\/tags?post=484213"}],"curies":[{"name":"wp","href":"https:\/\/api.w.org\/{rel}","templated":true}]}}