{"id":484230,"date":"2025-10-23T11:21:11","date_gmt":"2025-10-23T11:21:11","guid":{"rendered":"https:\/\/www.europesays.com\/fr\/484230\/"},"modified":"2025-10-23T11:21:11","modified_gmt":"2025-10-23T11:21:11","slug":"municipales-2026-a-rouen-nouveau-poste-de-police-bataille-des-chiffres-la-securite-sinvite-deja-dans-la-campagne","status":"publish","type":"post","link":"https:\/\/www.europesays.com\/fr\/484230\/","title":{"rendered":"Municipales 2026 \u00e0 Rouen\u00a0: nouveau poste de police, bataille des chiffres\u2026 La s\u00e9curit\u00e9 s\u2019invite d\u00e9j\u00e0 dans la campagne"},"content":{"rendered":"<p class=\"paragraph text_align_left lp-f-body-02\">D\u2019ici la fin de l\u2019ann\u00e9e, un nouveau poste de police municipale ouvrira sur la rive gauche de Rouen (Seine-Maritime), rue Saint-Sever plus pr\u00e9cis\u00e9ment. Six agents seront recrut\u00e9s \u00e0 cette occasion, portant \u00e0 72 le nombre de policiers municipaux dans la commune, ce qui repr\u00e9sentera une augmentation de 33 % des effectifs depuis le d\u00e9but du mandat de l\u2019actuel maire de Rouen, <a href=\"https:\/\/www.leparisien.fr\/politique\/nicolas-mayer-rossignol-aux-militants-resignes-je-dis-quon-peut-reveiller-le-ps-03-06-2025-MEPJBZTJQVHPTG7Y74ZAEOJEFU.php\" target=\"_blank\" rel=\"noreferrer noopener\">le socialiste Nicolas Mayer-Rossignol<\/a>. \u00ab Avec la cr\u00e9ation de la brigade de nuit (depuis avril 2023, NDLR), c\u2019est un investissement important pour la ville afin de renforcer la s\u00e9curit\u00e9 du quotidien qui \u00e9tait une promesse de campagne \u00bb, insiste Kader Chekhemani, l\u2019adjoint (PS) \u00e0 la tranquillit\u00e9 publique.<\/p>\n<p class=\"paragraph text_align_left lp-f-body-02\">L\u2019ouverture de ce poste de police, qui remplace un ancien salon de coiffure, marque selon lui la volont\u00e9 de la municipalit\u00e9 de r\u00e9pondre aux attentes des habitants et des commer\u00e7ants d\u2019un secteur sensible, avec notamment des horaires d\u2019ouverture allant jusqu\u2019\u00e0 19 heures, y compris le samedi. En prime, un officier de police judiciaire sera pr\u00e9sent r\u00e9guli\u00e8rement, et pourra recueillir les plaintes de la population.<\/p>\n<p class=\"paragraph text_align_left lp-f-body-02\">L\u2019\u00e9lu pointe \u00e9galement le fait que la ville <a href=\"https:\/\/www.leparisien.fr\/seine-maritime-76\/nous-voulons-que-ce-soit-dissuasif-a-rouen-bientot-la-videoverbalisation-pour-proteger-les-pietons-et-les-cyclistes-05-08-2024-6SPIA4HHGRCPFHBE2IQAJ3D62I.php\" target=\"_blank\" rel=\"noreferrer noopener\">continue d\u2019investir en mati\u00e8re de vid\u00e9oprotection<\/a>, avec une augmentation de 200 % depuis 2020 du nombre de mats \u2013 125 au total &#8211; o\u00f9 sont install\u00e9s les cam\u00e9ras sur le territoire de la commune.<\/p>\n<p class=\"paragraph text_align_left lp-f-body-02\">\u00ab Quand on part de 40, c\u2019est plut\u00f4t facile de jouer sur les chiffres \u00bb, tacle Marine Caron, conseill\u00e8re municipale (Horizons) d\u2019opposition et candidate \u00e0 la mairie de Rouen. Pour elle, le compte n\u2019y est pas : \u00ab Pendant les premi\u00e8res ann\u00e9es de son mandat, Nicolas Mayer-Rossignol n\u2019a pas pris au s\u00e9rieux cette question de la s\u00e9curit\u00e9 du quotidien et le retard qui a \u00e9t\u00e9 pris est encore trop important en mati\u00e8re de moyens. \u00bb Elle en veut pour preuve la mauvaise position de Rouen en mati\u00e8re de d\u00e9linquance dans <a href=\"https:\/\/www.leparisien.fr\/faits-divers\/grandes-metropoles-villes-moyennes-ces-villes-ou-les-violences-du-quotidien-explosent-28-03-2025-BQ6WVUEVB5EM3IZWUSCKUL33DM.php\" target=\"_blank\" rel=\"noreferrer noopener\">le classement publi\u00e9 par \u00ab Le Parisien \u00bb &#8211; \u00ab Aujourd\u2019hui en France \u00bb en d\u00e9but d\u2019ann\u00e9e<\/a>, qui la place parmi les m\u00e9tropoles les plus dangereuses de France.<\/p>\n<p class=\"paragraph text_align_left lp-f-body-02\">Des chiffres que Kader Chekhemani souhaite relativiser : \u00ab L\u2019ins\u00e9curit\u00e9, comme dans d\u2019autres villes, est un ph\u00e9nom\u00e8ne qu\u2019il ne faut pas nier. Mais la r\u00e9alit\u00e9, c\u2019est qu\u2019avec une ville-centre d\u2019un peu plus de 100 000 habitants dans une m\u00e9tropole de plus de 500 000 habitants, la concentration des faits d\u00e9lictueux est math\u00e9matiquement plus important dans le c\u0153ur de l\u2019agglom\u00e9ration. \u00bb<\/p>\n<p>Une centaine de policiers municipaux manquent encore<\/p>\n<p class=\"paragraph text_align_left lp-f-body-02\">Pour l\u2019\u00e9lu socialiste, les efforts de sa collectivit\u00e9 ne porteront leur fruit qu\u2019avec une hausse significative du nombre de policiers nationaux. \u00ab Il en manque une centaine sur le secteur de Rouen, des chiffres qui proviennent du minist\u00e8re de l\u2019Int\u00e9rieur lui-m\u00eame \u00bb, argue-t-il.<\/p>\n<p class=\"paragraph text_align_left lp-f-body-02\">Un constat partag\u00e9 par Marine Caron, mais qui, selon elle, n\u2019explique pas tout. Elle souhaite ainsi porter les effectifs globaux de la police municipale \u00e0 une centaine d\u2019agents, les armer et multiplier par quatre sur le mandat le nombre de cam\u00e9ras de vid\u00e9osurveillance \u00ab pour arriver \u00e0 un taux d\u2019\u00e9quipement comparable \u00e0 des villes de la m\u00eame taille \u00bb. Un effort financier qu\u2019elle estime \u00e0 2,5 millions d\u2019euros par an.<\/p>\n<p class=\"paragraph text_align_left lp-f-body-02\">Une guerre des chiffres qui prouve surtout que la s\u00e9curit\u00e9 sera, \u00e0 Rouen comme ailleurs, l\u2019une des th\u00e9matiques de campagne privil\u00e9gi\u00e9e par l\u2019ensemble des candidats aux \u00e9lections municipales de 2026. \u00c0 raison : selon <a href=\"https:\/\/www.leparisien.fr\/elections\/municipales\/municipales-2026-la-securite-bondit-en-tete-des-preoccupations-des-francais-02-07-2025-SGFLVXE27ZEAHFSLYLA6DG7WRU.php\" target=\"_blank\" rel=\"noreferrer noopener\">une enqu\u00eate de l\u2019AMF et du Cevipof publi\u00e9e en juillet dernier<\/a>, 43 % des Fran\u00e7ais la placent parmi les trois enjeux que leur futur maire devra adresser en priorit\u00e9.<\/p>\n","protected":false},"excerpt":{"rendered":"D\u2019ici la fin de l\u2019ann\u00e9e, un nouveau poste de police municipale ouvrira sur la rive gauche de Rouen&hellip;\n","protected":false},"author":2,"featured_media":484231,"comment_status":"","ping_status":"","sticky":false,"template":"","format":"standard","meta":{"footnotes":""},"categories":[9587],"tags":[1111,11,459,1777,674,1011,27,12,5161,316,25,9590,11074],"class_list":{"0":"post-484230","1":"post","2":"type-post","3":"status-publish","4":"format-standard","5":"has-post-thumbnail","7":"category-rouen","8":"tag-actu","9":"tag-actualites","10":"tag-departements-horsidfo","11":"tag-eu","12":"tag-europe","13":"tag-fr","14":"tag-france","15":"tag-news","16":"tag-normandie","17":"tag-politique","18":"tag-republique-francaise","19":"tag-rouen","20":"tag-seine-maritime-76"},"share_on_mastodon":{"url":"https:\/\/pubeurope.com\/@fr\/115423221447819812","error":""},"_links":{"self":[{"href":"https:\/\/www.europesays.com\/fr\/wp-json\/wp\/v2\/posts\/484230","targetHints":{"allow":["GET"]}}],"collection":[{"href":"https:\/\/www.europesays.com\/fr\/wp-json\/wp\/v2\/posts"}],"about":[{"href":"https:\/\/www.europesays.com\/fr\/wp-json\/wp\/v2\/types\/post"}],"author":[{"embeddable":true,"href":"https:\/\/www.europesays.com\/fr\/wp-json\/wp\/v2\/users\/2"}],"replies":[{"embeddable":true,"href":"https:\/\/www.europesays.com\/fr\/wp-json\/wp\/v2\/comments?post=484230"}],"version-history":[{"count":0,"href":"https:\/\/www.europesays.com\/fr\/wp-json\/wp\/v2\/posts\/484230\/revisions"}],"wp:featuredmedia":[{"embeddable":true,"href":"https:\/\/www.europesays.com\/fr\/wp-json\/wp\/v2\/media\/484231"}],"wp:attachment":[{"href":"https:\/\/www.europesays.com\/fr\/wp-json\/wp\/v2\/media?parent=484230"}],"wp:term":[{"taxonomy":"category","embeddable":true,"href":"https:\/\/www.europesays.com\/fr\/wp-json\/wp\/v2\/categories?post=484230"},{"taxonomy":"post_tag","embeddable":true,"href":"https:\/\/www.europesays.com\/fr\/wp-json\/wp\/v2\/tags?post=484230"}],"curies":[{"name":"wp","href":"https:\/\/api.w.org\/{rel}","templated":true}]}}