{"id":484234,"date":"2025-10-23T11:23:13","date_gmt":"2025-10-23T11:23:13","guid":{"rendered":"https:\/\/www.europesays.com\/fr\/484234\/"},"modified":"2025-10-23T11:23:13","modified_gmt":"2025-10-23T11:23:13","slug":"isere-le-departement-se-mobilise-pour-le-plein-emploi","status":"publish","type":"post","link":"https:\/\/www.europesays.com\/fr\/484234\/","title":{"rendered":"Is\u00e8re : le d\u00e9partement se mobilise pour le plein emploi"},"content":{"rendered":"<p>                            <img loading=\"lazy\" width=\"1024\" height=\"640\" class=\"attachment-article size-article wp-post-image lazyload\" alt=\"france travail\" decoding=\"async\" src=\"https:\/\/www.europesays.com\/fr\/wp-content\/uploads\/2025\/10\/000_34QC6MR-e1715761103314.jpg\" data-eio-rwidth=\"1024\" data-eio-rheight=\"640\"\/><\/p>\n<p>(Photo by Geoffroy VAN DER HASSELT \/ AFP)<\/p>\n<p class=\"content\" style=\"font-size:1.2em;font-weight:700\">R\u00e9uni \u00e0 Grenoble le 14 octobre, le comit\u00e9 d\u00e9partemental pour l\u2019emploi a pr\u00e9sent\u00e9 ses actions pour adapter la loi du plein emploi aux besoins locaux. Formation, sant\u00e9, et accompagnement personnalis\u00e9 sont au c\u0153ur du dispositif.<\/p>\n<p>Le mardi 14 octobre dernier se tenait \u00e0 Grenoble le comit\u00e9 d\u00e9partemental pour l&#8217;emploi (CPDE). Pr\u00e9sid\u00e9 par la pr\u00e9f\u00e8te de l&rsquo;Is\u00e8re Catherine Seguin, ce groupe \u0153uvre \u00e0 mettre en pratique <a href=\"https:\/\/www.lyoncapitale.fr\/actualite\/le-chomage-en-forte-hausse-en-auvergne-rhone-alpes-au-deuxieme-trimestre\" rel=\"nofollow noopener\" target=\"_blank\">la loi pour le plein emploi<\/a>. L&rsquo;objectif de cette instance est de viser le plein emploi \u00e0 travers des initiatives propres aux besoins de chaque territoire qui compose le d\u00e9partement. En effet, quatre organisations locales composent ce comit\u00e9 d\u00e9di\u00e9 \u00e0 l&#8217;emploi. Celles-ci couvrent respectivement l&rsquo;arrondissement de Vienne, celui de La Tour du Pin, le Bassin Grenoblois et Alpes Sud Is\u00e8re, et enfin le Vercors).<\/p>\n<p>Pour agir efficacement, plusieurs actions sont mises en places. Parmi elles, \u00ab\u00a0la promotion de l\u2019immersion et du conseil en \u00e9volution professionnelle.\u00a0\u00bb \u00ab\u00a0Le renforcement de l\u2019offre de formation ou la lev\u00e9e des freins p\u00e9riph\u00e9riques \u00e0 l\u2019emploi comme la sant\u00e9\u00a0\u00bb font partie des mesures \u00e9voqu\u00e9es par le communiqu\u00e9 de presse. A noter que la sant\u00e9 mentale fera aussi l&rsquo;objet d&rsquo;une expertise plus pr\u00e9cise \u00e0 l&rsquo;\u00e9chelle du d\u00e9partement.<\/p>\n<p>Une comission d\u00e9di\u00e9e \u00e0 la formation <\/p>\n<p>Enfin, le CPDE a \u00e9galement vot\u00e9 la cr\u00e9ation d&rsquo;une commission consacr\u00e9e \u00e0 la formation, secteur essentiel \u00e0 l&#8217;emploi. Cette instance est plac\u00e9e sous l&rsquo;\u00e9gide de la r\u00e9gion Auvergne Rh\u00f4ne-Alpes et de l&rsquo;Etat. Elle permet de se rendre compte des besoins dans ce domaine et de mettre en valeur les demandeurs d&#8217;emploi sortant d&rsquo;une formation. Pour rappel, l&rsquo;Etat finance cette commission par l&rsquo;interm\u00e9diaire du pacte r\u00e9gional d\u2019investissement dans les comp\u00e9tences. <\/p>\n","protected":false},"excerpt":{"rendered":"(Photo by Geoffroy VAN DER HASSELT \/ AFP) R\u00e9uni \u00e0 Grenoble le 14 octobre, le comit\u00e9 d\u00e9partemental pour&hellip;\n","protected":false},"author":2,"featured_media":484235,"comment_status":"","ping_status":"","sticky":false,"template":"","format":"standard","meta":{"footnotes":""},"categories":[9566],"tags":[1111,11,2430,60744,1777,674,1119,1011,27,2731,60745,12,60746,25],"class_list":{"0":"post-484234","1":"post","2":"type-post","3":"status-publish","4":"format-standard","5":"has-post-thumbnail","7":"category-grenoble","8":"tag-actu","9":"tag-actualites","10":"tag-auvergne-rhone-alpes","11":"tag-cpde","12":"tag-eu","13":"tag-europe","14":"tag-formation","15":"tag-fr","16":"tag-france","17":"tag-grenoble","18":"tag-iesre","19":"tag-news","20":"tag-plein-emploi","21":"tag-republique-francaise"},"share_on_mastodon":{"url":"https:\/\/pubeurope.com\/@fr\/115423229010292725","error":""},"_links":{"self":[{"href":"https:\/\/www.europesays.com\/fr\/wp-json\/wp\/v2\/posts\/484234","targetHints":{"allow":["GET"]}}],"collection":[{"href":"https:\/\/www.europesays.com\/fr\/wp-json\/wp\/v2\/posts"}],"about":[{"href":"https:\/\/www.europesays.com\/fr\/wp-json\/wp\/v2\/types\/post"}],"author":[{"embeddable":true,"href":"https:\/\/www.europesays.com\/fr\/wp-json\/wp\/v2\/users\/2"}],"replies":[{"embeddable":true,"href":"https:\/\/www.europesays.com\/fr\/wp-json\/wp\/v2\/comments?post=484234"}],"version-history":[{"count":0,"href":"https:\/\/www.europesays.com\/fr\/wp-json\/wp\/v2\/posts\/484234\/revisions"}],"wp:featuredmedia":[{"embeddable":true,"href":"https:\/\/www.europesays.com\/fr\/wp-json\/wp\/v2\/media\/484235"}],"wp:attachment":[{"href":"https:\/\/www.europesays.com\/fr\/wp-json\/wp\/v2\/media?parent=484234"}],"wp:term":[{"taxonomy":"category","embeddable":true,"href":"https:\/\/www.europesays.com\/fr\/wp-json\/wp\/v2\/categories?post=484234"},{"taxonomy":"post_tag","embeddable":true,"href":"https:\/\/www.europesays.com\/fr\/wp-json\/wp\/v2\/tags?post=484234"}],"curies":[{"name":"wp","href":"https:\/\/api.w.org\/{rel}","templated":true}]}}