{"id":484260,"date":"2025-10-23T11:36:12","date_gmt":"2025-10-23T11:36:12","guid":{"rendered":"https:\/\/www.europesays.com\/fr\/484260\/"},"modified":"2025-10-23T11:36:12","modified_gmt":"2025-10-23T11:36:12","slug":"malgre-les-difficultes-du-batiment-le-groupe-carre-jouit-dun-carnet-de-commandes-record","status":"publish","type":"post","link":"https:\/\/www.europesays.com\/fr\/484260\/","title":{"rendered":"malgr\u00e9 les difficult\u00e9s du b\u00e2timent, le groupe Carr\u00e9 jouit d\u2019un carnet de commandes record"},"content":{"rendered":"<p>Le groupe Carr\u00e9, c\u2019est plus de 50 ans d\u2019exp\u00e9rience dans les m\u00e9tiers de la m\u00e9tallerie et de la serrurerie. Compos\u00e9 de cinq soci\u00e9t\u00e9s, il rassemble plus de 150 collaborateurs et compte de nombreux ouvrages embl\u00e9matiques de la <a href=\"https:\/\/lopinion.com\/\" rel=\"noopener noreferrer nofollow\" target=\"_blank\">r\u00e9gion occitane<\/a> \u00e0 son actif. Forte de ce bagage et d\u2019un solide portefeuille client, l\u2019entit\u00e9 toulousaine affiche un <strong>fort volume d\u2019activit\u00e9<\/strong> au 4\u00e8 trimestre 2025, alors que le march\u00e9 est orient\u00e9 \u00e0 la baisse.<\/p>\n<p>Son carnet de commande pour les trois prochaines ann\u00e9es s\u2019\u00e9tablit \u00e0 44 millions d\u2019euros ce mois d\u2019octobre 2025, soit <strong>l\u2019\u00e9quivalent de plus de 24 mois de chiffre d\u2019affaires<\/strong>. Un indicateur au-dessus des standards en vigueur dans la profession. Le groupe Carr\u00e9 entrevoit donc des perspectives tr\u00e8s prometteuses sur 2026\u00a0! Cette croissance sera notamment encourag\u00e9e par les filiales Carr\u00e9 M\u00e9tallerie et Artel, qui interviennent conjointement sur le nouveau march\u00e9 de la <strong>troisi\u00e8me ligne de m\u00e9tro toulousaine<\/strong>.<\/p>\n<p>Nouvel \u00e9quipement de pointe et intelligence artificielle<\/p>\n<p>En parall\u00e8le, le groupe pr\u00e9pare l\u2019avenir en investissant dans l\u2019innovation. Il annonce notamment le d\u00e9ploiement d\u2019un \u00e9quipement de derni\u00e8re g\u00e9n\u00e9ration, pour des <strong>d\u00e9coupes de tr\u00e8s haute pr\u00e9cision<\/strong>, au sein de son atelier de Tournefeuille. Ce nouveau combin\u00e9 de d\u00e9coupe laser, dont la mise en service est pr\u00e9vue en novembre 2025, devrait permettre aux \u00e9quipes de gagner en productivit\u00e9. Un dessein renforc\u00e9 par l\u2019<strong>int\u00e9gration directe de fichiers num\u00e9ris\u00e9s <\/strong>dans la cha\u00eene de production.<\/p>\n<p>Toujours dans une optique d\u2019innovation et de gain de temps, le groupe Carr\u00e9 est engag\u00e9 dans <strong>l\u2019int\u00e9gration progressive de l\u2019intelligence artificielle <\/strong>dans les diff\u00e9rents process de ses entreprises. Par exemple, l\u2019analyse des pi\u00e8ces de march\u00e9 (cahier des charges d\u2019appels d\u2019offres) est d\u00e9sormais effectu\u00e9e avec l\u2019aide d\u2019outils IA. L\u2019objectif global est de faire mieux et plus vite, tout en optimisant les co\u00fbts.<\/p>\n<blockquote><p>\u00ab\u00a0Dans une \u00e8re de transformations, le Groupe Carr\u00e9 pr\u00e9pare ainsi sa croissance future. Cette strat\u00e9gie doit permettre de nous diff\u00e9rencier sur nos march\u00e9s, en \u00e9tant capable de r\u00e9pondre de mani\u00e8re tr\u00e8s pouss\u00e9e et r\u00e9active aux besoins de nos clients \u00ab\u00a0, r\u00e9sume Charley Ferra, directeur g\u00e9n\u00e9ral du Groupe Carr\u00e9.<\/p><\/blockquote>\n<p>Actionnariat manag\u00e9rial et transmission familiale<\/p>\n<p>Charley Ferra lui-m\u00eame est d\u2019ailleurs au c\u0153ur d\u2019une nouvelle \u00e9tape dans la structuration du groupe, puisqu\u2019il s\u2019appr\u00eate \u00e0<strong> rejoindre le capital de la holding<\/strong>. \u00c0 la t\u00eate de l\u2019entit\u00e9 toulousaine depuis 2004, Fr\u00e9d\u00e9ric Carr\u00e9 explique vouloir associer pleinement le directeur g\u00e9n\u00e9ral \u00e0 l\u2019avenir du groupe, \u00ab\u00a0tant dans les orientations strat\u00e9giques que dans la conduite op\u00e9rationnelle des filiales\u00a0\u00bb.<\/p>\n<p>Le Pr\u00e9sident ajoute\u00a0: \u00ab\u00a0J\u2019entends aussi pr\u00e9parer la transition qui accompagnera l\u2019arriv\u00e9e aux commandes de la troisi\u00e8me g\u00e9n\u00e9ration Carr\u00e9, et cr\u00e9er ainsi les meilleures conditions d\u2019une transmission r\u00e9ussie \u00e0 mon fils Martin, \u00e0 l\u2019horizon de la prochaine d\u00e9cennie\u00a0\u00bb. La p\u00e9rennit\u00e9 de la <strong>dimension familiale du groupe <\/strong>est donc assur\u00e9e.<\/p>\n<p>&gt;&gt; \u00c0 LIRE AUSSI : <a href=\"https:\/\/lopinion.com\/articles\/economie\/30749_innovation-12-startups-nubbo-projets\" rel=\"noopener noreferrer nofollow\" target=\"_blank\">Innovation : 12 startups rejoignent l\u2019incubateur toulousain Nubbo, zoom sur leurs projets<\/a><\/p>\n","protected":false},"excerpt":{"rendered":"Le groupe Carr\u00e9, c\u2019est plus de 50 ans d\u2019exp\u00e9rience dans les m\u00e9tiers de la m\u00e9tallerie et de la&hellip;\n","protected":false},"author":2,"featured_media":484261,"comment_status":"","ping_status":"","sticky":false,"template":"","format":"standard","meta":{"footnotes":""},"categories":[2816],"tags":[1111,11,1777,674,1011,27,12,2680,25,2312],"class_list":{"0":"post-484260","1":"post","2":"type-post","3":"status-publish","4":"format-standard","5":"has-post-thumbnail","7":"category-toulouse","8":"tag-actu","9":"tag-actualites","10":"tag-eu","11":"tag-europe","12":"tag-fr","13":"tag-france","14":"tag-news","15":"tag-occitanie","16":"tag-republique-francaise","17":"tag-toulouse"},"share_on_mastodon":{"url":"https:\/\/pubeurope.com\/@fr\/115423280280511784","error":""},"_links":{"self":[{"href":"https:\/\/www.europesays.com\/fr\/wp-json\/wp\/v2\/posts\/484260","targetHints":{"allow":["GET"]}}],"collection":[{"href":"https:\/\/www.europesays.com\/fr\/wp-json\/wp\/v2\/posts"}],"about":[{"href":"https:\/\/www.europesays.com\/fr\/wp-json\/wp\/v2\/types\/post"}],"author":[{"embeddable":true,"href":"https:\/\/www.europesays.com\/fr\/wp-json\/wp\/v2\/users\/2"}],"replies":[{"embeddable":true,"href":"https:\/\/www.europesays.com\/fr\/wp-json\/wp\/v2\/comments?post=484260"}],"version-history":[{"count":0,"href":"https:\/\/www.europesays.com\/fr\/wp-json\/wp\/v2\/posts\/484260\/revisions"}],"wp:featuredmedia":[{"embeddable":true,"href":"https:\/\/www.europesays.com\/fr\/wp-json\/wp\/v2\/media\/484261"}],"wp:attachment":[{"href":"https:\/\/www.europesays.com\/fr\/wp-json\/wp\/v2\/media?parent=484260"}],"wp:term":[{"taxonomy":"category","embeddable":true,"href":"https:\/\/www.europesays.com\/fr\/wp-json\/wp\/v2\/categories?post=484260"},{"taxonomy":"post_tag","embeddable":true,"href":"https:\/\/www.europesays.com\/fr\/wp-json\/wp\/v2\/tags?post=484260"}],"curies":[{"name":"wp","href":"https:\/\/api.w.org\/{rel}","templated":true}]}}