{"id":484291,"date":"2025-10-23T11:53:12","date_gmt":"2025-10-23T11:53:12","guid":{"rendered":"https:\/\/www.europesays.com\/fr\/484291\/"},"modified":"2025-10-23T11:53:12","modified_gmt":"2025-10-23T11:53:12","slug":"des-neerlandais-fuient-les-prix-eleves-en-bus-vers-lallemagne","status":"publish","type":"post","link":"https:\/\/www.europesays.com\/fr\/484291\/","title":{"rendered":"Des N\u00e9erlandais fuient les prix \u00e9lev\u00e9s en bus vers l&rsquo;Allemagne"},"content":{"rendered":"<p>\n                                        <b>Par<\/b><br \/>\n                                        <br \/>AFP\n                                    <\/p>\n<p>\n                                    <b>Publi\u00e9 le<\/b><br \/>\n                                    <\/p>\n<p>                                        23 octobre 2025<\/p>\n<p class=\"article-content col-md-8 offset-md-1\">\n                                Marleen Naipal attrape un pot de cr\u00e8me pour le visage, jette un coup d&rsquo;oeil au prix sur l&rsquo;\u00e9tiquette et le met dans son cabas d\u00e9j\u00e0 rempli de produits cosm\u00e9tiques.<\/p>\n<p><img decoding=\"async\" class=\"news-image\" style=\"width:100%;\" src=\"https:\/\/www.europesays.com\/fr\/wp-content\/uploads\/2025\/10\/34ab.jpg\" alt=\"\" loading=\"lazy\"\/> shutterstock<\/p>\n<p>Il ne s&rsquo;agit pas d&rsquo;une simple fr\u00e9n\u00e9sie du shopping : elle a fait un aller-retour de 400 kilom\u00e8tres en autocar vers l&rsquo;Allemagne depuis les Pays-Bas, o\u00f9 le co\u00fbt de la vie \u00e9lev\u00e9 est un sujet important \u00e0 l&rsquo;approche des \u00e9lections du 29 octobre.<\/p>\n<p>\u00ab\u00a0Nous avons fait tout le trajet de Rotterdam \u00e0 Bocholt (en Allemagne) pour une journ\u00e9e de courses, car c&rsquo;est beaucoup moins cher qu&rsquo;aux Pays-Bas\u00a0\u00bb, explique \u00e0 l&rsquo;AFP cette coiffeuse de 53 ans.<\/p>\n<p class=\"col-md-8 offset-md-1 article-content--texte\">\u00ab\u00a0Je pense que certains produits sont \u00e0 moiti\u00e9 prix, l&rsquo;excursion d&rsquo;une journ\u00e9e en vaut vraiment la peine\u00a0\u00bb, ajoute cette N\u00e9erlandaise, qui a pay\u00e9 environ 40 euros son voyage en bus.<\/p>\n<p>Elle n&rsquo;est pas la seule. Lorsque l&rsquo;AFP s&rsquo;est jointe \u00e0 eux, des chasseurs de bonnes affaires n\u00e9erlandais ont embarqu\u00e9 \u00e0 Rotterdam, Amsterdam et Utrecht pour traverser la fronti\u00e8re allemande.<\/p>\n<p>Plusieurs transporteurs proposent des voyages \u00ab\u00a0shopping \u00e0 prix abordables\u00a0\u00bb au d\u00e9part des Pays-Bas, avec m\u00eame des nuit\u00e9es au Luxembourg pour profiter des prix de l&rsquo;alcool et du tabac.<\/p>\n<p>Ali El-Abassi, le chauffeur du bus, comprend pourquoi les gens parcourent de si longues distances pour faire leurs courses \u00e0 l&rsquo;\u00e9tranger.<\/p>\n<p>\u00ab\u00a0Je trouve vraiment triste le prix \u00e9lev\u00e9 des produits alimentaires aux Pays-Bas\u00a0\u00bb, confie cet homme de 45 ans \u00e0 l&rsquo;AFP.<\/p>\n<p>\u00ab\u00a0Je ne comprends tout simplement pas comment les produits peuvent \u00eatre deux fois moins chers en Allemagne qu&rsquo;aux Pays-Bas\u00a0\u00bb, ajoute-t-il.<\/p>\n<p>Une enqu\u00eate men\u00e9e par l&rsquo;association n\u00e9erlandaise de consommateurs Consumentenbond a compar\u00e9 plus de 130 produits populaires en France, en Allemagne, en Belgique et aux Pays-Bas.<\/p>\n<p>Il a \u00e9t\u00e9 constat\u00e9 que les articles \u00e9taient en moyenne 15 % moins chers en Allemagne, les marques plus premium \u00e9tant jusqu&rsquo;\u00e0 25 % moins ch\u00e8res.<\/p>\n<p>\u00ab\u00a0Pensez notamment aux boissons non-alcoolis\u00e9es, aux articles m\u00e9nagers et aux articles de droguerie\u00a0\u00bb, indique le rapport de l&rsquo;association.<\/p>\n<p>\u00ab\u00a0Aux Pays-Bas, ces articles sont souvent en promotion. Mais g\u00e9n\u00e9ralement, m\u00eame les prix sold\u00e9s ne sont pas comp\u00e9titifs par rapport \u00e0 ceux pratiqu\u00e9s en Allemagne\u00a0\u00bb, est-il \u00e9crit.<\/p>\n<p>\u00ab\u00a0Ainsi, aux Pays-Bas, avec une offre du type &lsquo;un achet\u00e9, un offert&rsquo;, on n&rsquo;obtient en fait rien de gratuit\u00a0\u00bb, selon l&rsquo;association.<\/p>\n<p class=\"col-md-10 exergue\">\u00ab\u00a0Les gens souffrent vraiment\u00a0\u00bb\u00a0<\/p>\n<p>Le co\u00fbt de la vie \u00e9lev\u00e9 figure r\u00e9guli\u00e8rement parmi les pr\u00e9occupations majeures des \u00e9lecteurs dans les sondages et devrait peser lourd dans les esprits lorsque les N\u00e9erlandais se rendront aux urnes \u00e0 la fin du mois.<\/p>\n<p>Le dirigeant d&rsquo;extr\u00eame droite Geert Wilders a glan\u00e9 une victoire retentissante aux \u00e9lections de 2023 apr\u00e8s avoir concentr\u00e9 la fin de sa campagne sur le pouvoir d&rsquo;achat du N\u00e9erlandais lambda.<\/p>\n<p>Selon Marcel Lubbers, expert en sciences politiques \u00e0 l&rsquo;Universit\u00e9 d&rsquo;Utrecht, de nombreux \u00e9lecteurs associent aussi la crise du co\u00fbt de la vie \u00e0 d&rsquo;autres enjeux.<\/p>\n<p>\u00ab\u00a0Je pense que c&rsquo;est toujours un sujet important pour beaucoup, mais ils le rattachent \u00e0 d&rsquo;autres sujets\u00a0\u00bb, comme le logement ou l&rsquo;immigration, note M. Lubbers aupr\u00e8s de l&rsquo;AFP.<\/p>\n<p>L&rsquo;Autorit\u00e9 n\u00e9erlandaise des consommateurs et des march\u00e9s (ACM) a lanc\u00e9 le mois dernier une enqu\u00eate sur les prix des denr\u00e9es alimentaires dans les supermarch\u00e9s.<\/p>\n<p>L&rsquo;ACM, un organisme gouvernemental, se penche sur les \u00ab\u00a0contraintes territoriales d&rsquo;approvisionnement\u00a0\u00bb, accus\u00e9es de maintenir les prix \u00e9lev\u00e9s aux Pays-Bas.<\/p>\n<p>Par exemple, la r\u00e9glementation exigeant que toutes les \u00e9tiquettes soient \u00ab\u00a0faciles \u00e0 comprendre\u00a0\u00bb emp\u00eache les d\u00e9taillants d&rsquo;importer des produits en gros de l&rsquo;\u00e9tranger, car l&rsquo;\u00e9tiquetage n&rsquo;est pas en n\u00e9erlandais.<\/p>\n<p>La TVA est \u00e9galement plus \u00e9lev\u00e9e aux Pays-Bas qu&rsquo;en Allemagne : 9 % pour les produits alimentaires (contre 7 %) et 21 % pour les produits non alimentaires (19 % en Allemagne).<\/p>\n<p>\u00ab\u00a0Les prix sont devenus tr\u00e8s \u00e9lev\u00e9s aux Pays-Bas en tr\u00e8s peu de temps. Beaucoup de gens ont du mal \u00e0 joindre les deux bouts avec un revenu moyen. Et c&rsquo;est une question de politique\u00a0\u00bb, estime Mme Naipal, qui estime que le co\u00fbt de la vie \u00ab\u00a0influencera certainement nos votes\u00a0\u00bb.<\/p>\n<p>\u00ab\u00a0Nous esp\u00e9rons vraiment que les \u00e9lections nous permettront d&rsquo;avancer (&#8230;) car les gens souffrent vraiment\u00a0\u00bb, poursuit-elle.<\/p>\n<p>La coiffeuse se reconcentre sur son shopping et montre fi\u00e8rement son butin de cosm\u00e9tiques allemands bon march\u00e9.<\/p>\n<p>\u00ab\u00a0J&rsquo;ach\u00e8te juste ce dont j&rsquo;ai besoin\u00a0\u00bb, pr\u00e9cise-t-elle, avant d&rsquo;esquisser un sourire : \u00ab\u00a0Et peut-\u00eatre un petit extra si je vois quelque chose de vraiment sympa\u00a0\u00bb.<\/p>\n<p>Par Richard CARTER\u00a0Allemagne, 23 oct 2025 (AFP)\n                            <\/p>\n<p>\n                                Tous droits de reproduction et de repr\u00e9sentation r\u00e9serv\u00e9s.<br \/>\u00a9 2025 Agence France-Presse<br \/>Toutes les informations reproduites dans cette rubrique (ou sur cette page selon le cas) sont prot\u00e9g\u00e9es par des droits de propri\u00e9t\u00e9 intellectuelle d\u00e9tenus par l&rsquo;AFP. Par cons\u00e9quent, aucune de ces informations ne peut \u00eatre reproduite, modifi\u00e9e, rediffus\u00e9e, traduite, exploit\u00e9e commercialement ou r\u00e9utilis\u00e9e de quelque mani\u00e8re que ce soit sans l&rsquo;accord pr\u00e9alable \u00e9crit de l&rsquo;AFP. L&rsquo;AFP ne pourra \u00eatre tenue pour responsable des d\u00e9lais, erreurs, omissions qui ne peuvent \u00eatre exclus, ni des cons\u00e9quences des actions ou transactions effectu\u00e9es sur la base de ces informations.\n                            <\/p>\n","protected":false},"excerpt":{"rendered":"Par AFP Publi\u00e9 le 23 octobre 2025 Marleen Naipal attrape un pot de cr\u00e8me pour le visage, jette&hellip;\n","protected":false},"author":2,"featured_media":484292,"comment_status":"","ping_status":"","sticky":false,"template":"","format":"standard","meta":{"footnotes":""},"categories":[1587],"tags":[11,672,2424,1804,537,2423,1805,1803,1777,674,1801,2425,985,12,2298,2426,2427,1802,2421,2422],"class_list":{"0":"post-484291","1":"post","2":"type-post","3":"status-publish","4":"format-standard","5":"has-post-thumbnail","7":"category-allemagne","8":"tag-actualites","9":"tag-allemagne","10":"tag-beaute","11":"tag-bundesrepublik-deutschland","12":"tag-contact","13":"tag-cosmetiques","14":"tag-de","15":"tag-deutschland","16":"tag-eu","17":"tag-europe","18":"tag-germany","19":"tag-luxe","20":"tag-mode","21":"tag-news","22":"tag-parfum","23":"tag-professionnel","24":"tag-professionnels","25":"tag-republique-federale-dallemagne","26":"tag-reseau","27":"tag-textile"},"share_on_mastodon":{"url":"https:\/\/pubeurope.com\/@fr\/115423347604743013","error":""},"_links":{"self":[{"href":"https:\/\/www.europesays.com\/fr\/wp-json\/wp\/v2\/posts\/484291","targetHints":{"allow":["GET"]}}],"collection":[{"href":"https:\/\/www.europesays.com\/fr\/wp-json\/wp\/v2\/posts"}],"about":[{"href":"https:\/\/www.europesays.com\/fr\/wp-json\/wp\/v2\/types\/post"}],"author":[{"embeddable":true,"href":"https:\/\/www.europesays.com\/fr\/wp-json\/wp\/v2\/users\/2"}],"replies":[{"embeddable":true,"href":"https:\/\/www.europesays.com\/fr\/wp-json\/wp\/v2\/comments?post=484291"}],"version-history":[{"count":0,"href":"https:\/\/www.europesays.com\/fr\/wp-json\/wp\/v2\/posts\/484291\/revisions"}],"wp:featuredmedia":[{"embeddable":true,"href":"https:\/\/www.europesays.com\/fr\/wp-json\/wp\/v2\/media\/484292"}],"wp:attachment":[{"href":"https:\/\/www.europesays.com\/fr\/wp-json\/wp\/v2\/media?parent=484291"}],"wp:term":[{"taxonomy":"category","embeddable":true,"href":"https:\/\/www.europesays.com\/fr\/wp-json\/wp\/v2\/categories?post=484291"},{"taxonomy":"post_tag","embeddable":true,"href":"https:\/\/www.europesays.com\/fr\/wp-json\/wp\/v2\/tags?post=484291"}],"curies":[{"name":"wp","href":"https:\/\/api.w.org\/{rel}","templated":true}]}}