{"id":484301,"date":"2025-10-23T11:58:21","date_gmt":"2025-10-23T11:58:21","guid":{"rendered":"https:\/\/www.europesays.com\/fr\/484301\/"},"modified":"2025-10-23T11:58:21","modified_gmt":"2025-10-23T11:58:21","slug":"tour-de-france-2026-le-resume-de-lannonce-des-parcours-femmes-et-hommes","status":"publish","type":"post","link":"https:\/\/www.europesays.com\/fr\/484301\/","title":{"rendered":"Tour de France 2026 : le r\u00e9sum\u00e9 de l&rsquo;annonce des parcours femmes et hommes"},"content":{"rendered":"<p>13:13<\/p>\n<p>C&rsquo;est la fin de ce direct !<\/p>\n<p>Merci \u00e0 toutes et \u00e0 tous de l&rsquo;avoir suivi ! On se retrouve tr\u00e8s vite sur leparisien.fr pour le reste de l&rsquo;actualit\u00e9 sportive.<\/p>\n<p>13:06<\/p>\n<p>Pourquoi y aura-t-il deux arriv\u00e9es \u00e0 l\u2019Alpe d\u2019Huez \u00e0 la suite\u00a0?<\/p>\n<p>13:00<\/p>\n<p>La carte du Tour de France 2026<\/p>\n<p>Pour rappel, voici le trac\u00e9 que les coureurs emprunteront l&rsquo;an prochain sur la Grande Boucle.<\/p>\n<p>12:58<\/p>\n<p>L&rsquo;\u00e9tape-reine dans le d\u00e9tail<\/p>\n<p>La 20e \u00e9tape, entre Le Bourg d&rsquo;Oisans et l&rsquo;Alpe d&rsquo;Huez, promet d\u00e9j\u00e0 du spectacle et des \u00e9motions fortes, le samedi 25 juillet 2026.<\/p>\n<blockquote class=\"twitter-tweet\" align=\"center\">\n<p lang=\"fr\" dir=\"ltr\">Etape 20 \/ Stage 20<br \/>\ud83d\udea9 Le Bourg d&rsquo;Oisans &#8211; <a href=\"https:\/\/twitter.com\/alpedhuez?ref_src=twsrc%5Etfw\" rel=\"nofollow noopener\" target=\"_blank\">@alpedhuez<\/a> \ud83c\udfc1 171 km<\/p>\n<p>\ud83d\udc51 5,600m of elevation gain, Croix de Fer, Galibier, then the unprecedented Col de Sarenne. The queen stage of this <a href=\"https:\/\/twitter.com\/hashtag\/TDF2026?src=hash&amp;ref_src=twsrc%5Etfw\" rel=\"nofollow noopener\" target=\"_blank\">#TDF2026<\/a>!<\/p>\n<p>\ud83d\udc51 5.600m de D+, Croix de Fer, Galibier puis l&rsquo;in\u00e9dit Col de Sarenne. L&rsquo;\u00e9tape reine de\u2026 <a href=\"https:\/\/t.co\/ytm6F8tSup\" rel=\"nofollow\">pic.twitter.com\/ytm6F8tSup<\/a><\/p>\n<p>\u2014 Tour de France\u2122 (@LeTour) <a href=\"https:\/\/twitter.com\/LeTour\/status\/1981312084668215765?ref_src=twsrc%5Etfw\" rel=\"nofollow noopener\" target=\"_blank\">October 23, 2025<\/a><\/p><\/blockquote>\n<p>12:55<\/p>\n<p>\u00ab 10 villes in\u00e9dites \u00bb en 2026<\/p>\n<p>Deux pays, 29 d\u00e9partements, 7 r\u00e9gions\u2026 Christian Prudhomme fait le bilan du parcours 2026. \u00ab 10 villes ou sites \u00e9tapes seront in\u00e9dites\u00bb.<\/p>\n<p>12:52<\/p>\n<p>Un retour \u00e0 Montmartre pour conclure<\/p>\n<p>Christian Prudhomme vient de confirmer que les coureurs devraient franchir \u00e0 trois reprises la rue Lepic lors de l&rsquo;ultime \u00e9tape entre Thoiry et Paris, le dimanche 26 juillet.<\/p>\n<p>12:51<\/p>\n<p>La 20e \u00e9tape, reine du Tour 2026<\/p>\n<p>\u00ab Une \u00e9tape de montagne XXL \u00bb est annonc\u00e9e le 25 juillet entre Le Bourg d&rsquo;Oisans et l&rsquo;Alpe d&rsquo;Huez. Au programme : le Col de la Croix de Fer, le T\u00e9l\u00e9graphe, le Galibier, le Col de Sarenne et un finish \u00e0 l&rsquo;Alpe d&rsquo;Huez. \u00ab Le d\u00e9nivel\u00e9 positif sera de 5600m \u00bb, r\u00e9v\u00e8le Christian Prudhomme.<\/p>\n<p>12:49<\/p>\n<p>L&rsquo;Alpe d&rsquo;Huez de retour<\/p>\n<p>Un retour \u00e0 l&rsquo;Alpe d&rsquo;Huez apr\u00e8s 4 ans d&rsquo;absence est pr\u00e9vu lors de la 19e \u00e9tape entre Gap et la c\u00e9l\u00e8bre station aux 21 lacets.\u00a0<\/p>\n<p>12:48<\/p>\n<p>Le d\u00e9but du triptyque alpestre\u00a0<\/p>\n<p>La 18e \u00e9tape reliera Voiron \u00e0 Orci\u00e8res-Merlette. L&rsquo;arriv\u00e9e sera donn\u00e9e en altitude, dans les Hautes-Alpes, avec un d\u00e9nivel\u00e9 positif de 3800m au cours de l&rsquo;\u00e9tape.<\/p>\n<p>12:46<\/p>\n<p>Un contre-la-montre en Haute-Savoie<\/p>\n<p>Le second contre-la-montre du Tour, individuel cette fois, aura lieu le 21 juillet apr\u00e8s la deuxi\u00e8me journ\u00e9e de repos, entre Evian-les-Bains et Thonon-les-Bains.\u00a0<\/p>\n<p>12:45<\/p>\n<p>Une 15e \u00e9tape en haute-altitude<\/p>\n<p>\u00ab Un revenant s&rsquo;\u00e9l\u00e8vera sur la route du Tour : le Sal\u00e8ve, par le Col de la Croisette, avec 5km cons\u00e9cutifs \u00e0 plus de 11% \u00bb, explique Christian Prudhomme. \u00ab Le final sera tr\u00e8s s\u00e9lectif jusqu&rsquo;au Plateau de Solaison, mont\u00e9e in\u00e9dite\u00bb.\u00a0<\/p>\n<p>12:42<\/p>\n<p>Une 14e \u00e9tape r\u00e9serv\u00e9e aux favoris<\/p>\n<p>\u00ab L&rsquo;\u00e9tape s&rsquo;adressera clairement aux favoris \u00bb explique le directeur de la course au sujet de la 14e \u00e9tape reliant Mulhouse au Markstein. Le Grand Ballon, le Col du Page, le Ballon d&rsquo;Alsace, \u00ab la mont\u00e9e in\u00e9dite \u00bb du Haag seront au programme avant l&rsquo;arriv\u00e9e au sommet du Markstein.<\/p>\n<p>12:41<\/p>\n<p>\u00ab L&rsquo;\u00e9tape la plus longue du Tour \u00bb entre Dole et Belfort<\/p>\n<p>\u00ab Dole nous accueillera pour l&rsquo;\u00e9tape la plus longue du Tour 2026, la seule d\u00e9passant les 200km \u00bb, annonce Christian Prudhomme, avec un passage par le Ballon d&rsquo;Alsace avant l&rsquo;arriv\u00e9e \u00e0 Belfort, lors de la 13e \u00e9tape.<\/p>\n<p>12:39<\/p>\n<p>Retour \u00e0 Vichy\u00a0<\/p>\n<p>\u00ab Le Tour ne s&rsquo;\u00e9tait plus pos\u00e9 \u00e0 Vichy depuis 1952 \u00bb, occasion pour les sprinteurs de pointer \u00e0 nouveau le bout de leur nez, le 15 juillet pour la 11e \u00e9tape.\u00a0<\/p>\n<p>12:37<\/p>\n<p>Les baroudeurs avant la journ\u00e9e de repos<\/p>\n<p>La premi\u00e8re journ\u00e9e de repos est pr\u00e9vue le 13 juillet 2026, juste apr\u00e8s une \u00e9tape repr\u00e9sentant un \u00ab terrain de jeu parfait pour les baroudeurs \u00bb entre Malemort et Ussel.\u00a0<\/p>\n<p>12:36<\/p>\n<p>Deux \u00e9tapes r\u00e9serv\u00e9es aux sprinteurs<\/p>\n<p>Christian Prudhomme annonce un duo d&rsquo;\u00e9tapes r\u00e9serv\u00e9es aux sprinteurs entre Hagetmau et Bordeaux puis entre P\u00e9rigueux et Bergerac les 10 et 11 juillet 2026.<\/p>\n<p>12:35<\/p>\n<p>La 6e \u00e9tape, rendez-vous de taille dans les Pyr\u00e9n\u00e9es<\/p>\n<p>Le directeur du Tour de France promet \u00ab un final in\u00e9dit \u00bb \u00e0 Gavarnie-G\u00e8dre, lors de la 6e \u00e9tape.<\/p>\n<p>12:33<\/p>\n<p>Les sprinteurs attendus \u00e0 Pau<\/p>\n<p>\u00ab Les sprinteurs pourront dire \u00ab enfin! \u00bb et laisser parler leur pointe de vitesse \u00bb lors de la 5e \u00e9tape arrivant \u00e0 Pau, \u00ab devenu un lieu incontournable pour les sprinteurs au fil des ann\u00e9es \u00bb.<\/p>\n<p>12:31<\/p>\n<p>Christian Prudhomme analyse le parcours\u00a0<\/p>\n<p>Le directeur du Tour de France promet une 4e \u00e9tape \u00ab accident\u00e9e \u00bb entre Carcassonne et Foix. \u00ab Le d\u00e9nivel\u00e9 positif du jour sera de 2750m \u00bb.<\/p>\n<p>12:30<\/p>\n<p>La carte officielle du parcours, avec la double ascension de l\u2019Alpe d\u2019Huez<\/p>\n<p>Au cours des 3\u00a0333\u00a0km du parcours du Tour 2026, <a href=\"https:\/\/www.leparisien.fr\/sports\/cyclisme\/tour-de-france\/tour-de-france-2026-decouvrez-la-carte-officielle-du-parcours-avec-la-double-ascension-de-lalpe-dhuez-23-10-2025-P3XRAO6KUVGNVMWVNYZG3BN5JM.php\" target=\"_blank\" rel=\"nofollow noopener\">plusieurs moments forts vont jalonner l\u2019\u00e9preuve<\/a>. Du contre-la-montre par \u00e9quipe le premier jour en passant par un final de feu dans les rues de Montmartre et une double arriv\u00e9e \u00e0 l\u2019Alpe d\u2019Huez.<\/p>\n<p>12:29<\/p>\n<p>Montmartre encore au parcours<\/p>\n<p>Comme attendu, Montmartre et la rue Lepic seront encore travers\u00e9s par le Tour lors de la 21e \u00e9tape, entre Thoiry et Paris Champs-Elys\u00e9es.<\/p>\n<p>12:28<\/p>\n<p>L&rsquo;Alpe d&rsquo;Huez deux fois au programme<\/p>\n<p>C&rsquo;est la nouvelle la plus all\u00e9chante de cette pr\u00e9sentation : l&rsquo;Alpe d&rsquo;Huez sera ville-arriv\u00e9e du Tour de France pendant deux jours cons\u00e9cutifs (19e et 20e \u00e9tape).\u00a0<\/p>\n<p>12:27<\/p>\n<p>Du lourd en Alsace<\/p>\n<p>Le Ballon d&rsquo;Alsace sera au programme de la 14e \u00e9tape entre Mulhouse et Le Markstein.\u00a0<\/p>\n<p>12:25<\/p>\n<p>Retour en France au soir de la 3e \u00e9tape<\/p>\n<p>Le Tour retrouvera la France au terme de la 3e \u00e9tape, avec une arriv\u00e9e aux Angles. Il repartira de Carcassonne pour la 4e \u00e9tape.<\/p>\n<p>12:24<\/p>\n<p>Grand d\u00e9part par \u00e9quipes<\/p>\n<p>Comme pr\u00e9vu, le Tour d\u00e9marrera par un contre-la-montre par \u00e9quipes \u00e0 Barcelone.<\/p>\n<p>12:23<\/p>\n<p>Le parcours du Tour de France masculin 2026\u00a0<\/p>\n<p>Voici le trac\u00e9 officiel de la Grande Boucle en 2026.\u00a0<\/p>\n<p><img decoding=\"async\" src=\"https:\/\/www.europesays.com\/fr\/wp-content\/uploads\/2025\/10\/RDPVMRGAHZEOZBGLR5XLZ7IB74.jpg\"\/>\u00a0<\/p>\n<p>12:21<\/p>\n<p>Barcelone \u00e0 l&rsquo;honneur<\/p>\n<p>\u00ab Barcelone est absolument pr\u00eate. Nous serons la premi\u00e8re ville du monde \u00e0 avoir accueilli les Jeux olympiques, la Coupe du monde de football et maintenant, le grand d\u00e9part du Tour de France. \u00bb\u00a0<\/p>\n<p>12:20<\/p>\n<p>Le maire de Barcelone et le ministre des Sports de Catalogne prennent la parole<\/p>\n<p>Jaume Collboni, maire de Barcelone, prononce actuellement un discours sur sc\u00e8ne. Pour rappel, la capitale catalane va accueillir le grand d\u00e9part de l&rsquo;\u00e9dition 2026. Berni Alvarez, ministre des Sports de Catalogne, lui embo\u00eete le pas.<\/p>\n<p>12:17<\/p>\n<p>L&rsquo;affiche officielle\u00a0<\/p>\n<p>Christian Prudhomme vient de d\u00e9voiler l&rsquo;affiche officielle du Tour de France masculin 2026.\u00a0<\/p>\n<blockquote class=\"twitter-tweet\" align=\"center\">\n<p lang=\"ca\" dir=\"ltr\">\ud83c\udfa8 From the Sagrada Familia to the Arc de Triomphe and the Eiffel Tower, here is the official poster for <a href=\"https:\/\/twitter.com\/hashtag\/TDF2026?src=hash&amp;ref_src=twsrc%5Etfw\" rel=\"nofollow noopener\" target=\"_blank\">#TDF2026<\/a>!<\/p>\n<p>\ud83c\udfa8 De la Sagrada Familia \u00e0 l&rsquo;Arc de Triomphe et la Tour Eiffel, voici l&rsquo;affiche officielle du <a href=\"https:\/\/twitter.com\/hashtag\/TDF2026?src=hash&amp;ref_src=twsrc%5Etfw\" rel=\"nofollow noopener\" target=\"_blank\">#TDF2026<\/a> !<\/p>\n<p>\ud83c\udfa8 De la Sagrada Fam\u00edlia a l&rsquo;Arc de Triomf i la Torre\u2026 <a href=\"https:\/\/t.co\/ALNnyLACPS\" rel=\"nofollow\">pic.twitter.com\/ALNnyLACPS<\/a><\/p>\n<p>\u2014 Tour de France\u2122 (@LeTour) <a href=\"https:\/\/twitter.com\/LeTour\/status\/1981303305494995004?ref_src=twsrc%5Etfw\" rel=\"nofollow noopener\" target=\"_blank\">October 23, 2025<\/a><\/p><\/blockquote>\n<p>12:11<\/p>\n<p>Un retour sur l&rsquo;\u00e9dition 2025<\/p>\n<p>Un r\u00e9sum\u00e9 de l&rsquo;\u00e9dition masculine 2025 est actuellement diffus\u00e9 sur les \u00e9crans du Palais des Congr\u00e8s.\u00a0<\/p>\n<p>12:05<\/p>\n<p>Place aux hommes\u00a0<\/p>\n<p>Le parcours masculin va \u00eatre d\u00e9voil\u00e9 dans quelques instants au Palais des Congr\u00e8s.<\/p>\n<p>12:01<\/p>\n<p>Un \u00ab d\u00e9nivel\u00e9 positif record \u00bb en 2026<\/p>\n<p>Marion Rousse annonce \u00ab un d\u00e9nivel\u00e9 positif de 18785 m\u00e8tres \u00bb en 2026, \u00ab un record \u00bb pour le Tour de France Femmes.<\/p>\n<blockquote class=\"twitter-tweet\" align=\"center\">\n<p lang=\"fr\" dir=\"ltr\">The <a href=\"https:\/\/twitter.com\/hashtag\/TDFF2026?src=hash&amp;ref_src=twsrc%5Etfw\" rel=\"nofollow noopener\" target=\"_blank\">#TDFF2026<\/a> avec <a href=\"https:\/\/twitter.com\/GoZwift?ref_src=twsrc%5Etfw\" rel=\"nofollow noopener\" target=\"_blank\">@GoZwift<\/a>: <br \/>\ud83d\udea9 1 175 km<br \/>\u26f0 2 mountain stages<br \/>\ud83d\udcaa 3 punchy stages<br \/>\ud83d\udcc8 18 795 m of vertical gain, a record!<\/p>\n<p>Le <a href=\"https:\/\/twitter.com\/hashtag\/TDFF2026?src=hash&amp;ref_src=twsrc%5Etfw\" rel=\"nofollow noopener\" target=\"_blank\">#TDFF2026<\/a> avec Zwift en chiffres : <br \/>\ud83d\udea9 1 175 km<br \/>\u26f0 2 \u00e9tapes de montagne<br \/>\ud83d\udcaa 3 \u00e9tapes accident\u00e9es<br \/>\ud83d\udcc8 18 795 m de D+, un record !\u2026 <a href=\"https:\/\/t.co\/bj11UkDEK4\" rel=\"nofollow\">pic.twitter.com\/bj11UkDEK4<\/a><\/p>\n<p>\u2014 Le Tour de France Femmes avec Zwift (@LeTourFemmes) <a href=\"https:\/\/twitter.com\/LeTourFemmes\/status\/1981299749836763482?ref_src=twsrc%5Etfw\" rel=\"nofollow noopener\" target=\"_blank\">October 23, 2025<\/a><\/p><\/blockquote>\n<p>11:55<\/p>\n<p>Sprint final \u00ab pas du tout garanti \u00bb \u00e0 Nice lors de la 8e \u00e9tape<\/p>\n<p>La huiti\u00e8me \u00e9tape entre Sisteron et Nice sera \u00ab la plus longue avec 175km \u00bb. \u00ab Le sprint final sur la Promenade des Anglais n&rsquo;est pas du tout garanti \u00bb, analyse Marion Rousse.<\/p>\n<p>11:54<\/p>\n<p>Marion Rousse pr\u00e9sente l&rsquo;\u00e9tape-reine<\/p>\n<p>La 7e \u00e9tape am\u00e8nera les coureuses au sommet du Mont Ventoux, \u00ab l&rsquo;un des lieux iconiques du Tour de France \u00bb, rappelle la directrice de la course, qui parle d&rsquo;un d\u00e9nivel\u00e9 positif de 3855 m\u00e8tres.<\/p>\n<p>11:52<\/p>\n<p>Une 5e \u00e9tape r\u00e9serv\u00e9e aux grimpeuses<\/p>\n<p>Marion Rousse promet \u00ab huit ascensions r\u00e9pertori\u00e9es \u00bb lors de la 5e \u00e9tape. \u00ab Le d\u00e9nivel\u00e9 positif de cette \u00e9tape sera de 2850 m\u00e8tres. \u00bb<\/p>\n<p>11:51<\/p>\n<p>Un contre-la-montre pour la 4e \u00e9tape<\/p>\n<p>\u00ab Un rendez-vous d&rsquo;importance pour les favorites \u00bb, affirme Marion Rousse.\u00a0<\/p>\n<p>11:49<\/p>\n<p>Le parcours d\u00e9crypt\u00e9 par Marion Rousse et Christian Prudhomme<\/p>\n<p>Une \u00ab boucle autour de Lausanne et du Lac L\u00e9man \u00bb id\u00e9ale pour les puncheuses, puis une \u00ab \u00e9tape taill\u00e9e \u00bb pour les sprinteuses entre Aigle et Gen\u00e8ve sont attendues dans les deux premiers jours.\u00a0<\/p>\n<p>11:48<\/p>\n<p>Tour de France femmes : d\u00e9couvrez la carte du parcours<\/p>\n<p>11:47<\/p>\n<p>Le parcours officiel \u00e9tapes par \u00e9tapes<\/p>\n<p>1\u00e8re \u00e9tape : Lausanne &#8211; Lausanne (137km)\u00a0<\/p>\n<p>2e \u00e9tape : Aigle &#8211; Gen\u00e8ve (149km)\u00a0<\/p>\n<p>3e \u00e9tape : Gen\u00e8ve &#8211; Poligny (157km)<\/p>\n<p>4e \u00e9tape : Gevrey-Chambertin &#8211; Dijon (C.L.M individuel, 21km)<\/p>\n<p>5e \u00e9tape : M\u00e2con &#8211; Belleville-en-Beaujolais (140km)\u00a0<\/p>\n<p>6e \u00e9tape : Montbrison &#8211; Tournon-sur-Rh\u00f4ne (153km)<\/p>\n<p>7e \u00e9tape : La Voulte-sur-Rh\u00f4ne &#8211; Mont Ventoux (144km)<\/p>\n<p>8e \u00e9tape : Sisteron &#8211; Nice (175km)<\/p>\n<p>9e \u00e9tape : Nice &#8211; Nice (99km)<\/p>\n<p>11:44<\/p>\n<p>Trois premi\u00e8res \u00e9tapes en Suisse<\/p>\n<p>La Suisse sera \u00e0 l&rsquo;honneur lors des trois premi\u00e8res \u00e9tapes, avec une boucle autour de Lausanne pour commencer le samedi 1er ao\u00fbt, puis un trac\u00e9 entre Aigle et Gen\u00e8ve le lendemain. La France reviendra au centre des d\u00e9bats d\u00e8s le lundi 3 ao\u00fbt, avec une \u00e9tape entre Gen\u00e8ve et Poligny.<\/p>\n<p>11:42<\/p>\n<p>Le parcours du Tour de France Femmes 2026<\/p>\n<p>Voici l&rsquo;int\u00e9gralit\u00e9 du trac\u00e9 de la course f\u00e9minine en 2026.\u00a0<\/p>\n<p><img decoding=\"async\" src=\"https:\/\/www.europesays.com\/fr\/wp-content\/uploads\/2025\/10\/FDGYP6YTOJFENESD3LG2XUVCJA.jpg\"\/>\u00a0<\/p>\n<p>11:42<\/p>\n<p>Encore des discours<\/p>\n<p>Des repr\u00e9sentants des villes de Lausanne, Aigle et Gen\u00e8ve, les trois villes-\u00e9tapes suisses dans lesquelles le Tour de France Femmes s&rsquo;arr\u00eatera en 2026, prononcent actuellement des discours.\u00a0<\/p>\n<p>11:35<\/p>\n<p>Le Tour de France Femmes s&rsquo;\u00e9lancera de Lausanne\u00a0<\/p>\n<p>Comme pr\u00e9vu, le grand d\u00e9part de la course sera donn\u00e9 en Suisse, depuis Lausanne. Marion Rousse vient de le rappeler sur la sc\u00e8ne.<\/p>\n<p>11:34<\/p>\n<p>Le partenariat avec Zwift renouvel\u00e9\u00a0<\/p>\n<p>Le Tour de France f\u00e9minin renouvelle pour quatre ans son partenariat avec Zwift, d\u00e9sormais engag\u00e9 aupr\u00e8s de la course jusqu&rsquo;en 2029.\u00a0<\/p>\n<p>11:32<\/p>\n<p>Marion Rousse conclut son discours<\/p>\n<p>\u00ab Pendant les 9 jours de course, nous avons vu que la course avait pass\u00e9 un cap et qu&rsquo;elle \u00e9tait rentr\u00e9e dans le coeur des gens. Plus de doute : c&rsquo;est le Tour de France. \u00bb<\/p>\n<p>11:30<\/p>\n<p>Les f\u00e9licitations de Marion Rousse \u00e0 Pauline Ferrand-Pr\u00e9vot\u00a0<\/p>\n<p>La directrice de la course f\u00e9minine revient sur l&rsquo;\u00e9dition 2025 et le succ\u00e8s de Pauline Ferrand-Pr\u00e9vot.<\/p>\n<p>11:29<\/p>\n<p>Fin du suspense dans quelques instants<\/p>\n<p>Marion Rousse et Christian Prudhomme viennent d&rsquo;\u00eatre accueillis sur sc\u00e8ne !<\/p>\n<p>11:24<\/p>\n<p>Dans le r\u00e9tro<\/p>\n<p>Des images revenant sur les meilleurs moments du Tour de France Femmes 2025 sont actuellement diffus\u00e9es sur place.<\/p>\n<p>11:18<\/p>\n<p>Discours inaugural\u00a0<\/p>\n<p>Jean-Etienne Amaury, pr\u00e9sident d&rsquo;Amaury Sport Organisation, propri\u00e9taire du Tour de France, prononce actuellement un discours sur la sc\u00e8ne du Palais des Congr\u00e8s.\u00a0<\/p>\n<p>11:13<\/p>\n<p>\u00abJe vais essayer de faire mieux qu&rsquo;au Mont Ventoux\u00bb<\/p>\n<p>Valentin Paret-Peintre vient d&rsquo;\u00eatre interrog\u00e9 sur sa magnifique victoire d&rsquo;\u00e9tape lors du Tour de France 2025 : \u00ab Quand on a gagn\u00e9 une fois, on a envie de le refaire. Ca sera difficile de faire mieux qu&rsquo;au Mont Ventoux, mais je vais essayer \u00bb.<\/p>\n<p>Contexte<\/p>\n<p>Le Tour de France l\u00e8ve le voile sur son \u00e9dition 2026<\/p>\n<p><script async src=\"https:\/\/platform.twitter.com\/widgets.js\" charset=\"utf-8\"><\/script><\/p>\n","protected":false},"excerpt":{"rendered":"13:13 C&rsquo;est la fin de ce direct ! Merci \u00e0 toutes et \u00e0 tous de l&rsquo;avoir suivi !&hellip;\n","protected":false},"author":2,"featured_media":484302,"comment_status":"","ping_status":"","sticky":false,"template":"","format":"standard","meta":{"footnotes":""},"categories":[4],"tags":[11,1154,1011,27,1227,12,25],"class_list":{"0":"post-484301","1":"post","2":"type-post","3":"status-publish","4":"format-standard","5":"has-post-thumbnail","7":"category-france","8":"tag-actualites","9":"tag-cycling","10":"tag-fr","11":"tag-france","12":"tag-horizontal","13":"tag-news","14":"tag-republique-francaise"},"share_on_mastodon":{"url":"https:\/\/pubeurope.com\/@fr\/115423368315168526","error":""},"_links":{"self":[{"href":"https:\/\/www.europesays.com\/fr\/wp-json\/wp\/v2\/posts\/484301","targetHints":{"allow":["GET"]}}],"collection":[{"href":"https:\/\/www.europesays.com\/fr\/wp-json\/wp\/v2\/posts"}],"about":[{"href":"https:\/\/www.europesays.com\/fr\/wp-json\/wp\/v2\/types\/post"}],"author":[{"embeddable":true,"href":"https:\/\/www.europesays.com\/fr\/wp-json\/wp\/v2\/users\/2"}],"replies":[{"embeddable":true,"href":"https:\/\/www.europesays.com\/fr\/wp-json\/wp\/v2\/comments?post=484301"}],"version-history":[{"count":0,"href":"https:\/\/www.europesays.com\/fr\/wp-json\/wp\/v2\/posts\/484301\/revisions"}],"wp:featuredmedia":[{"embeddable":true,"href":"https:\/\/www.europesays.com\/fr\/wp-json\/wp\/v2\/media\/484302"}],"wp:attachment":[{"href":"https:\/\/www.europesays.com\/fr\/wp-json\/wp\/v2\/media?parent=484301"}],"wp:term":[{"taxonomy":"category","embeddable":true,"href":"https:\/\/www.europesays.com\/fr\/wp-json\/wp\/v2\/categories?post=484301"},{"taxonomy":"post_tag","embeddable":true,"href":"https:\/\/www.europesays.com\/fr\/wp-json\/wp\/v2\/tags?post=484301"}],"curies":[{"name":"wp","href":"https:\/\/api.w.org\/{rel}","templated":true}]}}