{"id":484314,"date":"2025-10-23T12:07:13","date_gmt":"2025-10-23T12:07:13","guid":{"rendered":"https:\/\/www.europesays.com\/fr\/484314\/"},"modified":"2025-10-23T12:07:13","modified_gmt":"2025-10-23T12:07:13","slug":"psg-mayulu-des-negociations-lancees-maxifoot","status":"publish","type":"post","link":"https:\/\/www.europesays.com\/fr\/484314\/","title":{"rendered":"PSG : Mayulu, des n\u00e9gociations lanc\u00e9es &#8211; Maxifoot"},"content":{"rendered":"<ol>\n<li><a href=\"https:\/\/news.google.com\/rss\/articles\/CBMigAFBVV95cUxQMUZhS1lVdmJpYVd4X29YSmQ0RkZ6YjAtTGdHYmdlcHZXekViWmxvTk94aFp0X084NFJlYW0td0ZaSnY3dS1Dc3JJUGFBcTdKdmM3elFnNEFpeHd0UElKZnpHWHBOd05hNHNmVlRsLXQyWG5Oc1VCODdvc0JkaC1ZMNIBgAFBVV95cUxOVnQ4OWZKdjFWUlRaMll6ZFlsVFhfRWZMMFBIZ3lUUFZZWUw0NFNFd3NNa0NOUHVMbEVKNFF0bm5iZ1NhbFp4dmhkbFNMT2xYTEdkT1hhVUNGcEp0Tzd1dXhuZS10Y2Y2TDVEYnRBZ01XclBMVTV4WmFaSDUtZXJwdQ?oc=5\" target=\"_blank\" rel=\"noopener\">PSG : Mayulu, des n\u00e9gociations lanc\u00e9es<\/a>&nbsp;&nbsp;Maxifoot<\/li>\n<li><a href=\"https:\/\/news.google.com\/rss\/articles\/CBMilAJBVV95cUxOZUljc016UDhjSl9XNHBpX3NHekRaYjNXRWFBemlQM0ZiY29MWXFsY0MyQlRuV01sM0pzX0JjMVhPSTNaVnhUMnp4M01neVYwRXFkTndlOUR0MzZOcU16ZS04blVZTnA1MFBEWFVSOGFSUFNlRkhIQy0zckpfbVh4NGJBaWlaUV9yZ2ZBaDRVMndGcDdVRnpacTVJcjdsT09CMkFMczhFU0NIUXpsaHdWcW5xV1pUMTBVQ2RnX1RNajFJeGphRjdHRE9pRU1VZXJMVHk4STdTRUpram5xOVRSQUV1aXV2MWVZcGhDUWhRUE0yWUNHUXlkT2VtZEt6ckJQM0haR1c4LVlDdXpKZXRNbG16blk?oc=5\" target=\"_blank\" rel=\"noopener\">Titulaire lors des trois sorties europ\u00e9ennes du PSG, Senny Mayulu s&rsquo;installe dans le club parisien : \u00ab Il est brillant, mature, avec la t\u00eate sur les \u00e9paules \u00bb<\/a>&nbsp;&nbsp;L&rsquo;\u00c9quipe<\/li>\n<li><a href=\"https:\/\/news.google.com\/rss\/articles\/CBMisAFBVV95cUxNMVhJcVc5N1V2VlNodjJsNXFPSnVSUTZKMnB6MkowNjhmaF85dVhRWEVEYmszM2h0c3JyLTYzUEJpcU1uNTdTVnlLYlhVejlqOUZTalR5S1lwd2thQzdOTVA3Z0xRbFg4cTJJUVF2R05BNUJVQ0NBaXJsNjdYdkE4NHA0Wkh0MWZQMzViWmNrNHRZMnVKdG52TkdfU0hlZFlGWGw0V1JCYXBFc0FOaG96MQ?oc=5\" target=\"_blank\" rel=\"noopener\">PSG : n\u00e9gociations en cours pour la prolongation de Senny Mayulu<\/a>&nbsp;&nbsp;Foot Mercato<\/li>\n<li><a href=\"https:\/\/news.google.com\/rss\/articles\/CBMiX0FVX3lxTE5GSi1fWTBrc09IYzM4REtvX0owUjliemptM1NzMVN6dTRHN1dNQ19mZk0zMVdaeV91RzlIZWRzYktKdUhqZVhJV2VPS0lRdGhRVWJVVFlMUDlZcmdXajZZ0gFXQVVfeXFMT2lNM3hXNUQyV0hSUnJPRFBoN19fYVV6aUozSHFHdlRoUUlPYktlcmEwejhHSTYxSFhfZkJSVzFRVjZsQm5ZMjFzMHh3dml3dzBDdEpTMzZj?oc=5\" target=\"_blank\" rel=\"noopener\">Mercato : le PSG lance les grandes man\u0153uvres pour Mayulu !<\/a>&nbsp;&nbsp;Maxifoot<\/li>\n<li><a href=\"https:\/\/news.google.com\/rss\/articles\/CBMid0FVX3lxTE9pdVYyejhDenlrLWZISkpRemtrMmJlS0pxbmF4d3ZZODFTNllkdGhZdVBXNnpMRVIwRXBoaGxEZUFFeFZ2RXk1RTNpQmdWckRvOXRRdkQ1eV9tYkNwUjJSbFljYV9kOHpsZnc1UUc1UzNhV3I1Wjdv?oc=5\" target=\"_blank\" rel=\"noopener\">L&rsquo;Europe hallucine, le PSG le fait signer<\/a>&nbsp;&nbsp;Foot01<\/li>\n<\/ol>\n","protected":false},"excerpt":{"rendered":"PSG : Mayulu, des n\u00e9gociations lanc\u00e9es&nbsp;&nbsp;Maxifoot Titulaire lors des trois sorties europ\u00e9ennes du PSG, Senny Mayulu s&rsquo;installe dans&hellip;\n","protected":false},"author":2,"featured_media":484315,"comment_status":"","ping_status":"","sticky":false,"template":"","format":"standard","meta":{"footnotes":""},"categories":[1410],"tags":[2266,2262,2261,1981,83,2260,451,2263,462,2269,2257,63,1011,27,2265,1441,453,66,447,2267,955,2268,241,149,70,1817,93,2264,2258,2259,60,969,455],"class_list":{"0":"post-484314","1":"post","2":"type-post","3":"status-publish","4":"format-standard","5":"has-post-thumbnail","7":"category-football","8":"tag-as-monaco","9":"tag-bundesligua","10":"tag-calcio","11":"tag-classement","12":"tag-coupe-de-france","13":"tag-coupe-de-la-ligue","14":"tag-coupe-du-monde","15":"tag-equipe","16":"tag-fc-nantes","17":"tag-fifa","18":"tag-foot","19":"tag-football","20":"tag-fr","21":"tag-france","22":"tag-girondins-bordeaux","23":"tag-joueur","24":"tag-liga","25":"tag-ligue-1","26":"tag-ligue-des-champions","27":"tag-losc","28":"tag-match","29":"tag-ogc-nice","30":"tag-ol","31":"tag-om","32":"tag-premier-league","33":"tag-pronostic","34":"tag-psg","35":"tag-rc-lens","36":"tag-resultat","37":"tag-score","38":"tag-sports","39":"tag-transfert","40":"tag-uefa"},"share_on_mastodon":{"url":"https:\/\/pubeurope.com\/@fr\/115423402028112179","error":""},"_links":{"self":[{"href":"https:\/\/www.europesays.com\/fr\/wp-json\/wp\/v2\/posts\/484314","targetHints":{"allow":["GET"]}}],"collection":[{"href":"https:\/\/www.europesays.com\/fr\/wp-json\/wp\/v2\/posts"}],"about":[{"href":"https:\/\/www.europesays.com\/fr\/wp-json\/wp\/v2\/types\/post"}],"author":[{"embeddable":true,"href":"https:\/\/www.europesays.com\/fr\/wp-json\/wp\/v2\/users\/2"}],"replies":[{"embeddable":true,"href":"https:\/\/www.europesays.com\/fr\/wp-json\/wp\/v2\/comments?post=484314"}],"version-history":[{"count":0,"href":"https:\/\/www.europesays.com\/fr\/wp-json\/wp\/v2\/posts\/484314\/revisions"}],"wp:featuredmedia":[{"embeddable":true,"href":"https:\/\/www.europesays.com\/fr\/wp-json\/wp\/v2\/media\/484315"}],"wp:attachment":[{"href":"https:\/\/www.europesays.com\/fr\/wp-json\/wp\/v2\/media?parent=484314"}],"wp:term":[{"taxonomy":"category","embeddable":true,"href":"https:\/\/www.europesays.com\/fr\/wp-json\/wp\/v2\/categories?post=484314"},{"taxonomy":"post_tag","embeddable":true,"href":"https:\/\/www.europesays.com\/fr\/wp-json\/wp\/v2\/tags?post=484314"}],"curies":[{"name":"wp","href":"https:\/\/api.w.org\/{rel}","templated":true}]}}