{"id":484316,"date":"2025-10-23T12:08:12","date_gmt":"2025-10-23T12:08:12","guid":{"rendered":"https:\/\/www.europesays.com\/fr\/484316\/"},"modified":"2025-10-23T12:08:12","modified_gmt":"2025-10-23T12:08:12","slug":"valerie-lemercier-a-son-meilleur-dans-son-nouveau-one-woman-show","status":"publish","type":"post","link":"https:\/\/www.europesays.com\/fr\/484316\/","title":{"rendered":"Val\u00e9rie Lemercier, \u00e0 son meilleur dans son nouveau one-woman-show"},"content":{"rendered":"<p>\n    <strong>CRITIQUE &#8211;<\/strong> Apr\u00e8s dix ans d\u2019absence, l\u2019humoriste revient en fanfare, avec une galerie de personnages d\u00e9cal\u00e9s, au Th\u00e9\u00e2tre Marigny.<\/p>\n<p class=\"fig-paragraph\">Quel est le point commun entre Jean d\u2019Ormesson,\u00a0<a href=\"http:\/\/www.lefigaro.fr\/cinema\/dossier\/les-visages-de-marilyn-monroe\" data-fig-type=\"Topic\" data-gtm-custom-categorie=\"navigation\" data-gtm-custom-action=\"crossclick\" data-gtm-custom-label=\"Contextuel\" data-gtm-event=\"customEventSPE\" data-fig-domain=\"LEFIGARO\" target=\"_blank\" rel=\"noopener\">Marilyn Monroe<\/a>, Gis\u00e8le Pelicot,\u00a0<a href=\"http:\/\/www.lefigaro.fr\/cinema\/une-relecture-opportuniste-benjamin-castaldi-fustige-le-film-de-diane-kurys-sur-simone-signoret-et-yves-montand-20250624\" data-fig-type=\"Article\" data-gtm-custom-categorie=\"navigation\" data-gtm-custom-action=\"crossclick\" data-gtm-custom-label=\"Contextuel\" data-gtm-event=\"customEventSPE\" data-fig-domain=\"LEFIGARO\" target=\"_blank\" rel=\"noopener\">Benjamin Castaldi<\/a>\u00a0et Jordan B.\u00a0? Ils sont tous dans le nouveau one-woman-show de Val\u00e9rie Lemercier. Le sixi\u00e8me, sans titre, comme les pr\u00e9c\u00e9dents. Avant le lever du rideau, l\u2019humoriste d\u00e9conseille d\u2019une voix d\u2019outre-tombe de capter ou de prendre des photos de son spectacle. En \u00e9change, le public sera r\u00e9compens\u00e9\u00a0: \u00ab\u00a0Personne ne t\u2019appellera pour te proposer une pompe \u00e0 chaleur\u00a0!\u00a0\u00bb V\u00eatue de noir, elle fait son entr\u00e9e en dansant avant d\u2019encha\u00eener avec des personnages pas piqu\u00e9s des hannetons. \u00c0 commencer par une fermi\u00e8re qui se plaint de la pr\u00e9sence de dealers dans son village. \u00ab\u00a0Tout le monde en prend.\u00a0\u00bb<\/p>\n<blockquote class=\"fig-quote&#10;    \">\n<p class=\"fig-quote__text\">Depuis le Papotin et Un p\u2019tit truc en plus, j\u2019ai beaucoup de succ\u00e8s<\/p>\n<p>            Ronan, personnage incarn\u00e9 par Val\u00e9rie Lemercier\n    <\/p><\/blockquote>\n<p class=\"fig-paragraph\">Dans la foul\u00e9e, Val\u00e9rie Lemercier croque une casse-pieds qui interrompt la \u00ab\u00a0plancha\u00a0\u00bb de ses voisins parce qu\u2019ils ont d\u00e9plac\u00e9 le \u00ab\u00a0lombricompost\u00a0\u00bb, un serveur \u00ab\u00a0cool\u00a0\u00bb, une femme qui regrette d\u2019avoir \u00e9pous\u00e9 une \u00ab\u00a0gueule de con\u00a0\u00bb, une gamine choqu\u00e9e parce que sa baby-sitter\u2026<\/p>\n<p class=\"fig-premium-paywall__infos\">\n        Cet article est r\u00e9serv\u00e9 aux abonn\u00e9s.        Il vous reste 66% \u00e0 d\u00e9couvrir.\n    <\/p>\n<p>                <img  data- alt=\"Le Figaro\" class=\"fig-img--complete fig-img\"\/><\/p>\n<p class=\"fig-premium-paywall__title\">Vous avez envie de lire la suite ?<\/p>\n<p class=\"fig-premium-paywall__subtitle\">D\u00e9bloquez tous les articles imm\u00e9diatement.<\/p>\n<p class=\"fig-premium-paywall__connect\">\n                D\u00e9j\u00e0 abonn\u00e9\u00a0?                <a class=\"fig-premium-paywall__connect-link\" href=\"https:\/\/connect.lefigaro.fr\/login?client=horizon_web&amp;type=main&amp;redirect_uri=https%3A%2F%2Fwww.lefigaro.fr%2Fculture%2Fvalerie-lemercier-a-son-meilleur-dans-son-nouveau-one-woman-show-20251023\" data-js-gtm=\"{&quot;customCategorie&quot;: &quot;conversion&quot;, &quot;customAction&quot;: &quot;before_Landing_Connexion_paywall_auto&quot;, &quot;customLabel&quot;: &quot;bGVmaWdhcm8uZnJfXzFmMGFmOTE4LTJmZjgtNjEzMi1hNDhkLTE1MTdjOGYwNDIwNl9fQXJ0aWNsZQ==_Val\u00e9rie Lemercier, \u00e0 son meilleur dans son nouveau one-woman-show_288&quot;, &quot;customIDSPE&quot;: &quot;bGVmaWdhcm8uZnJfXzFmMGFmOTE4LTJmZjgtNjEzMi1hNDhkLTE1MTdjOGYwNDIwNl9fQXJ0aWNsZQ==&quot;, &quot;event&quot;: &quot;customEventSPE&quot;}\" target=\"_blank\" rel=\"noopener\"><br \/>\n                    Connectez-vous<br \/>\n                <\/a>\n            <\/p>\n","protected":false},"excerpt":{"rendered":"CRITIQUE &#8211; Apr\u00e8s dix ans d\u2019absence, l\u2019humoriste revient en fanfare, avec une galerie de personnages d\u00e9cal\u00e9s, au Th\u00e9\u00e2tre&hellip;\n","protected":false},"author":2,"featured_media":484317,"comment_status":"","ping_status":"","sticky":false,"template":"","format":"standard","meta":{"footnotes":""},"categories":[1359],"tags":[58,59,1011,27,973,1347,60749,4094],"class_list":{"0":"post-484316","1":"post","2":"type-post","3":"status-publish","4":"format-standard","5":"has-post-thumbnail","7":"category-people","8":"tag-divertissement","9":"tag-entertainment","10":"tag-fr","11":"tag-france","12":"tag-people","13":"tag-theatre","14":"tag-theatre-marigny","15":"tag-valerie-lemercier"},"share_on_mastodon":{"url":"https:\/\/pubeurope.com\/@fr\/115423405936255176","error":""},"_links":{"self":[{"href":"https:\/\/www.europesays.com\/fr\/wp-json\/wp\/v2\/posts\/484316","targetHints":{"allow":["GET"]}}],"collection":[{"href":"https:\/\/www.europesays.com\/fr\/wp-json\/wp\/v2\/posts"}],"about":[{"href":"https:\/\/www.europesays.com\/fr\/wp-json\/wp\/v2\/types\/post"}],"author":[{"embeddable":true,"href":"https:\/\/www.europesays.com\/fr\/wp-json\/wp\/v2\/users\/2"}],"replies":[{"embeddable":true,"href":"https:\/\/www.europesays.com\/fr\/wp-json\/wp\/v2\/comments?post=484316"}],"version-history":[{"count":0,"href":"https:\/\/www.europesays.com\/fr\/wp-json\/wp\/v2\/posts\/484316\/revisions"}],"wp:featuredmedia":[{"embeddable":true,"href":"https:\/\/www.europesays.com\/fr\/wp-json\/wp\/v2\/media\/484317"}],"wp:attachment":[{"href":"https:\/\/www.europesays.com\/fr\/wp-json\/wp\/v2\/media?parent=484316"}],"wp:term":[{"taxonomy":"category","embeddable":true,"href":"https:\/\/www.europesays.com\/fr\/wp-json\/wp\/v2\/categories?post=484316"},{"taxonomy":"post_tag","embeddable":true,"href":"https:\/\/www.europesays.com\/fr\/wp-json\/wp\/v2\/tags?post=484316"}],"curies":[{"name":"wp","href":"https:\/\/api.w.org\/{rel}","templated":true}]}}