{"id":484322,"date":"2025-10-23T12:11:12","date_gmt":"2025-10-23T12:11:12","guid":{"rendered":"https:\/\/www.europesays.com\/fr\/484322\/"},"modified":"2025-10-23T12:11:12","modified_gmt":"2025-10-23T12:11:12","slug":"danse-avec-les-stars-cette-vedette-de-lemission-plongee-dans-un-terrible-mutisme","status":"publish","type":"post","link":"https:\/\/www.europesays.com\/fr\/484322\/","title":{"rendered":"\u00ab\u00a0Danse avec les stars\u00a0\u00bb : cette vedette de l\u2019\u00e9mission plong\u00e9e dans un terrible mutisme"},"content":{"rendered":"<p>      R\u00e9sum\u00e9<\/p>\n<p>In\u00e8s Vandamme a travers\u00e9 une p\u00e9riode difficile li\u00e9e \u00e0 une mauvaise nouvelle professionnelle, mais elle se concentre d\u00e9sormais sur de nouveaux projets prometteurs avec optimisme.<\/p>\n<p>        Sommaire<\/p>\n<p>Figure embl\u00e9matique du paysage audiovisuel fran\u00e7ais, <strong>In\u00e8s Vandamme<\/strong> encha\u00eene les projets depuis quelques ann\u00e9es.<\/p>\n<p>Devenue c\u00e9l\u00e8bre gr\u00e2ce \u00e0 son r\u00f4le dans <a href=\"https:\/\/www.public.fr\/tag\/danse-avec-les-stars\" rel=\"nofollow noopener\" target=\"_blank\"><strong>Danse avec les stars<\/strong><\/a>, la jeune femme est aujourd&rsquo;hui un membre phare de TF1. Et pour cause ! Elle pr\u00e9sente parfois <strong>l&rsquo;Euromillions<\/strong> et tourne pl\u00e9thore de <strong>publicit\u00e9s<\/strong> pour la cha\u00eene.  <\/p>\n<p>Mais alors qu&rsquo;elle s&rsquo;appr\u00eatait \u00e0 entamer une nouvelle aventure, celle-ci est finalement tomb\u00e9e \u00e0 l&rsquo;eau. Un coup dur pour la starlette qui n&rsquo;a pas manqu\u00e9 d&rsquo;afficher sa d\u00e9ception sur les r\u00e9seaux sociaux.<\/p>\n<p>Am\u00e8re d\u00e9ception pour In\u00e8s Vandamme (Danse avec les stars)<\/p>\n<p>Ce mardi 21 octobre 2025, In\u00e8s Vandamme s&rsquo;est en effet empar\u00e9e de son compte <a href=\"https:\/\/www.instagram.com\/vandamme_ines\/?hl=fr\" target=\"_blank\" rel=\"noreferrer noopener nofollow\">Instagram<\/a> afin d&rsquo;\u00e9voquer sa derni\u00e8re d\u00e9sillusion. <\/p>\n<p>\u00ab\u00a0<strong>\u00c0 deux doigts de pleurer avec tout ce qu&rsquo;il m&rsquo;arrive en ce moment.\u00a0Il y a trois semaines, j&rsquo;ai appris une mauvaise nouvelle pour le travail. Une nouvelle qui m&rsquo;a fait beaucoup de peine. Je suis rest\u00e9e deux jours dans un mutisme terrible, avec un n\u0153ud dans le ventre<\/strong>\u00ab\u00a0, a-t-elle confi\u00e9. <\/p>\n<p>Par chance, la jolie blonde a finalement pris la d\u00e9cision de se concentrer sur un autre projet qui, quant \u00e0 lui, est sur la bonne voie. <\/p>\n<p>\u00ab\u00a0Aujourd&rsquo;hui, <strong>j&rsquo;ai d\u00e9j\u00e0 commenc\u00e9 \u00e0 produire un de ces nouveaux projets<\/strong> (qui j&rsquo;en suis s\u00fbre va faire un carton !), et avec mon agent,\u00a0on s&rsquo;appr\u00eate \u00e0 signer une nouvelle pub TV avec une marque dans un domaine dont j&rsquo;ai toujours r\u00eav\u00e9 d&rsquo;\u00eatre l&rsquo;\u00e9g\u00e9rie.\u00a0Vous vous rendez compte ?\u00a0\u00bb, a-t-elle expliqu\u00e9. <\/p>\n<p>Un coup de pouce pour ses fans<\/p>\n<p>Avec cette publication, In\u00e8s Vandamme cherchait avant tout \u00e0 insuffler un peu de courage \u00e0 ses abonn\u00e9s en perte de motivation. <\/p>\n<p>\u00ab\u00a0<strong>Si vous traversez une p\u00e9riode creuse, d\u00eetes-vous que c&rsquo;est in\u00e9vitable malheureusement. Mais vous avez toujours le choix pour la suite<\/strong> : soit vous vous laissez abattre, soit vous remontez la premi\u00e8re marche de l&rsquo;\u00e9chelle du bonheur\u00a0\u00bb, a-t-elle conclu. Nul doute que ces mots ont touch\u00e9 la majorit\u00e9 de ses fans et leur ont fait beaucoup de bien.<\/p>\n<p>\n          Hits &amp; People en continu\n        <\/p>\n<p>\n          Public Radio\n        <\/p>\n<p>      Mentionn\u00e9s dans cet article<\/p>\n<p>      Sur le m\u00eame sujet<\/p>\n<p>  <script async src=\"\/\/www.instagram.com\/embed.js\"><\/script><\/p>\n","protected":false},"excerpt":{"rendered":"R\u00e9sum\u00e9 In\u00e8s Vandamme a travers\u00e9 une p\u00e9riode difficile li\u00e9e \u00e0 une mauvaise nouvelle professionnelle, mais elle se concentre&hellip;\n","protected":false},"author":2,"featured_media":484323,"comment_status":"","ping_status":"","sticky":false,"template":"","format":"standard","meta":{"footnotes":""},"categories":[1356],"tags":[194,58,59,1011,27,3779,1095,252,1364],"class_list":{"0":"post-484322","1":"post","2":"type-post","3":"status-publish","4":"format-standard","5":"has-post-thumbnail","7":"category-television","8":"tag-danse-avec-les-stars","9":"tag-divertissement","10":"tag-entertainment","11":"tag-fr","12":"tag-france","13":"tag-ines-vandamme","14":"tag-projet","15":"tag-television","16":"tag-tv"},"share_on_mastodon":{"url":"https:\/\/pubeurope.com\/@fr\/115423417821550257","error":""},"_links":{"self":[{"href":"https:\/\/www.europesays.com\/fr\/wp-json\/wp\/v2\/posts\/484322","targetHints":{"allow":["GET"]}}],"collection":[{"href":"https:\/\/www.europesays.com\/fr\/wp-json\/wp\/v2\/posts"}],"about":[{"href":"https:\/\/www.europesays.com\/fr\/wp-json\/wp\/v2\/types\/post"}],"author":[{"embeddable":true,"href":"https:\/\/www.europesays.com\/fr\/wp-json\/wp\/v2\/users\/2"}],"replies":[{"embeddable":true,"href":"https:\/\/www.europesays.com\/fr\/wp-json\/wp\/v2\/comments?post=484322"}],"version-history":[{"count":0,"href":"https:\/\/www.europesays.com\/fr\/wp-json\/wp\/v2\/posts\/484322\/revisions"}],"wp:featuredmedia":[{"embeddable":true,"href":"https:\/\/www.europesays.com\/fr\/wp-json\/wp\/v2\/media\/484323"}],"wp:attachment":[{"href":"https:\/\/www.europesays.com\/fr\/wp-json\/wp\/v2\/media?parent=484322"}],"wp:term":[{"taxonomy":"category","embeddable":true,"href":"https:\/\/www.europesays.com\/fr\/wp-json\/wp\/v2\/categories?post=484322"},{"taxonomy":"post_tag","embeddable":true,"href":"https:\/\/www.europesays.com\/fr\/wp-json\/wp\/v2\/tags?post=484322"}],"curies":[{"name":"wp","href":"https:\/\/api.w.org\/{rel}","templated":true}]}}