{"id":484324,"date":"2025-10-23T12:12:17","date_gmt":"2025-10-23T12:12:17","guid":{"rendered":"https:\/\/www.europesays.com\/fr\/484324\/"},"modified":"2025-10-23T12:12:17","modified_gmt":"2025-10-23T12:12:17","slug":"on-etait-tres-proches-et-ca-nous-a-sauves-frank-des-2be3-se-confie-sur-la-serie-culte","status":"publish","type":"post","link":"https:\/\/www.europesays.com\/fr\/484324\/","title":{"rendered":"\u00ab\u00a0On \u00e9tait tr\u00e8s proches et \u00e7a nous a sauv\u00e9s\u00a0\u00bb\u00a0: Frank des 2Be3\u00a0se confie sur la s\u00e9rie \u00ab\u00a0Culte\u00a0\u00bb"},"content":{"rendered":"<p class=\"paragraph text_align_left lp-f-body-02\">Le regard bleu acier et le look sportif, on retrouve Frank Delay, 52 ans, l\u2019un des trois chanteurs du boys band des ann\u00e9es 1990, dans un h\u00f4tel tr\u00e8s chic du centre de Paris. Le temps de la promotion de la s\u00e9rie <a href=\"https:\/\/www.leparisien.fr\/culture-loisirs\/series\/jai-retrouve-le-filip-que-jadorais-la-serie-culte-sur-les-2be3-enchante-ses-premiers-spectateurs-21-09-2025-KSIESM5YWZC6HIENDXXEMH2CYY.php\" target=\"_self\" rel=\"noopener\">\u00ab Culte &#8211; 2Be3 \u00bb<\/a>, disponible ce vendredi sur Prime Vid\u00e9o et qui raconte l\u2019histoire du groupe, il se retrouve de nouveau sur les feux de l\u2019actualit\u00e9 comme il y a 30 ans.<\/p>\n<p class=\"paragraph text_align_left lp-f-body-02\"><b>Apr\u00e8s une fiction sur TF 1 sur Filip, une s\u00e9rie sur les 2Be3. Pourquoi avez-vous accept\u00e9 d\u2019y collaborer ?<\/b><\/p>\n","protected":false},"excerpt":{"rendered":"Le regard bleu acier et le look sportif, on retrouve Frank Delay, 52 ans, l\u2019un des trois chanteurs&hellip;\n","protected":false},"author":2,"featured_media":484325,"comment_status":"","ping_status":"","sticky":false,"template":"","format":"standard","meta":{"footnotes":""},"categories":[1355],"tags":[872,58,59,1011,27,1361,873,1314],"class_list":{"0":"post-484324","1":"post","2":"type-post","3":"status-publish","4":"format-standard","5":"has-post-thumbnail","7":"category-musique","8":"tag-culture-et-loisirs","9":"tag-divertissement","10":"tag-entertainment","11":"tag-fr","12":"tag-france","13":"tag-music","14":"tag-musique","15":"tag-series"},"share_on_mastodon":{"url":"https:\/\/pubeurope.com\/@fr\/115423421769889615","error":""},"_links":{"self":[{"href":"https:\/\/www.europesays.com\/fr\/wp-json\/wp\/v2\/posts\/484324","targetHints":{"allow":["GET"]}}],"collection":[{"href":"https:\/\/www.europesays.com\/fr\/wp-json\/wp\/v2\/posts"}],"about":[{"href":"https:\/\/www.europesays.com\/fr\/wp-json\/wp\/v2\/types\/post"}],"author":[{"embeddable":true,"href":"https:\/\/www.europesays.com\/fr\/wp-json\/wp\/v2\/users\/2"}],"replies":[{"embeddable":true,"href":"https:\/\/www.europesays.com\/fr\/wp-json\/wp\/v2\/comments?post=484324"}],"version-history":[{"count":0,"href":"https:\/\/www.europesays.com\/fr\/wp-json\/wp\/v2\/posts\/484324\/revisions"}],"wp:featuredmedia":[{"embeddable":true,"href":"https:\/\/www.europesays.com\/fr\/wp-json\/wp\/v2\/media\/484325"}],"wp:attachment":[{"href":"https:\/\/www.europesays.com\/fr\/wp-json\/wp\/v2\/media?parent=484324"}],"wp:term":[{"taxonomy":"category","embeddable":true,"href":"https:\/\/www.europesays.com\/fr\/wp-json\/wp\/v2\/categories?post=484324"},{"taxonomy":"post_tag","embeddable":true,"href":"https:\/\/www.europesays.com\/fr\/wp-json\/wp\/v2\/tags?post=484324"}],"curies":[{"name":"wp","href":"https:\/\/api.w.org\/{rel}","templated":true}]}}