{"id":484327,"date":"2025-10-23T12:14:18","date_gmt":"2025-10-23T12:14:18","guid":{"rendered":"https:\/\/www.europesays.com\/fr\/484327\/"},"modified":"2025-10-23T12:14:18","modified_gmt":"2025-10-23T12:14:18","slug":"antidepresseurs-quels-sont-les-differents-effets-secondaires","status":"publish","type":"post","link":"https:\/\/www.europesays.com\/fr\/484327\/","title":{"rendered":"Antid\u00e9presseurs : quels sont les diff\u00e9rents effets secondaires ?"},"content":{"rendered":"<p>             <a href=\"https:\/\/ma-sante.news\/wp-content\/uploads\/2025\/10\/Antidepresseurs-pourquoi-les-effets-secondaires-varient-ils-dun-patient-a-lautre-Ma-Sante.jpg\" data-caption=\"Selon l\u2019Organisation mondiale de la sant\u00e9 (OMS), pr\u00e8s d\u2019un patient sur trois interrompt son traitement antid\u00e9presseur \u00e0 cause d\u2019effets secondaires mal expliqu\u00e9s. \u00a9 Freepik\" target=\"_blank\" rel=\"noopener\"><img loading=\"lazy\" decoding=\"async\" width=\"696\" height=\"465\" class=\"entry-thumb td-modal-image ewww_webp_lazy_load\" src=\"data:image\/svg+xml,%3Csvg%20xmlns=\" http:=\"\" data-lazy- data-lazy- alt=\"Une jeune qui prend des antid\u00e9presseurs sans conna\u00eetre les effets secondaires.\" title=\"Antide\u0301presseurs pourquoi les effets secondaires varient-ils d\u2019un patient a\u0300 l\u2019autre Ma Sante\u0301\" data-lazy-src=\"https:\/\/www.europesays.com\/fr\/wp-content\/uploads\/2025\/10\/Antidepresseurs-pourquoi-les-effets-secondaires-varient-ils-dun-patient-a-lautre-Ma-Sante-696x465.jp.jpeg\" data-lazy-src-webp=\"https:\/\/www.europesays.com\/fr\/wp-content\/uploads\/2025\/10\/Antidepresseurs-pourquoi-les-effets-secondaires-varient-ils-dun-patient-a-lautre-Ma-Sante-696x465.jp.jpeg.webp\" data-lazy-srcset-webp=\"https:\/\/www.europesays.com\/fr\/wp-content\/uploads\/2025\/10\/Antidepresseurs-pourquoi-les-effets-secondaires-varient-ils-dun-patient-a-lautre-Ma-Sante-696x465.jp.jpeg.webp 696w, https:\/\/ma-sante.news\/wp-content\/uploads\/2025\/10\/Antidepresseurs-pourquoi-les-effets-secondaires-varient-ils-dun-patient-a-lautre-Ma-Sante-300x200.jpg.webp 300w, https:\/\/ma-sante.news\/wp-content\/uploads\/2025\/10\/Antidepresseurs-pourquoi-les-effets-secondaires-varient-ils-dun-patient-a-lautre-Ma-Sante-768x513.jpg.webp 768w, https:\/\/ma-sante.news\/wp-content\/uploads\/2025\/10\/Antidepresseurs-pourquoi-les-effets-secondaires-varient-ils-dun-patient-a-lautre-Ma-Sante-629x420.jpg.webp 629w, https:\/\/ma-sante.news\/wp-content\/uploads\/2025\/10\/Antidepresseurs-pourquoi-les-effets-secondaires-varient-ils-dun-patient-a-lautre-Ma-Sante.jpg.webp 800w\"\/><\/a>Selon l\u2019Organisation mondiale de la sant\u00e9 (OMS), pr\u00e8s d\u2019un patient sur trois interrompt son traitement antid\u00e9presseur \u00e0 cause d\u2019effets secondaires mal expliqu\u00e9s. \u00a9 Freepik                                    \t\t\t             <a class=\"gofollow\" data-track=\"MjgsMCw2MA==\" href=\"https:\/\/ma-sante.news\/inscrivez-vous-a-notre-newsletter\/\" target=\"_blank\" rel=\"noopener\"><img loading=\"lazy\" decoding=\"async\" width=\"1068\" height=\"131\" src=\"data:image\/svg+xml,%3Csvg%20xmlns=\" http:=\"\" data-lazy-src=\"https:\/\/www.europesays.com\/fr\/wp-content\/uploads\/2025\/03\/banniere-newsletter.png\"\/><\/a> <\/p>\n<p>En France, pr\u00e8s de <a href=\"https:\/\/ma-sante.news\/lyon-utiles-dangereux-le-vrai-du-faux-sur-les-antidepresseurs\/\" target=\"_blank\" rel=\"noopener\">8 millions de personnes prennent un antid\u00e9presseur chaque ann\u00e9e<\/a>, selon les donn\u00e9es de la Caisse nationale d\u2019assurance maladie. Ces traitements, essentiels pour stabiliser l\u2019humeur et pr\u00e9venir les rechutes d\u00e9pressives, sont parmi les plus prescrits en m\u00e9decine g\u00e9n\u00e9rale.<\/p>\n<p>Mais leur succ\u00e8s s\u2019accompagne d\u2019un paradoxe, deux patients ne r\u00e9agissent jamais exactement de la m\u00eame fa\u00e7on. Certains retrouvent un \u00e9quilibre \u00e9motionnel sans difficult\u00e9, d\u2019autres souffrent d\u2019une cascade d\u2019effets secondaires physiques : prise de poids, <a href=\"https:\/\/ma-sante.news\/troubles-sommeil-soigner-insomnie-213678\/\" target=\"_blank\" rel=\"noopener\">troubles du sommeil,<\/a> <a href=\"https:\/\/ma-sante.news\/syndrome-de-fatigue-chronique-la-genetique-confirme-la-realite-maladie-longtemps-ignoree\/\" target=\"_blank\" rel=\"noopener\">fatigue chronique<\/a>, ou encore palpitations.<\/p>\n<p>        Alors, pourquoi les effets diff\u00e8rent d\u2019un patient \u00e0 l\u2019autre ?\u00a0    <strong>Antid\u00e9presseurs : une \u00e9tude r\u00e9v\u00e8le des \u00e9carts \u201ccliniquement significatifs\u201d<\/strong>    <\/p>\n<p>Une m\u00e9ta-analyse internationale, relay\u00e9e par Euronews Sant\u00e9 et Nice-Matin en octobre 2025, a compar\u00e9 151 essais cliniques et 17 rapports de la Food and Drug Administration (FDA), soit pr\u00e8s de 59 000 patients. Les r\u00e9sultats sont sans appel, <a href=\"https:\/\/ma-sante.news\/bienfaits-et-limites-des-antidepresseurs-391784\/\" target=\"_blank\" rel=\"noopener\">les antid\u00e9presseurs n\u2019ont pas les m\u00eames effets physiques<\/a>.<\/p>\n<p>Les chercheurs ont observ\u00e9 jusqu\u2019\u00e0 4 kilos de diff\u00e9rence de prise de poids entre l\u2019Agom\u00e9latine (relativement neutre) et la Maprotiline (plus propice \u00e0 la prise de masse). M\u00eame constat du c\u00f4t\u00e9 du c\u0153ur : 21 battements par minute d\u2019\u00e9cart sur le rythme cardiaque entre la Fluvoxamine et la Nortriptyline.<\/p>\n<p>Ces \u00e9carts ne sont pas anodins. Ils traduisent des diff\u00e9rences pharmacologiques fondamentales entre les familles d\u2019antid\u00e9presseurs :<\/p>\n<ul class=\"wp-block-list\">\n<li>les ISRS (comme la fluox\u00e9tine ou la parox\u00e9tine) <a href=\"https:\/\/ma-sante.news\/carence-en-serotonine-pourquoi-cest-grave\/\" target=\"_blank\" rel=\"noopener\">agissent sur la s\u00e9rotonine<\/a>,<\/li>\n<li>les tricycliques influencent plusieurs neurotransmetteurs,<\/li>\n<li>les IRSNa (comme la venlafaxine ou la dulox\u00e9tine) ciblent \u00e0 la fois la s\u00e9rotonine et la noradr\u00e9naline.<\/li>\n<\/ul>\n<p>Ces m\u00e9canismes distincts expliquent pourquoi certains traitements impactent davantage le m\u00e9tabolisme, le c\u0153ur ou le foie.<\/p>\n<p>        <strong>Un corps, mille r\u00e9ponses : le r\u00f4le d\u00e9cisif de la biologie<\/strong>    <\/p>\n<p>Mais au-del\u00e0 de la mol\u00e9cule, c\u2019est le corps du patient qui fait toute la diff\u00e9rence. Deux personnes peuvent recevoir la m\u00eame dose et r\u00e9agir de mani\u00e8re totalement oppos\u00e9e. La raison ? Le m\u00e9tabolisme individuel.<\/p>\n<p>Chaque \u00eatre humain transforme et \u00e9limine les m\u00e9dicaments diff\u00e9remment, notamment \u00e0 cause d\u2019enzymes sp\u00e9cifiques du foie, les cytochromes P450. Certaines variantes g\u00e9n\u00e9tiques ralentissent ce m\u00e9tabolisme, d\u2019autres l\u2019acc\u00e9l\u00e8rent.<\/p>\n<p>Ainsi, un \u201cm\u00e9taboliseur lent\u201d accumulera davantage de m\u00e9dicament dans son organisme,<a href=\"https:\/\/ma-sante.news\/sommeil-faut-il-salarmer-dune-hypersomnolence-chez-les-personnes-agees\/\" target=\"_blank\" rel=\"noopener\"> augmentant la somnolence<\/a>, les naus\u00e9es ou la prise de poids. \u00c0 l\u2019inverse, un \u201cm\u00e9taboliseur rapide\u201d \u00e9liminera le produit trop vite, r\u00e9duisant son efficacit\u00e9.<\/p>\n<p>Une \u00e9tude publi\u00e9e dans The Lancet Psychiatry (2024) estime que jusqu\u2019\u00e0 40 % de la variabilit\u00e9 de r\u00e9ponse aux antid\u00e9presseurs s\u2019explique par des diff\u00e9rences g\u00e9n\u00e9tiques. Ces d\u00e9couvertes alimentent un nouveau champ de recherche : la pharmacog\u00e9n\u00e9tique, ou l\u2019art d\u2019adapter le traitement \u00e0 l\u2019ADN du patient.<\/p>\n<p>        <strong>Mode de vie, stress et comorbidit\u00e9s : des amplificateurs silencieux<\/strong>    <\/p>\n<p>Les g\u00e8nes n\u2019expliquent pas tout. Notre quotidien, nos habitudes alimentaires ou encore notre \u00e9tat de sant\u00e9 g\u00e9n\u00e9ral p\u00e8sent lourdement dans la balance. Une personne en surpoids ou diab\u00e9tique sera plus sensible aux effets m\u00e9taboliques de certains antid\u00e9presseurs.\u00a0<\/p>\n<p>Les mol\u00e9cules comme la parox\u00e9tine, la dulox\u00e9tine ou la venlafaxine peuvent notamment <a href=\"https:\/\/ma-sante.news\/comment-savoir-si-trop-cholesterol-eleve\/\" target=\"_blank\" rel=\"noopener\">augmenter le cholest\u00e9rol <\/a>ou <a href=\"https:\/\/ma-sante.news\/mesure-de-la-glycemie-pourquoi-faut-il-se-mefier-des-appareils-connectes\/\" target=\"_blank\" rel=\"noopener\">la glyc\u00e9mie<\/a>, selon une analyse publi\u00e9e sur Egora.fr.<\/p>\n<p><a href=\"https:\/\/ma-sante.news\/stress-chronique-pourquoi-votre-cerveau-reagit-encore-comme-a-lage-de-pierre\/\" target=\"_blank\" rel=\"noopener\">Le stress chronique<\/a>, <a href=\"https:\/\/ma-sante.news\/dangers-de-la-sedentarite-un-tiers-des-francais-restent-assis-6-a-10-heures-par-jour\/\" target=\"_blank\" rel=\"noopener\">la s\u00e9dentarit\u00e9<\/a>, ou m\u00eame <a href=\"https:\/\/ma-sante.news\/aliments-ultra-transformes-impact-maladies-chroniques\/\" target=\"_blank\" rel=\"noopener\">une alimentation trop sucr\u00e9e<\/a> accentuent aussi les risques de fatigue, de r\u00e9tention d\u2019eau ou de d\u00e9s\u00e9quilibres hormonaux. \u00c0 l\u2019inverse, une activit\u00e9 physique r\u00e9guli\u00e8re ou une bonne hygi\u00e8ne de sommeil peut att\u00e9nuer certains effets ind\u00e9sirables.<\/p>\n<p>        Un suivi personnalis\u00e9 pour une meilleure tol\u00e9rance    <\/p>\n<p>Cette variabilit\u00e9 interindividuelle plaide pour une approche plus fine, plus humaine. Les psychiatres et m\u00e9decins g\u00e9n\u00e9ralistes insistent d\u00e9sormais sur le suivi personnalis\u00e9 : pes\u00e9e r\u00e9guli\u00e8re, <a href=\"https:\/\/ma-sante.news\/hypertension-arterielle-etes-vous-hypertendu-sans-le-savoir\/\" target=\"_blank\" rel=\"noopener\">contr\u00f4le de la tension<\/a>, <a href=\"https:\/\/ma-sante.news\/prise-de-sang-pourquoi-cest-important\/\" target=\"_blank\" rel=\"noopener\">bilan sanguin<\/a>, et surtout dialogue constant entre le patient et le praticien.<\/p>\n<p>Certains centres hospitaliers commencent \u00e0 utiliser des tests pharmacog\u00e9n\u00e9tiques avant la prescription, afin de d\u00e9terminer quelles mol\u00e9cules seront mieux tol\u00e9r\u00e9es. Mais ces tests restent encore rares et non rembours\u00e9s en France.<\/p>\n<p>\u00ab Il ne faut jamais banaliser un effet secondaire \u00bb, rappelle la Haute Autorit\u00e9 de sant\u00e9 (HAS). \u00ab Ce sont souvent des signaux d\u2019alerte utiles pour ajuster le traitement. \u00bb Changer de mol\u00e9cule ou de dosage peut suffire \u00e0 r\u00e9tablir l\u2019\u00e9quilibre, \u00e0 condition de ne jamais interrompre brutalement le traitement sans avis m\u00e9dical.<\/p>\n<blockquote class=\"wp-block-quote is-layout-flow wp-block-quote-is-layout-flow\">\n<p><strong>\u00c0 SAVOIR<\/strong><\/p>\n<p>Selon la Haute Autorit\u00e9 de Sant\u00e9 (HAS) et la Caisse nationale d\u2019Assurance Maladie (Cnam), la d\u00e9pression caract\u00e9ris\u00e9e, aussi appel\u00e9e \u00e9pisode d\u00e9pressif majeur, est la premi\u00e8re cause de prescription d\u2019antid\u00e9presseurs en France.<\/p>\n<\/blockquote>\n<p>  <a class=\"gofollow\" data-track=\"MTIsMCw2MA==\" href=\"https:\/\/ma-sante.news\/annonceurs\/\" target=\"_blank\" rel=\"noopener\"><img loading=\"lazy\" decoding=\"async\" width=\"2560\" height=\"2133\" src=\"data:image\/svg+xml,%3Csvg%20xmlns=\" http:=\"\" data-lazy-src=\"https:\/\/www.europesays.com\/fr\/wp-content\/uploads\/2025\/03\/pub-annonceurs-4-scaled.jpg\"\/><\/a>    <img loading=\"lazy\" decoding=\"async\" width=\"755\" height=\"495\" src=\"data:image\/svg+xml,%3Csvg%20xmlns=\" http:=\"\" data-lazy-src=\"https:\/\/www.europesays.com\/fr\/wp-content\/uploads\/2025\/03\/Image1.jpg\" data-lazy-src-webp=\"https:\/\/www.europesays.com\/fr\/wp-content\/uploads\/2025\/03\/Image1.jpg.webp\" class=\"ewww_webp_lazy_load\"\/>Inscrivez-vous \u00e0 notre newsletter <br \/>Ma Sant\u00e9                      <\/p>\n","protected":false},"excerpt":{"rendered":"Selon l\u2019Organisation mondiale de la sant\u00e9 (OMS), pr\u00e8s d\u2019un patient sur trois interrompt son traitement antid\u00e9presseur \u00e0 cause&hellip;\n","protected":false},"author":2,"featured_media":484328,"comment_status":"","ping_status":"","sticky":false,"template":"","format":"standard","meta":{"footnotes":""},"categories":[10],"tags":[42335,1011,27,72,71],"class_list":{"0":"post-484327","1":"post","2":"type-post","3":"status-publish","4":"format-standard","5":"has-post-thumbnail","7":"category-sante","8":"tag-antidu00e9presseur","9":"tag-fr","10":"tag-france","11":"tag-health","12":"tag-sante"},"share_on_mastodon":{"url":"https:\/\/pubeurope.com\/@fr\/115423429477649932","error":""},"_links":{"self":[{"href":"https:\/\/www.europesays.com\/fr\/wp-json\/wp\/v2\/posts\/484327","targetHints":{"allow":["GET"]}}],"collection":[{"href":"https:\/\/www.europesays.com\/fr\/wp-json\/wp\/v2\/posts"}],"about":[{"href":"https:\/\/www.europesays.com\/fr\/wp-json\/wp\/v2\/types\/post"}],"author":[{"embeddable":true,"href":"https:\/\/www.europesays.com\/fr\/wp-json\/wp\/v2\/users\/2"}],"replies":[{"embeddable":true,"href":"https:\/\/www.europesays.com\/fr\/wp-json\/wp\/v2\/comments?post=484327"}],"version-history":[{"count":0,"href":"https:\/\/www.europesays.com\/fr\/wp-json\/wp\/v2\/posts\/484327\/revisions"}],"wp:featuredmedia":[{"embeddable":true,"href":"https:\/\/www.europesays.com\/fr\/wp-json\/wp\/v2\/media\/484328"}],"wp:attachment":[{"href":"https:\/\/www.europesays.com\/fr\/wp-json\/wp\/v2\/media?parent=484327"}],"wp:term":[{"taxonomy":"category","embeddable":true,"href":"https:\/\/www.europesays.com\/fr\/wp-json\/wp\/v2\/categories?post=484327"},{"taxonomy":"post_tag","embeddable":true,"href":"https:\/\/www.europesays.com\/fr\/wp-json\/wp\/v2\/tags?post=484327"}],"curies":[{"name":"wp","href":"https:\/\/api.w.org\/{rel}","templated":true}]}}