{"id":484333,"date":"2025-10-23T12:17:27","date_gmt":"2025-10-23T12:17:27","guid":{"rendered":"https:\/\/www.europesays.com\/fr\/484333\/"},"modified":"2025-10-23T12:17:27","modified_gmt":"2025-10-23T12:17:27","slug":"un-mois-a-peine-apres-sa-sortie-liphone-air-est-quasiment-abandonne-par-apple","status":"publish","type":"post","link":"https:\/\/www.europesays.com\/fr\/484333\/","title":{"rendered":"un mois \u00e0 peine apr\u00e8s sa sortie, l\u2019iPhone Air est quasiment abandonn\u00e9 par Apple"},"content":{"rendered":"<p>De nouvelles informations venant de la cha\u00eene logistique d\u2019Apple laissent voir une demande bien plus basse que pr\u00e9vu pour l\u2019iPhone Air qui n\u2019int\u00e9resserait d\u00e9cid\u00e9ment pas grand monde.<\/p>\n<p><a target=\"_blank\" href=\"https:\/\/images.frandroid.com\/wp-content\/uploads\/2025\/10\/photo-4.jpg\" class=\"article-content__figure\" rel=\"noopener\"><img fetchpriority=\"high\" decoding=\"async\" loading=\"eager\" width=\"1200\" height=\"800\" src=\"https:\/\/www.europesays.com\/fr\/wp-content\/uploads\/2025\/10\/photo-4.jpg\" alt=\"\" class=\"wp-image-2817189 wp-image wp-image\"  \/><\/a>Cr\u00e9dit : Frandroid<\/p>\n<p>Le pari \u00e9tait peut-\u00eatre un peu trop os\u00e9. Quelques semaines tout juste <a href=\"https:\/\/www.frandroid.com\/produits\/smartphones\/apple\/2788415-apple-iphone-air\" target=\"_blank\" rel=\"noopener\">apr\u00e8s son annonce triomphale<\/a>, l\u2019iPhone Air n\u2019a pas rencontr\u00e9 le succ\u00e8s esp\u00e9r\u00e9 par Apple. C\u2019est en tout cas ce que pense savoir <a href=\"https:\/\/asia.nikkei.com\/spotlight\/supply-chain\/apple-slashes-iphone-air-production-plans-boosts-other-17-models-sources\" target=\"_blank\" rel=\"noreferrer noopener\">Nikkei Asia<\/a> apr\u00e8s avoir interrog\u00e9 des sources au sein de la cha\u00eene logistique du fabricant.<\/p>\n<p>Selon plusieurs t\u00e9moignages, la cadence de production aurait quasiment \u00e9t\u00e9 r\u00e9duite \u00ab\u2009\u00e0 celle d\u2019une fin de cycle\u2009\u00bb, comme si Apple s\u2019appr\u00eatait \u00e0 vider les stocks et \u00e0 tirer un trait sur l\u2019avenir de son iPhone ultrafin.<\/p>\n<p>Une production baiss\u00e9e de 90%<\/p>\n<p>Les chiffres \u00e9voqu\u00e9s par plusieurs fournisseurs peignent un tableau assez clair. Les partenaires d\u2019Apple ont pour consigne de r\u00e9duire la voilure d\u2019environ 90\u00a0% \u00e0 partir du mois de novembre prochain. Les plans originaux d\u2019Apple, toujours selon Nikkei Asia, voulaient que l\u2019iPhone Air repr\u00e9sente 10 \u00e0 15\u00a0% du volume total des nouveaux iPhone vendus. Un camouflet alors que l\u2019appareil vient \u00e0 peine de commencer sa commercialisation en Chine.<\/p>\n<p>La tendance se confirme d\u2019ailleurs sur le site d\u2019Apple. La plupart des exp\u00e9ditions d\u2019iPhone\u00a017 et 17 Pro ont d\u00e9j\u00e0 pris 2 \u00e0 3\u00a0semaines dans la vue, alors que l\u2019iPhone Air est toujours \u00e9ligible \u00e0 une livraison du jour pour le lendemain. Cette faible demande pour ce mod\u00e8le un peu particulier d\u2019iPhone <a href=\"https:\/\/www.frandroid.com\/marques\/apple\/2836959_apple-reduit-la-voilure-concernant-la-production-de-liphone-air\" target=\"_blank\" rel=\"noopener\">avait d\u00e9j\u00e0 \u00e9t\u00e9 relev\u00e9e ces derniers jours par plusieurs cabinets d\u2019analyses<\/a>.<\/p>\n<p><a target=\"_blank\" href=\"https:\/\/images.frandroid.com\/wp-content\/uploads\/2025\/10\/photo-01824.jpg\" class=\"article-content__figure\" rel=\"noopener\"><img loading=\"lazy\" decoding=\"async\" width=\"1200\" height=\"800\" src=\"https:\/\/www.europesays.com\/fr\/wp-content\/uploads\/2025\/10\/photo-01824-1200x800.jpg\" alt=\"\" class=\"wp-image-2817193 wp-image\"  \/><\/a>Cr\u00e9dit : Frandroid<\/p>\n<p>Pour autant, Apple n\u2019a pas r\u00e9duit son volume de vente au global gr\u00e2ce \u00e0 une demande plus forte que pr\u00e9vu pour les autres mobiles de la gamme. Le cap est donc toujours sur 85 \u00e0 90\u00a0millions de vente, mais les lignes de production d\u00e9di\u00e9es \u00e0 l\u2019iPhone Air vont sans doute \u00eatre largement bascul\u00e9es vers la production d\u2019iPhone\u00a017 et 17 Pro. Un petit exploit tout de m\u00eame dans un contexte \u00e9conomique incertain o\u00f9 beaucoup d\u2019autres constructeurs ont baiss\u00e9 leurs pr\u00e9visions de vente en raison de la guerre \u00e9conomique sino-\u00e9tasunienne.<\/p>\n<p>M\u00eame histoire chez Samsung<\/p>\n<p>Cet aveu d\u2019\u00e9chec de la part de la pomme suit celui de Samsung qui aurait \u00e9galement pein\u00e9 \u00e0 vendre son Galaxy\u00a0S25 Edge et m\u00eame <a href=\"https:\/\/www.frandroid.com\/marques\/samsung\/2833947_le-smartphone-ultrafin-de-samsung-est-un-echec-le-galaxy-s26-edge-est-annule\" target=\"_blank\" rel=\"noopener\">annul\u00e9 le d\u00e9veloppement d\u2019un S26 Edge en r\u00e9action aux chiffres d\u00e9sastreux<\/a>. Les smartphones ultrafins et leurs in\u00e9vitables compromis techniques semblent donc peiner \u00e0 capturer l\u2019int\u00e9r\u00eat du grand public.<\/p>\n<p class=\"shortcode-container see-more\">\n    Pour aller plus loin<br \/><a href=\"https:\/\/www.frandroid.com\/marques\/apple\/2806875_test-de-liphone-air-liphone-que-je-ne-veux-pas-quitter-mais-que-je-ne-vous-recommanderai-jamais\" target=\"_blank\" rel=\"noopener\">Test de l\u2019iPhone Air : l\u2019iPhone que je ne veux pas quitter, mais que je ne vous recommanderai jamais<\/a>\n            <\/p>\n<p>Cependant, l\u2019iPhone 17\u00a0Air pourraient avoir un autre int\u00e9r\u00eat \u00e0 plus long terme pour Apple. Le mobile semble largement imagin\u00e9 comme un galop d\u2019essai technique <a href=\"https:\/\/www.frandroid.com\/marques\/apple\/2739977_iphone-pliant-design-ergonomie-puissance-tout-ce-que-lon-sait-pour-le-moment\" target=\"_blank\" rel=\"noopener\">pour l\u2019in\u00e9vitable iPhone pliant qui devrait sortir l\u2019ann\u00e9e prochaine<\/a>. Deux iPhone Air coll\u00e9s l\u2019un \u00e0 l\u2019autre convaincront-ils plus qu\u2019un seul\u2009? L\u2019avenir le dira.<\/p>\n","protected":false},"excerpt":{"rendered":"De nouvelles informations venant de la cha\u00eene logistique d\u2019Apple laissent voir une demande bien plus basse que pr\u00e9vu&hellip;\n","protected":false},"author":2,"featured_media":484334,"comment_status":"","ping_status":"","sticky":false,"template":"","format":"standard","meta":{"footnotes":""},"categories":[7],"tags":[53617,28080,1011,27,58499,43,40,41,39,42,44],"class_list":{"0":"post-484333","1":"post","2":"type-post","3":"status-publish","4":"format-standard","5":"has-post-thumbnail","7":"category-sciences-et-technologies","8":"tag-apple-iphone-air","9":"tag-chiffres-de-ventes","10":"tag-fr","11":"tag-france","12":"tag-iphone-pliable","13":"tag-science","14":"tag-science-and-technology","15":"tag-sciences","16":"tag-sciences-et-technologies","17":"tag-technologies","18":"tag-technology"},"share_on_mastodon":{"url":"https:\/\/pubeurope.com\/@fr\/115423444423590857","error":""},"_links":{"self":[{"href":"https:\/\/www.europesays.com\/fr\/wp-json\/wp\/v2\/posts\/484333","targetHints":{"allow":["GET"]}}],"collection":[{"href":"https:\/\/www.europesays.com\/fr\/wp-json\/wp\/v2\/posts"}],"about":[{"href":"https:\/\/www.europesays.com\/fr\/wp-json\/wp\/v2\/types\/post"}],"author":[{"embeddable":true,"href":"https:\/\/www.europesays.com\/fr\/wp-json\/wp\/v2\/users\/2"}],"replies":[{"embeddable":true,"href":"https:\/\/www.europesays.com\/fr\/wp-json\/wp\/v2\/comments?post=484333"}],"version-history":[{"count":0,"href":"https:\/\/www.europesays.com\/fr\/wp-json\/wp\/v2\/posts\/484333\/revisions"}],"wp:featuredmedia":[{"embeddable":true,"href":"https:\/\/www.europesays.com\/fr\/wp-json\/wp\/v2\/media\/484334"}],"wp:attachment":[{"href":"https:\/\/www.europesays.com\/fr\/wp-json\/wp\/v2\/media?parent=484333"}],"wp:term":[{"taxonomy":"category","embeddable":true,"href":"https:\/\/www.europesays.com\/fr\/wp-json\/wp\/v2\/categories?post=484333"},{"taxonomy":"post_tag","embeddable":true,"href":"https:\/\/www.europesays.com\/fr\/wp-json\/wp\/v2\/tags?post=484333"}],"curies":[{"name":"wp","href":"https:\/\/api.w.org\/{rel}","templated":true}]}}