{"id":484345,"date":"2025-10-23T12:27:24","date_gmt":"2025-10-23T12:27:24","guid":{"rendered":"https:\/\/www.europesays.com\/fr\/484345\/"},"modified":"2025-10-23T12:27:24","modified_gmt":"2025-10-23T12:27:24","slug":"il-pourrait-se-trouver-en-haute-loire-pour-cueillir-des-champignons","status":"publish","type":"post","link":"https:\/\/www.europesays.com\/fr\/484345\/","title":{"rendered":"il pourrait se trouver en Haute-Loire pour cueillir des champignons"},"content":{"rendered":"<p>            Par<br \/>\n        <strong><br \/>\n            <a href=\"https:\/\/actu.fr\/auteur\/redaction-saint-etienne\" title=\"Consulter tous les articles de R\u00e9daction Saint-\u00c9tienne\" target=\"_blank\" rel=\"noopener\">R\u00e9daction Saint-\u00c9tienne<\/a><br \/>\n        <\/strong><\/p>\n<p>        Publi\u00e9 le<\/p>\n<p>            23 oct. 2025 \u00e0 14h13        <\/p>\n<p>Les enqu\u00eateurs de la police nationale de la <a href=\"https:\/\/actu.fr\/auvergne-rhone-alpes\/loire_42\" target=\"_blank\" rel=\"noopener\">Loire<\/a> recherchent Jean-Paul Segovia, \u00e2g\u00e9 de 82 ans. Un appel \u00e0 t\u00e9moins est lanc\u00e9 ce 23 octobre pour cette disparition inqui\u00e9tante.<\/p>\n<p class=\" wall-content\">Le vieil homme a disparu depuis le mercredi 22\u00a0octobre 2025 \u00e0 midi 15 o\u00f9 il a quitt\u00e9 son domicile de <a href=\"https:\/\/actu.fr\/auvergne-rhone-alpes\/saint-etienne_42218\" target=\"_blank\" rel=\"noopener\">Saint-Etienne<\/a>.<\/p>\n<p>En Dacia Sandero grise<\/p>\n<p class=\" wall-content\">Il est susceptible de se rendre en Haute-Loire pour cueillir des champignons. L\u2019homme se d\u00e9place avec un v\u00e9hicule Dacia Sandero <strong>immatricul\u00e9 FL-823-JA de couleur grise.<\/strong><\/p>\n<p class=\" wall-content\">\n<p class=\" wall-content\">Voici sa description physique\u2009:<\/p>\n<ul class=\" wall-content\">\n<li>1,73 m<\/li>\n<li>Corpulence moyenne<\/li>\n<li>Chauve<\/li>\n<li>Yeux marron fonc\u00e9<\/li>\n<li>Tenue vestimentaire\u2009: blouson bleu marine, bas de surv\u00eatement Adidas, casquette grise<\/li>\n<\/ul>\n<p>Si vous avez des informations permettant de le localiser, appelez le commissariat de Saint-Etienne\u2009: 04\u200969\u200935\u200904\u200959<\/p>\n<p class=\" wall-content\">Personnalisez votre actualit\u00e9 en ajoutant vos villes et m\u00e9dias en favori avec <a href=\"https:\/\/moncompte.actu.fr\" title=\"D\u00e9couvez Mon Actu\" rel=\"nofollow noopener\" data-trk=\"{&quot;cta&quot;:{&quot;action&quot;:&quot;https:\\\/\\\/moncompte.actu.fr&quot;,&quot;category&quot;:&quot;mon compte&quot;,&quot;from&quot;:&quot;article footer&quot;,&quot;name&quot;:&quot;Mon actu&quot;,&quot;type&quot;:&quot;cta&quot;}}\" target=\"_blank\">Mon Actu<\/a>.<\/p>\n","protected":false},"excerpt":{"rendered":"Par R\u00e9daction Saint-\u00c9tienne Publi\u00e9 le 23 oct. 2025 \u00e0 14h13 Les enqu\u00eateurs de la police nationale de la&hellip;\n","protected":false},"author":2,"featured_media":484346,"comment_status":"","ping_status":"","sticky":false,"template":"","format":"standard","meta":{"footnotes":""},"categories":[9653],"tags":[1111,11,4260,2430,3676,1777,674,118,1011,27,12,1072,25,4001],"class_list":{"0":"post-484345","1":"post","2":"type-post","3":"status-publish","4":"format-standard","5":"has-post-thumbnail","7":"category-saint-etienne","8":"tag-actu","9":"tag-actualites","10":"tag-appel-a-temoins","11":"tag-auvergne-rhone-alpes","12":"tag-disparition-inquietante","13":"tag-eu","14":"tag-europe","15":"tag-faits-divers","16":"tag-fr","17":"tag-france","18":"tag-news","19":"tag-police","20":"tag-republique-francaise","21":"tag-saint-etienne"},"share_on_mastodon":{"url":"https:\/\/pubeurope.com\/@fr\/115423480578054592","error":""},"_links":{"self":[{"href":"https:\/\/www.europesays.com\/fr\/wp-json\/wp\/v2\/posts\/484345","targetHints":{"allow":["GET"]}}],"collection":[{"href":"https:\/\/www.europesays.com\/fr\/wp-json\/wp\/v2\/posts"}],"about":[{"href":"https:\/\/www.europesays.com\/fr\/wp-json\/wp\/v2\/types\/post"}],"author":[{"embeddable":true,"href":"https:\/\/www.europesays.com\/fr\/wp-json\/wp\/v2\/users\/2"}],"replies":[{"embeddable":true,"href":"https:\/\/www.europesays.com\/fr\/wp-json\/wp\/v2\/comments?post=484345"}],"version-history":[{"count":0,"href":"https:\/\/www.europesays.com\/fr\/wp-json\/wp\/v2\/posts\/484345\/revisions"}],"wp:featuredmedia":[{"embeddable":true,"href":"https:\/\/www.europesays.com\/fr\/wp-json\/wp\/v2\/media\/484346"}],"wp:attachment":[{"href":"https:\/\/www.europesays.com\/fr\/wp-json\/wp\/v2\/media?parent=484345"}],"wp:term":[{"taxonomy":"category","embeddable":true,"href":"https:\/\/www.europesays.com\/fr\/wp-json\/wp\/v2\/categories?post=484345"},{"taxonomy":"post_tag","embeddable":true,"href":"https:\/\/www.europesays.com\/fr\/wp-json\/wp\/v2\/tags?post=484345"}],"curies":[{"name":"wp","href":"https:\/\/api.w.org\/{rel}","templated":true}]}}