{"id":484369,"date":"2025-10-23T12:42:19","date_gmt":"2025-10-23T12:42:19","guid":{"rendered":"https:\/\/www.europesays.com\/fr\/484369\/"},"modified":"2025-10-23T12:42:19","modified_gmt":"2025-10-23T12:42:19","slug":"la-ville-prend-une-mesure-de-securite","status":"publish","type":"post","link":"https:\/\/www.europesays.com\/fr\/484369\/","title":{"rendered":"la Ville prend une mesure de s\u00e9curit\u00e9"},"content":{"rendered":"<p>            Par<br \/>\n        <strong><br \/>\n            <a href=\"https:\/\/actu.fr\/auteur\/brian-legoff\" title=\"Consulter tous les articles de Brian Le Goff\" target=\"_blank\" rel=\"noopener\">Brian Le Goff<\/a><br \/>\n        <\/strong><\/p>\n<p>        Publi\u00e9 le<\/p>\n<p>            23 oct. 2025 \u00e0 13h40        <\/p>\n<p><strong>Si aucun d\u00e9g\u00e2t<\/strong> li\u00e9 au passage de la <a href=\"https:\/\/actu.fr\/bretagne\/groix_56069\/tempete-benjamin-ou-les-rafales-de-vent-ont-ete-les-plus-puissantes-en-bretagne_63339296.html\" target=\"_blank\" rel=\"noopener\">temp\u00eate Benjamin sur la Bretagne<\/a> <strong>n\u2019est pour l\u2019heure \u00e0 signaler<\/strong> \u00e0 <a href=\"https:\/\/actu.fr\/rennes\/\" target=\"_blank\" rel=\"noopener\">Rennes<\/a>, la Ville a, par mesure de <strong>pr\u00e9caution<\/strong> et en raison du <a href=\"https:\/\/actu.fr\/rennes\/\" target=\"_blank\" rel=\"noopener\">d\u00e9clenchement de la vigilance<\/a>, d\u00e9cid\u00e9 de <strong>fermer certains lieux<\/strong> au public, jeudi 23\u00a0octobre.<\/p>\n<p class=\" wall-content\">Il s\u2019agit des <strong>parcs du Thabor, Saint-Georges et Oberth\u00fcr<\/strong>,<strong> ainsi que les cimeti\u00e8res<\/strong>. Pour les autres parcs de la ville, qui ne peuvent \u00eatre ferm\u00e9s, la municipalit\u00e9 recommande de ne pas les fr\u00e9quenter.<\/p>\n<p>Des rafales de 80 \u00e0 90\u00a0km\/h<\/p>\n<p class=\" wall-content\">Ce qui inqui\u00e8te les autorit\u00e9s, ce sont notamment les rafales de vent, de 80 \u00e0 90\u00a0km\/h, attendues ce jeudi. Elles <strong>pourraient entra\u00eener la chute d\u2019objets,<\/strong> comme de v\u00e9g\u00e9taux, des branches, etc.<\/p>\n<p class=\" wall-content\">Face aux conditions m\u00e9t\u00e9orologiques, la Ville invite chacun \u00e0 la plus grande prudence et rappelle <strong>quelques consignes de s\u00e9curit\u00e9\u2009:<\/strong><\/p>\n<ul class=\" wall-content\">\n<li>mettez \u00e0 l\u2019abri tout le mat\u00e9riel pouvant \u00eatre emport\u00e9 par le vent\u2009;<\/li>\n<li>fermez les portes, fen\u00eatres et volets\u2009;<\/li>\n<li>limiter au maximum les d\u00e9placements et adaptez la vitesse de votre v\u00e9hicule si vous devez vous d\u00e9placer\u2009;<\/li>\n<li>si vous \u00eates \u00e0 l\u2019ext\u00e9rieur, \u00e9vitez de circuler \u00e0 proximit\u00e9 des arbres et en particulier dans les espaces bois\u00e9s\u2009;<\/li>\n<li>ne vous approchez pas des c\u00e2bles tomb\u00e9s \u00e0 terre.<\/li>\n<\/ul>\n<p class=\" wall-content\">En cas d\u2019urgence ou de danger, contactez les pompiers au 18 ou au 112 depuis un t\u00e9l\u00e9phone portable.<\/p>\n<p class=\" wall-content\">Personnalisez votre actualit\u00e9 en ajoutant vos villes et m\u00e9dias en favori avec <a href=\"https:\/\/moncompte.actu.fr\" title=\"D\u00e9couvez Mon Actu\" rel=\"nofollow noopener\" data-trk=\"{&quot;cta&quot;:{&quot;action&quot;:&quot;https:\\\/\\\/moncompte.actu.fr&quot;,&quot;category&quot;:&quot;mon compte&quot;,&quot;from&quot;:&quot;article footer&quot;,&quot;name&quot;:&quot;Mon actu&quot;,&quot;type&quot;:&quot;cta&quot;}}\" target=\"_blank\">Mon Actu<\/a>.<\/p>\n","protected":false},"excerpt":{"rendered":"Par Brian Le Goff Publi\u00e9 le 23 oct. 2025 \u00e0 13h40 Si aucun d\u00e9g\u00e2t li\u00e9 au passage de&hellip;\n","protected":false},"author":2,"featured_media":484370,"comment_status":"","ping_status":"","sticky":false,"template":"","format":"standard","meta":{"footnotes":""},"categories":[2821],"tags":[1111,11,829,1777,674,1011,27,2487,2357,12,584,25,3781],"class_list":{"0":"post-484369","1":"post","2":"type-post","3":"status-publish","4":"format-standard","5":"has-post-thumbnail","7":"category-rennes","8":"tag-actu","9":"tag-actualites","10":"tag-bretagne","11":"tag-eu","12":"tag-europe","13":"tag-fr","14":"tag-france","15":"tag-meteo","16":"tag-meteo-france","17":"tag-news","18":"tag-rennes","19":"tag-republique-francaise","20":"tag-thabor"},"share_on_mastodon":{"url":"https:\/\/pubeurope.com\/@fr\/115423539708964763","error":""},"_links":{"self":[{"href":"https:\/\/www.europesays.com\/fr\/wp-json\/wp\/v2\/posts\/484369","targetHints":{"allow":["GET"]}}],"collection":[{"href":"https:\/\/www.europesays.com\/fr\/wp-json\/wp\/v2\/posts"}],"about":[{"href":"https:\/\/www.europesays.com\/fr\/wp-json\/wp\/v2\/types\/post"}],"author":[{"embeddable":true,"href":"https:\/\/www.europesays.com\/fr\/wp-json\/wp\/v2\/users\/2"}],"replies":[{"embeddable":true,"href":"https:\/\/www.europesays.com\/fr\/wp-json\/wp\/v2\/comments?post=484369"}],"version-history":[{"count":0,"href":"https:\/\/www.europesays.com\/fr\/wp-json\/wp\/v2\/posts\/484369\/revisions"}],"wp:featuredmedia":[{"embeddable":true,"href":"https:\/\/www.europesays.com\/fr\/wp-json\/wp\/v2\/media\/484370"}],"wp:attachment":[{"href":"https:\/\/www.europesays.com\/fr\/wp-json\/wp\/v2\/media?parent=484369"}],"wp:term":[{"taxonomy":"category","embeddable":true,"href":"https:\/\/www.europesays.com\/fr\/wp-json\/wp\/v2\/categories?post=484369"},{"taxonomy":"post_tag","embeddable":true,"href":"https:\/\/www.europesays.com\/fr\/wp-json\/wp\/v2\/tags?post=484369"}],"curies":[{"name":"wp","href":"https:\/\/api.w.org\/{rel}","templated":true}]}}