{"id":484392,"date":"2025-10-23T12:55:16","date_gmt":"2025-10-23T12:55:16","guid":{"rendered":"https:\/\/www.europesays.com\/fr\/484392\/"},"modified":"2025-10-23T12:55:16","modified_gmt":"2025-10-23T12:55:16","slug":"hellemmes-les-foulees-solidaires-auront-lieu-ce-dimanche-vous-pouvez-encore-vous-inscrire","status":"publish","type":"post","link":"https:\/\/www.europesays.com\/fr\/484392\/","title":{"rendered":"Hellemmes. Les foul\u00e9es solidaires auront lieu ce dimanche, vous pouvez encore vous inscrire"},"content":{"rendered":"<p>            Par<br \/>\n        <strong><br \/>\n            <a href=\"https:\/\/actu.fr\/auteur\/nicolas-demollien\" title=\"Consulter tous les articles de Nicolas Demollien\" target=\"_blank\" rel=\"noopener\">Nicolas Demollien<\/a><br \/>\n        <\/strong><\/p>\n<p>        Publi\u00e9 le<\/p>\n<p>            23 oct. 2025 \u00e0 14h10        <\/p>\n<p>Et si vous couriez pour la bonne cause ce dimanche 26 octobre 2025 ? Alors que les<b> courses<\/b> sont r\u00e9guli\u00e8rement prises d\u2019assaut, les <b>foul\u00e9es solidaires<\/b> d\u2019<a href=\"https:\/\/actu.fr\/tag\/hellemes\" target=\"_blank\" rel=\"noopener\">Hellemmes<\/a>, ville associ\u00e9e \u00e0 <a href=\"https:\/\/actu.fr\/hauts-de-france\/lille_59350\" target=\"_blank\" rel=\"noopener\">Lille<\/a> (Nord), <b>peuvent encore accueillir des participants<\/b> mais il va falloir <b>faire vite<\/b> puisque les inscriptions s\u2019arr\u00eatent ce jeudi 23 octobre \u00e0 23h59.<\/p>\n<p>Participez au foul\u00e9es solidaires d\u2019Hellemmes ce dimanche<\/p>\n<p class=\" wall-content\">Deux distances sont propos\u00e9es pour cette course : <b>5 et 10 kilom\u00e8tres<\/b>. Et ce n\u2019est pas tout puisqu\u2019une course enfants ainsi qu\u2019une marche sont aussi propos\u00e9es.<\/p>\n<p class=\" wall-content\">Le trac\u00e9 se fait par <b>boucles de 2,5 km<\/b> au <b>d\u00e9part de la Place Hentg\u00e8s<\/b>, \u00e0 9h pour le 5 km et 10h pour le 10 km. L\u2019\u00e9v\u00e9nement est organis\u00e9 au <b>profit de l\u2019association La Collab Solidaire<\/b>.<\/p>\n<p class=\" wall-content\">Notons que vous trouverez sur place des stands de plusieurs associations, une buvette ou encore un stand de massage tenu par \u00e9tudiants en kin\u00e9sith\u00e9rapie.<br \/>\u00c0 vos baskets !<\/p>\n<p>    <a href=\"https:\/\/www.facebook.com\/plugins\/post.php?href=https%3A%2F%2Fwww.facebook.com%2Fpermalink.php%3Fstory_fbid%3Dpfbid02tH1KAmEEEa4iDXHsPJvc3qnw62Z6poD2DqWDQhHuFothPCCBPTu6mq3RWda3KfgAl%26id%3D61564450064915&amp;show_text=true&amp;width=350\" title=\"Ouvrie le lien\" target=\"_blank\" rel=\"noopener\">Cliquez ici pour visualiser le contenu<\/a><\/p>\n<p class=\" wall-content\">Informations et inscriptions sur le site : <a href=\"https:\/\/linktr.ee\/lesfouleessolidaires?fbclid=IwY2xjawNmw-xleHRuA2FlbQIxMABicmlkETFlVzdXZTNsR3FjN2tQemx1AR7fARw79-5y26d-q7X4hnM0ywzrpPqi7xFMglJRUzz4JfP5nZd04sY9NkSExA_aem_eMj8I1-bWrXvbkcx3gMrtg\" target=\"_blank\" rel=\"noopener\">linktr.ee<\/a>.<\/p>\n<p class=\" wall-content\">Personnalisez votre actualit\u00e9 en ajoutant vos villes et m\u00e9dias en favori avec <a href=\"https:\/\/moncompte.actu.fr\" title=\"D\u00e9couvez Mon Actu\" rel=\"nofollow noopener\" data-trk=\"{&quot;cta&quot;:{&quot;action&quot;:&quot;https:\\\/\\\/moncompte.actu.fr&quot;,&quot;category&quot;:&quot;mon compte&quot;,&quot;from&quot;:&quot;article footer&quot;,&quot;name&quot;:&quot;Mon actu&quot;,&quot;type&quot;:&quot;cta&quot;}}\" target=\"_blank\">Mon Actu<\/a>.<\/p>\n","protected":false},"excerpt":{"rendered":"Par Nicolas Demollien Publi\u00e9 le 23 oct. 2025 \u00e0 14h10 Et si vous couriez pour la bonne cause&hellip;\n","protected":false},"author":2,"featured_media":484393,"comment_status":"","ping_status":"","sticky":false,"template":"","format":"standard","meta":{"footnotes":""},"categories":[2815],"tags":[1111,11,1777,674,1011,27,811,5782,1307,12,25,104,3400],"class_list":{"0":"post-484392","1":"post","2":"type-post","3":"status-publish","4":"format-standard","5":"has-post-thumbnail","7":"category-lille","8":"tag-actu","9":"tag-actualites","10":"tag-eu","11":"tag-europe","12":"tag-fr","13":"tag-france","14":"tag-hauts-de-france","15":"tag-hellemmes","16":"tag-lille","17":"tag-news","18":"tag-republique-francaise","19":"tag-societe","20":"tag-solidarite"},"share_on_mastodon":{"url":"https:\/\/pubeurope.com\/@fr\/115423590922785743","error":""},"_links":{"self":[{"href":"https:\/\/www.europesays.com\/fr\/wp-json\/wp\/v2\/posts\/484392","targetHints":{"allow":["GET"]}}],"collection":[{"href":"https:\/\/www.europesays.com\/fr\/wp-json\/wp\/v2\/posts"}],"about":[{"href":"https:\/\/www.europesays.com\/fr\/wp-json\/wp\/v2\/types\/post"}],"author":[{"embeddable":true,"href":"https:\/\/www.europesays.com\/fr\/wp-json\/wp\/v2\/users\/2"}],"replies":[{"embeddable":true,"href":"https:\/\/www.europesays.com\/fr\/wp-json\/wp\/v2\/comments?post=484392"}],"version-history":[{"count":0,"href":"https:\/\/www.europesays.com\/fr\/wp-json\/wp\/v2\/posts\/484392\/revisions"}],"wp:featuredmedia":[{"embeddable":true,"href":"https:\/\/www.europesays.com\/fr\/wp-json\/wp\/v2\/media\/484393"}],"wp:attachment":[{"href":"https:\/\/www.europesays.com\/fr\/wp-json\/wp\/v2\/media?parent=484392"}],"wp:term":[{"taxonomy":"category","embeddable":true,"href":"https:\/\/www.europesays.com\/fr\/wp-json\/wp\/v2\/categories?post=484392"},{"taxonomy":"post_tag","embeddable":true,"href":"https:\/\/www.europesays.com\/fr\/wp-json\/wp\/v2\/tags?post=484392"}],"curies":[{"name":"wp","href":"https:\/\/api.w.org\/{rel}","templated":true}]}}