{"id":484423,"date":"2025-10-23T13:12:33","date_gmt":"2025-10-23T13:12:33","guid":{"rendered":"https:\/\/www.europesays.com\/fr\/484423\/"},"modified":"2025-10-23T13:12:33","modified_gmt":"2025-10-23T13:12:33","slug":"guerre-en-ukraine-lue-et-les-etats-unis-annoncent-une-nouvelle-vague-de-sanctions-contre-la-russie","status":"publish","type":"post","link":"https:\/\/www.europesays.com\/fr\/484423\/","title":{"rendered":"Guerre en Ukraine : l\u2019UE et les \u00c9tats-Unis annoncent une nouvelle vague de sanctions contre la Russie"},"content":{"rendered":"<p>                                            Monde\n                                                                            <\/p>\n<p>\n                                            L\u2019Union europ\u00e9enne et les \u00c9tats-Unis ont annonc\u00e9, jeudi 23 octobre, de nouvelles sanctions visant principalement les secteurs p\u00e9trolier et gazier russes. Moscou d\u00e9nonce des mesures \u00ab contre-productives \u00bb, tandis que Kiev salue un pas \u00ab tr\u00e8s important \u00bb pour affaiblir l\u2019\u00e9conomie de guerre du Kremlin. La Chine pour sa part, a exprim\u00e9 son opposition \u00e0 ces sanctions qu\u2019elle juge \u00ab unilat\u00e9rales \u00bb.                                        <\/p>\n<p>                                                Publi\u00e9 le 23 octobre 2025 \u00e0 14h15                                                                                            <\/p>\n<p>                                            <img loading=\"lazy\" width=\"1024\" height=\"683\" src=\"https:\/\/www.europesays.com\/fr\/wp-content\/uploads\/2025\/10\/SIPA_sipa60047385_000015-1.jpg\" class=\"attachment-post-thumbnail size-post-thumbnail wp-post-image\" alt=\"L\u2019UE et les \u00c9tats-Unis renforcent leurs sanctions face \u00e0 Moscou. Aaron Schwartz - Pool via CNP\/DPA\/SIPA\" decoding=\"async\"  \/><\/p>\n<p>                                            L\u2019UE et les \u00c9tats-Unis renforcent leurs sanctions face \u00e0 Moscou. Aaron Schwartz &#8211; Pool via CNP\/DPA\/SIPA<\/p>\n<p>L\u2019Union europ\u00e9enne a adopt\u00e9, jeudi 23 octobre, son 19\u1d49 paquet de sanctions contre <a href=\"https:\/\/www.valeursactuelles.com\/monde\/laffaire-nord-stream-albatros-pendu-au-cou-de-lotan\" target=\"_blank\" rel=\"noopener nofollow\">la Russie<\/a>, dans la foul\u00e9e de celles <a href=\"https:\/\/www.valeursactuelles.com\/monde\/un-appel-productif-et-positif-volodymyr-zelensky-et-donald-trump-ont-echange-sur-la-paix-en-ukraine\" target=\"_blank\" rel=\"nofollow noopener\">d\u00e9cr\u00e9t\u00e9es par Washington<\/a> contre les g\u00e9ants p\u00e9troliers russes Rosneft et Lukoil, rapporte L<a href=\"https:\/\/www.lemonde.fr\/international\/live\/2025\/10\/23\/en-direct-guerre-en-ukraine-apres-de-nouvelles-sanctions-europeennes-la-russie-se-reserve-le-droit-de-repondre_6648095_3210.html\" target=\"_blank\" rel=\"nofollow noopener\">e Monde<\/a>. Ces mesures ciblent directement les secteurs du p\u00e9trole et du gaz russes, tr\u00e8s importants pour Moscou, dont les revenus sont essentiels au financement de son effort de guerre en Ukraine.<\/p>\n<p><a href=\"https:\/\/www.valeursactuelles.com\/monde\/guerre-en-ukraine-la-suede-va-vendre-jusqua-150-avions-de-chasse-gripen-a-kiev\" class=\"h-flex h-align-items-center h-border-tb h-ptb-15\" rel=\"nofollow noopener\" target=\"_blank\">A\u00a0LIRE\u00a0Guerre en Ukraine : la Su\u00e8de va vendre jusqu\u2019\u00e0 150 avions de chasse Gripen \u00e0 Kiev<\/a>                    <img decoding=\"async\" src=\"https:\/\/www.europesays.com\/fr\/wp-content\/uploads\/2025\/10\/1761225153_503_maxresdefault.jpg\" alt=\"Vid\u00e9o YouTube\" style=\"width: 100%; height: auto; display: block;\"\/><\/p>\n<p>                        Chargement\u2026                    <\/p>\n<blockquote class=\"twitter-tweet\">\n<p dir=\"ltr\" lang=\"en\">The new U.S. sanctions against Russia\u2019s oil giants are a clear signal that prolonging the war and spreading terror come at a cost. And this is a fair and absolutely deserved step. It is precisely pressure on Russia that will be effective for achieving peace, and sanctions are one\u2026<\/p>\n<p>\u2014 Volodymyr Zelenskyy \/ \u0412\u043e\u043b\u043e\u0434\u0438\u043c\u0438\u0440 \u0417\u0435\u043b\u0435\u043d\u0441\u044c\u043a\u0438\u0439 (@ZelenskyyUa) <a href=\"https:\/\/twitter.com\/ZelenskyyUa\/status\/1981258507736240378?ref_src=twsrc%5Etfw\" rel=\"nofollow noopener\" target=\"_blank\">October 23, 2025<\/a><\/p>\n<\/blockquote>\n<p>Les chefs d\u2019\u00c9tat et de gouvernement europ\u00e9ens r\u00e9unis \u00e0 Bruxelles ont accueilli le pr\u00e9sident ukrainien Volodymyr Zelensky pour une nouvelle d\u00e9monstration de solidarit\u00e9. \u00ab Nous avons attendu cela, esp\u00e9rons que cela fonctionne, c\u2019est tr\u00e8s important \u00bb, a-t-il d\u00e9clar\u00e9 \u00e0 son arriv\u00e9e au sommet europ\u00e9en, cit\u00e9 par Le Monde. Suite \u00e0 ces \u00e9changes, le pr\u00e9sident ukrainien se veut optimiste pour la suite sur plusieurs points : \u00ab Nous avons \u00e9galement discut\u00e9 de l\u2019aide \u00e0 la d\u00e9fense, de l\u2019instrument SAFE, de notre chemin vers l\u2019adh\u00e9sion \u00e0 l\u2019UE et des \u00e9tapes n\u00e9cessaires \u00e0 l\u2019ouverture des groupes de n\u00e9gociations \u00bb, a-t-il \u00e9crit dans un post sur X.<\/p>\n<p><a href=\"https:\/\/www.valeursactuelles.com\/monde\/guerre-en-ukraine-donald-trump-menace-vladimir-poutine-de-fournir-des-missiles-tomahawk-a-kiev\" class=\"h-flex h-align-items-center h-border-tb h-ptb-15\" rel=\"nofollow noopener\" target=\"_blank\">A\u00a0LIRE\u00a0Guerre en Ukraine : Donald Trump envisage de menacer Vladimir Poutine de fournir des missiles Tomahawk \u00e0 Kiev<\/a><\/p>\n<blockquote class=\"twitter-tweet\">\n<p dir=\"ltr\" lang=\"en\">Before the European Council meeting in Brussels, I met with Ant\u00f3nio Costa. It was important to coordinate our positions.<\/p>\n<p>I am grateful to the European Union for approving today the 19th package of sanctions against Russia \u2013 restrictions on the shadow oil fleet, the banking and\u2026 <a href=\"https:\/\/t.co\/uEnM0fRV9z\" rel=\"nofollow\">pic.twitter.com\/uEnM0fRV9z<\/a><\/p>\n<p>\u2014 Volodymyr Zelenskyy \/ \u0412\u043e\u043b\u043e\u0434\u0438\u043c\u0438\u0440 \u0417\u0435\u043b\u0435\u043d\u0441\u044c\u043a\u0438\u0439 (@ZelenskyyUa) <a href=\"https:\/\/twitter.com\/ZelenskyyUa\/status\/1981309955832529153?ref_src=twsrc%5Etfw\" rel=\"nofollow noopener\" target=\"_blank\">October 23, 2025<\/a><\/p>\n<\/blockquote>\n<p>Moscou d\u00e9nonce des mesures \u00ab contre-productives \u00bb<\/p>\n<p>La r\u00e9action de Moscou ne s\u2019est pas fait attendre. La porte-parole du minist\u00e8re russe des Affaires \u00e9trang\u00e8res, Maria Zakharova, a d\u00e9nonc\u00e9 des sanctions \u00ab contre-productives \u00bb lors de son point hebdomadaire. \u00ab Notre pays a d\u00e9velopp\u00e9 une immunit\u00e9 solide contre les restrictions occidentales et continuera \u00e0 d\u00e9velopper avec assurance son potentiel \u00e9conomique, y compris dans le domaine \u00e9nerg\u00e9tique \u00bb, a-t-elle affirm\u00e9.<\/p>\n<p>Du c\u00f4t\u00e9 de la Chine, une r\u00e9ponse ne s\u2019est pas fait attendre pour exprimer son profond d\u00e9saccord suite \u00e0 la d\u00e9cision des \u00c9tats-Unis et de l\u2019Union europ\u00e9enne. \u00ab La Chine s\u2019oppose de mani\u00e8re constante aux sanctions unilat\u00e9rales qui ne reposent pas sur le droit international et ne sont pas autoris\u00e9es par le Conseil de s\u00e9curit\u00e9 des Nations Unies \u00bb, a d\u00e9clar\u00e9 Guo Jiakun, porte-parole du minist\u00e8re chinois des Affaires \u00e9trang\u00e8res, cit\u00e9 par <a href=\"https:\/\/www.france24.com\/fr\/europe\/20251023-en-direct-sommet-europeen-bruxelles-soutien-ukraine-zelensky\" target=\"_blank\" rel=\"nofollow noopener\">France 24<\/a>. Il a \u00e9galement critiqu\u00e9 les nouvelles mesures prises par l\u2019UE contre 12 entreprises chinoises accus\u00e9es d\u2019aider la Russie \u00e0 contourner des sanctions occidentales.<\/p>\n<p>                                                                    <script async src=\"https:\/\/platform.twitter.com\/widgets.js\" charset=\"utf-8\"><\/script><\/p>\n","protected":false},"excerpt":{"rendered":"Monde L\u2019Union europ\u00e9enne et les \u00c9tats-Unis ont annonc\u00e9, jeudi 23 octobre, de nouvelles sanctions visant principalement les secteurs&hellip;\n","protected":false},"author":2,"featured_media":484424,"comment_status":"","ping_status":"","sticky":false,"template":"","format":"standard","meta":{"footnotes":""},"categories":[1586],"tags":[11,309,73,1777,674,1779,1011,27,131,12,25,132,1778,364],"class_list":{"0":"post-484423","1":"post","2":"type-post","3":"status-publish","4":"format-standard","5":"has-post-thumbnail","7":"category-europe","8":"tag-actualites","9":"tag-chine","10":"tag-etats-unis","11":"tag-eu","12":"tag-europe","13":"tag-european-union","14":"tag-fr","15":"tag-france","16":"tag-guerre-en-ukraine","17":"tag-news","18":"tag-republique-francaise","19":"tag-russie","20":"tag-ue","21":"tag-union-europeenne"},"share_on_mastodon":{"url":"https:\/\/pubeurope.com\/@fr\/115423657777039396","error":""},"_links":{"self":[{"href":"https:\/\/www.europesays.com\/fr\/wp-json\/wp\/v2\/posts\/484423","targetHints":{"allow":["GET"]}}],"collection":[{"href":"https:\/\/www.europesays.com\/fr\/wp-json\/wp\/v2\/posts"}],"about":[{"href":"https:\/\/www.europesays.com\/fr\/wp-json\/wp\/v2\/types\/post"}],"author":[{"embeddable":true,"href":"https:\/\/www.europesays.com\/fr\/wp-json\/wp\/v2\/users\/2"}],"replies":[{"embeddable":true,"href":"https:\/\/www.europesays.com\/fr\/wp-json\/wp\/v2\/comments?post=484423"}],"version-history":[{"count":0,"href":"https:\/\/www.europesays.com\/fr\/wp-json\/wp\/v2\/posts\/484423\/revisions"}],"wp:featuredmedia":[{"embeddable":true,"href":"https:\/\/www.europesays.com\/fr\/wp-json\/wp\/v2\/media\/484424"}],"wp:attachment":[{"href":"https:\/\/www.europesays.com\/fr\/wp-json\/wp\/v2\/media?parent=484423"}],"wp:term":[{"taxonomy":"category","embeddable":true,"href":"https:\/\/www.europesays.com\/fr\/wp-json\/wp\/v2\/categories?post=484423"},{"taxonomy":"post_tag","embeddable":true,"href":"https:\/\/www.europesays.com\/fr\/wp-json\/wp\/v2\/tags?post=484423"}],"curies":[{"name":"wp","href":"https:\/\/api.w.org\/{rel}","templated":true}]}}