{"id":484437,"date":"2025-10-23T13:23:12","date_gmt":"2025-10-23T13:23:12","guid":{"rendered":"https:\/\/www.europesays.com\/fr\/484437\/"},"modified":"2025-10-23T13:23:12","modified_gmt":"2025-10-23T13:23:12","slug":"uae-team-emirates-gen-z-leffectif-2026-actualite","status":"publish","type":"post","link":"https:\/\/www.europesays.com\/fr\/484437\/","title":{"rendered":"UAE Team Emirates Gen-Z : L&rsquo;effectif 2026 &#8211; Actualit\u00e9"},"content":{"rendered":"<p style=\"text-align: justify;\">UAE Team Emirates Gen-Z a d\u00e9voil\u00e9 sa promotion 2026. Ils seront douze \u00e0 faire partie de la Continentale, \u00e9quipe r\u00e9serve de la WorldTeam du m\u00eame nom. Ugo Fabries, Champion de France Espoir, reste au sein de la structure. Adria Pericas a lui fait le bond au sein de la maison-m\u00e8re. Cinq coureurs arrivent dans ce nouveau cru.<\/p>\n<p><strong>L&rsquo;effectif 2026 d&rsquo;UAE Team Emirates Gen-Z :<\/strong><br \/>Mohammed Almutaiwei, 22 ans<br \/>Daan Dijkman, 18 ans (WWV Hagens Berman-Jayco)<br \/>Ugo Fabries, 20 ans<br \/>Marcos Freire, 19 ans<br \/>Heimo Fugger, 18 ans (Cannibal B Victorious)<br \/>Luca Giaimi, 20 ans<br \/>Moritz Mauss, 18 ans (RSC Turbine Erfurt)<br \/>Mateo Pablo Ramirez, 19 ans<br \/>Enea Sambinello, 19 ans<br \/>Davide Stella, 20 ans<br \/>Jaime Torres, 18 ans (Sanse-Elocox)<br \/>Matteo Vanden Wijngaert, 18 ans (Cannibal B Victorious)<\/p>\n<p>Les d\u00e9parts : Adria Pericas (UAE Team Emirates), Abdulla Jasim Al-Ali, Duarte Marivoet Scholiers, Anze Ravbar, Matthias Schwarzbacher, Gibbe Staes.<\/p>\n","protected":false},"excerpt":{"rendered":"UAE Team Emirates Gen-Z a d\u00e9voil\u00e9 sa promotion 2026. Ils seront douze \u00e0 faire partie de la Continentale,&hellip;\n","protected":false},"author":2,"featured_media":484438,"comment_status":"","ping_status":"","sticky":false,"template":"","format":"standard","meta":{"footnotes":""},"categories":[1411],"tags":[834,828,836,829,837,827,83,826,824,823,1154,207,814,817,815,816,822,821,832,211,839,1011,27,820,818,819,835,831,830,833,838,60,212,208,825],"class_list":{"0":"post-484437","1":"post","2":"type-post","3":"status-publish","4":"format-standard","5":"has-post-thumbnail","7":"category-cyclisme","8":"tag-attaque","9":"tag-belgique","10":"tag-braquet","11":"tag-bretagne","12":"tag-chute","13":"tag-competition","14":"tag-coupe-de-france","15":"tag-coureur","16":"tag-course-cyclisme","17":"tag-course-cycliste","18":"tag-cycling","19":"tag-cyclisme","20":"tag-direct","21":"tag-direct-velo","22":"tag-directvelo","23":"tag-directvelo-com","24":"tag-epreuve","25":"tag-epreuve-cycliste","26":"tag-federation-francaise-de-cyclisme","27":"tag-ffc","28":"tag-flandres","29":"tag-fr","30":"tag-france","31":"tag-live","32":"tag-live-course","33":"tag-live-epreuve","34":"tag-peloton","35":"tag-radio-peloton","36":"tag-radio-tour","37":"tag-ravitaillement","38":"tag-relance","39":"tag-sports","40":"tag-uci","41":"tag-velo","42":"tag-velos"},"share_on_mastodon":{"url":"https:\/\/pubeurope.com\/@fr\/115423700841745429","error":""},"_links":{"self":[{"href":"https:\/\/www.europesays.com\/fr\/wp-json\/wp\/v2\/posts\/484437","targetHints":{"allow":["GET"]}}],"collection":[{"href":"https:\/\/www.europesays.com\/fr\/wp-json\/wp\/v2\/posts"}],"about":[{"href":"https:\/\/www.europesays.com\/fr\/wp-json\/wp\/v2\/types\/post"}],"author":[{"embeddable":true,"href":"https:\/\/www.europesays.com\/fr\/wp-json\/wp\/v2\/users\/2"}],"replies":[{"embeddable":true,"href":"https:\/\/www.europesays.com\/fr\/wp-json\/wp\/v2\/comments?post=484437"}],"version-history":[{"count":0,"href":"https:\/\/www.europesays.com\/fr\/wp-json\/wp\/v2\/posts\/484437\/revisions"}],"wp:featuredmedia":[{"embeddable":true,"href":"https:\/\/www.europesays.com\/fr\/wp-json\/wp\/v2\/media\/484438"}],"wp:attachment":[{"href":"https:\/\/www.europesays.com\/fr\/wp-json\/wp\/v2\/media?parent=484437"}],"wp:term":[{"taxonomy":"category","embeddable":true,"href":"https:\/\/www.europesays.com\/fr\/wp-json\/wp\/v2\/categories?post=484437"},{"taxonomy":"post_tag","embeddable":true,"href":"https:\/\/www.europesays.com\/fr\/wp-json\/wp\/v2\/tags?post=484437"}],"curies":[{"name":"wp","href":"https:\/\/api.w.org\/{rel}","templated":true}]}}