{"id":484467,"date":"2025-10-23T13:40:18","date_gmt":"2025-10-23T13:40:18","guid":{"rendered":"https:\/\/www.europesays.com\/fr\/484467\/"},"modified":"2025-10-23T13:40:18","modified_gmt":"2025-10-23T13:40:18","slug":"un-adolescent-essaie-de-voler-le-collier-dune-sexagenaire-des-passants-sinterposent","status":"publish","type":"post","link":"https:\/\/www.europesays.com\/fr\/484467\/","title":{"rendered":"Un adolescent essaie de voler le collier d\u2019une sexag\u00e9naire, des passants s\u2019interposent"},"content":{"rendered":"<p class=\"mb-4 text-lg md:leading-8 break-words\"><strong>\u00e0 la rescousse &#8211; Dimanche dernier \u00e0 Saint-\u00c9tienne, un jeune homme a tent\u00e9 de d\u00e9rober le collier d\u2019une femme de 65 ans, avant d\u2019\u00eatre ma\u00eetris\u00e9 par des passants et la police<\/strong><\/p>\n<p class=\"mb-4 text-lg md:leading-8 break-words\">Une sc\u00e8ne de solidarit\u00e9 s\u2019est d\u00e9roul\u00e9e dimanche dernier \u00e0 <a href=\"https:\/\/www.20minutes.fr\/dossier\/saint-etienne?at_medium=RSS%20feed&amp;at_campaign=ynews&amp;utm_source=yahoo&amp;utm_medium=rss&amp;utm_campaign=news_feed&amp;utm_content=in_article_link\" rel=\"nofollow noopener\" target=\"_blank\" data-ylk=\"slk:Saint-\u00c9tienne;elm:context_link;itc:0;sec:content-canvas\" class=\"link \">Saint-\u00c9tienne<\/a> (<a href=\"https:\/\/www.20minutes.fr\/dossier\/loire?at_medium=RSS%20feed&amp;at_campaign=ynews&amp;utm_source=yahoo&amp;utm_medium=rss&amp;utm_campaign=news_feed&amp;utm_content=in_article_link\" rel=\"nofollow noopener\" target=\"_blank\" data-ylk=\"slk:Loire;elm:context_link;itc:0;sec:content-canvas\" class=\"link \">Loire<\/a>), dans la rue Charles de\u00a0Gaulle. Aux alentours de midi, un adolescent de 17 ans a tent\u00e9 d\u2019arracher le <a href=\"https:\/\/www.20minutes.fr\/high-tech\/by-the-web\/4181066-20251023-cambriolage-louvre-vinted-pouvez-retrouver-bijoux-voles?at_medium=RSS%20feed&amp;at_campaign=ynews&amp;utm_source=yahoo&amp;utm_medium=rss&amp;utm_campaign=news_feed&amp;utm_content=in_article_link\" rel=\"nofollow noopener\" target=\"_blank\" data-ylk=\"slk:collier;elm:context_link;itc:0;sec:content-canvas\" class=\"link \">collier<\/a> d\u2019une femme de 65 ans, avant d\u2019\u00eatre stopp\u00e9 net par des passants, rapporte <a href=\"https:\/\/www.leprogres.fr\/faits-divers-justice\/2025\/10\/21\/il-tente-d-arracher-un-collier-a-une-sexagenaire-des-passants-le-poursuivent?at_medium=RSS%20feed&amp;at_campaign=ynews&amp;utm_source=yahoo&amp;utm_medium=rss&amp;utm_campaign=news_feed&amp;utm_content=in_article_link\" rel=\"nofollow noopener\" target=\"_blank\" data-ylk=\"slk:Le Progr\u00e8s;elm:context_link;itc:0;sec:content-canvas\" class=\"link \">Le Progr\u00e8s<\/a>. Selon les premiers \u00e9l\u00e9ments, le jeune homme arpentait l\u2019art\u00e8re commer\u00e7ante lorsqu\u2019il a rep\u00e9r\u00e9 la victime.<\/p>\n<p class=\"mb-4 text-lg md:leading-8 break-words\">Apr\u00e8s avoir tourn\u00e9 autour d\u2019elle \u00e0 plusieurs reprises, il s\u2019est brusquement jet\u00e9 sur son cou pour tenter de lui <a href=\"https:\/\/www.20minutes.fr\/dossier\/voleur?at_medium=RSS%20feed&amp;at_campaign=ynews&amp;utm_source=yahoo&amp;utm_medium=rss&amp;utm_campaign=news_feed&amp;utm_content=in_article_link\" rel=\"nofollow noopener\" target=\"_blank\" data-ylk=\"slk:voler;elm:context_link;itc:0;sec:content-canvas\" class=\"link \">voler<\/a> son bijou. Surprise mais d\u00e9termin\u00e9e, la sexag\u00e9naire s\u2019est d\u00e9battue avec \u00e9nergie, parvenant \u00e0 faire \u00e9chouer l\u2019agression.<\/p>\n<p>Un jour d\u2019ITT pour la sexag\u00e9naire<\/p>\n<p class=\"mb-4 text-lg md:leading-8 break-words\">Son assaillant a alors pris la fuite, bredouille, mais sa cavale a \u00e9t\u00e9 de courte dur\u00e9e. Deux t\u00e9moins de la sc\u00e8ne se sont \u00e9lanc\u00e9s \u00e0 sa poursuite et l\u2019ont intercept\u00e9 quelques m\u00e8tres plus loin. Ils sont parvenus \u00e0 le ma\u00eetriser et \u00e0 le retenir jusqu\u2019\u00e0 l\u2019arriv\u00e9e rapide d\u2019une \u00e9quipe de police, alors en patrouille dans le secteur.<\/p>\n<p><a href=\"https:\/\/www.20minutes.fr\/faits_divers\/\" rel=\"nofollow noopener\" target=\"_blank\" data-ylk=\"slk:Plus d&#039;articles faits divers;elm:context_link;itc:0;sec:content-canvas\" class=\"link \">Plus d&rsquo;articles faits divers<\/a><\/p>\n<p class=\"mb-4 text-lg md:leading-8 break-words\">Aussit\u00f4t interpell\u00e9, le jeune agresseur a \u00e9t\u00e9 plac\u00e9 en garde \u00e0 vue avant d\u2019\u00eatre pr\u00e9sent\u00e9, ce mardi matin, devant le juge des enfants. Quant \u00e0 la victime, l\u00e9g\u00e8rement bless\u00e9e au visage et au cou, elle est ressortie de l\u2019incident avec un jour d\u2019incapacit\u00e9 totale de travail (ITT).<\/p>\n<p class=\"mb-4 text-lg md:leading-8 break-words\"><a href=\"https:\/\/www.20minutes.fr\/faits_divers\/4181159-20251023-saint-etienne-adolescent-essaie-voler-collier-sexagenaire-passants-interposent?at_medium=RSS%20feed&amp;at_campaign=ynews&amp;utm_source=yahoo&amp;utm_medium=rss&amp;utm_campaign=news_feed&amp;utm_content=read_more_link&quot;\" rel=\"nofollow noopener\" target=\"_blank\" data-ylk=\"slk:Lire la suite sur 20minutes;elm:context_link;itc:0;sec:content-canvas\" class=\"link \">Lire la suite sur 20minutes<\/a><\/p>\n<p>\u00c0 lire aussi :<br \/><a href=\"https:\/\/www.20minutes.fr\/faits_divers\/4178151-20251009-tarn-bande-voleurs-arretee-apres-23-cambriolages?at_medium=RSS%20feed&amp;at_campaign=ynews&amp;utm_source=yahoo&amp;utm_medium=rss&amp;utm_campaign=news_feed&amp;utm_content=related_content_link\" rel=\"nofollow noopener\" target=\"_blank\" data-ylk=\"slk:Tarn\u00a0: Une bande de voleurs arr\u00eat\u00e9e apr\u00e8s 23 cambriolages;elm:context_link;itc:0;sec:content-canvas\" class=\"link \">Tarn\u00a0: Une bande de voleurs arr\u00eat\u00e9e apr\u00e8s 23 cambriolages<\/a><br \/><a href=\"https:\/\/www.20minutes.fr\/faits_divers\/4180869-20251022-isere-braquage-voiture-belier-dejoue-in-extremis-gendarmes?at_medium=RSS%20feed&amp;at_campaign=ynews&amp;utm_source=yahoo&amp;utm_medium=rss&amp;utm_campaign=news_feed&amp;utm_content=related_content_link\" rel=\"nofollow noopener\" target=\"_blank\" data-ylk=\"slk:Is\u00e8re\u00a0: Un braquage \u00e0 la voiture b\u00e9lier d\u00e9jou\u00e9 in extremis par les gendarmes;elm:context_link;itc:0;sec:content-canvas\" class=\"link \">Is\u00e8re\u00a0: Un braquage \u00e0 la voiture b\u00e9lier d\u00e9jou\u00e9 in extremis par les gendarmes<\/a><\/p>\n","protected":false},"excerpt":{"rendered":"\u00e0 la rescousse &#8211; Dimanche dernier \u00e0 Saint-\u00c9tienne, un jeune homme a tent\u00e9 de d\u00e9rober le collier d\u2019une&hellip;\n","protected":false},"author":2,"featured_media":484468,"comment_status":"","ping_status":"","sticky":false,"template":"","format":"standard","meta":{"footnotes":""},"categories":[9653],"tags":[9080,1111,11,2430,33262,1777,674,1011,27,60767,60768,12,25,4001],"class_list":{"0":"post-484467","1":"post","2":"type-post","3":"status-publish","4":"format-standard","5":"has-post-thumbnail","7":"category-saint-etienne","8":"tag-17-ans","9":"tag-actu","10":"tag-actualites","11":"tag-auvergne-rhone-alpes","12":"tag-collier","13":"tag-eu","14":"tag-europe","15":"tag-fr","16":"tag-france","17":"tag-juge-des-enfants","18":"tag-le-progres","19":"tag-news","20":"tag-republique-francaise","21":"tag-saint-etienne"},"share_on_mastodon":{"url":"https:\/\/pubeurope.com\/@fr\/115423767784616487","error":""},"_links":{"self":[{"href":"https:\/\/www.europesays.com\/fr\/wp-json\/wp\/v2\/posts\/484467","targetHints":{"allow":["GET"]}}],"collection":[{"href":"https:\/\/www.europesays.com\/fr\/wp-json\/wp\/v2\/posts"}],"about":[{"href":"https:\/\/www.europesays.com\/fr\/wp-json\/wp\/v2\/types\/post"}],"author":[{"embeddable":true,"href":"https:\/\/www.europesays.com\/fr\/wp-json\/wp\/v2\/users\/2"}],"replies":[{"embeddable":true,"href":"https:\/\/www.europesays.com\/fr\/wp-json\/wp\/v2\/comments?post=484467"}],"version-history":[{"count":0,"href":"https:\/\/www.europesays.com\/fr\/wp-json\/wp\/v2\/posts\/484467\/revisions"}],"wp:featuredmedia":[{"embeddable":true,"href":"https:\/\/www.europesays.com\/fr\/wp-json\/wp\/v2\/media\/484468"}],"wp:attachment":[{"href":"https:\/\/www.europesays.com\/fr\/wp-json\/wp\/v2\/media?parent=484467"}],"wp:term":[{"taxonomy":"category","embeddable":true,"href":"https:\/\/www.europesays.com\/fr\/wp-json\/wp\/v2\/categories?post=484467"},{"taxonomy":"post_tag","embeddable":true,"href":"https:\/\/www.europesays.com\/fr\/wp-json\/wp\/v2\/tags?post=484467"}],"curies":[{"name":"wp","href":"https:\/\/api.w.org\/{rel}","templated":true}]}}