{"id":484484,"date":"2025-10-23T13:52:25","date_gmt":"2025-10-23T13:52:25","guid":{"rendered":"https:\/\/www.europesays.com\/fr\/484484\/"},"modified":"2025-10-23T13:52:25","modified_gmt":"2025-10-23T13:52:25","slug":"les-premieres-propositions-dalain-carignon","status":"publish","type":"post","link":"https:\/\/www.europesays.com\/fr\/484484\/","title":{"rendered":"les premi\u00e8res propositions d&rsquo;Alain Carignon"},"content":{"rendered":"<p>            Par<br \/>\n        <strong><br \/>\n            <a href=\"https:\/\/actu.fr\/auteur\/lisa-rodrigues\" title=\"Consulter tous les articles de Lisa Rodrigues\" target=\"_blank\" rel=\"noopener\">Lisa Rodrigues<\/a><br \/>\n        <\/strong><\/p>\n<p>        Publi\u00e9 le<\/p>\n<p>            23 oct. 2025 \u00e0 15h01        <\/p>\n<p><strong>EXCLUSIF<\/strong>. Il a \u00e9t\u00e9 la deuxi\u00e8me personnalit\u00e9 politique \u00e0 <a href=\"https:\/\/actu.fr\/auvergne-rhone-alpes\/grenoble_38185\/municipales-2026-a-grenoble-alain-carignon-est-candidat-les-grenoblois-meritent-le-meilleur_62735518.html\" target=\"_blank\" rel=\"noopener\">pr\u00e9senter officiellement sa candidature<\/a> pour la mairie de <a href=\"https:\/\/actu.fr\/auvergne-rhone-alpes\/grenoble_38185\" target=\"_blank\" rel=\"noopener\">Grenoble<\/a>. <strong>Alain Carignon<\/strong>, actuel chef du groupe d\u2019opposition \u00ab\u00a0Soci\u00e9t\u00e9 civile, divers droite et centre\u00a0\u00bb, vise un troisi\u00e8me mandat \u00e0 la t\u00eate de la capitale des Alpes \u2013 il a \u00e9t\u00e9 maire de 1983 \u00e0 1995 sous l\u2019\u00e9tiquette du RPR.<\/p>\n<p class=\" wall-content\">Avec sa liste \u00ab\u00a0R\u00e9concilier Grenoble\u00a0\u00bb, il compte bien prendre la place d\u2019<a href=\"https:\/\/actu.fr\/tag\/eric-piolle\" target=\"_blank\" rel=\"noopener\">\u00c9ric Piolle<\/a>\u00a0en 2026. Il pr\u00e9sente \u00e0 actu Grenoble ses <strong>premi\u00e8res grandes propositions<\/strong>.<\/p>\n<p>Un seul mandat en cas d\u2019\u00e9lection en 2026<\/p>\n<p class=\"ac-article-content__question wall-content\"><strong class=\"color-primary\">Actu : <\/strong>Apr\u00e8s votre candidature en 2019, pourquoi avoir d\u00e9cid\u00e9 de repartir en 2026 ?<\/p>\n<p class=\" wall-content\"><strong class=\"color-primary\">Alain Carignon : <\/strong>Grenoble traverse une situation de crise financi\u00e8re, s\u00e9curitaire, sociale et \u00e9cologique. Les collectifs qui travaillent avec moi \u00e0 l&rsquo;alternance ont estim\u00e9 qu&rsquo;il fallait de l&rsquo;exp\u00e9rience et du courage, quelqu&rsquo;un qui n&rsquo;ait pas d&rsquo;avenir personnel \u00e0 pr\u00e9parer, tout en mettant en place une \u00e9quipe diversifi\u00e9e pour assurer dans la dur\u00e9e.\u00a0<\/p>\n<p class=\"ac-article-content__question wall-content\">Donc, si vous \u00eates \u00e9lu, vous ne ferez qu&rsquo;un mandat ?<\/p>\n<p class=\" wall-content\"><strong class=\"color-primary\">AC : <\/strong>Oui, au maximum.<\/p>\n<p>Hausse des effectifs de police municipale<\/p>\n<p class=\"ac-article-content__question wall-content\">Sur la s\u00e9curit\u00e9, les derniers chiffres du minist\u00e8re de l&rsquo;Int\u00e9rieur montrent une hausse des faits de violence. Si vous \u00eates \u00e9lu, que comptez-vous faire \u00e0 ce sujet ?<\/p>\n<p class=\" wall-content\"><strong class=\"color-primary\">AC : <\/strong>1 000 Grenoblois sont plus agress\u00e9s que 1 000 Marseillais ou 1 000 habitants de Seine-Saint-Denis. Ramen\u00e9 au nombre d&rsquo;habitants, Grenoble a le record national de l&rsquo;ins\u00e9curit\u00e9 !<br \/>Nous avons un plan de d\u00e9veloppement de la police municipale : on va augmenter les effectifs de 50 policiers par an pendant 3 ans. La police sera arm\u00e9e et reli\u00e9e \u00e0 un PC op\u00e9rationnel. Et \u00e9videmment, il faut un r\u00e9seau de cam\u00e9ras de vid\u00e9oprotection d\u00e9velopp\u00e9.<br \/>On veut aussi donner un mandat d&rsquo;assermentation au personnel municipal volontaire pour dresser des proc\u00e8s-verbaux sur le terrain face aux incivilit\u00e9s.<\/p>\n<p>    <img   decoding=\"async\" loading=\"lazy\" src=\"https:\/\/www.europesays.com\/fr\/wp-content\/uploads\/2025\/10\/police-municipale-grenoble-1-960x640.png\" alt=\"Une nouvelle brigade de police municipale va \u00eatre d\u00e9poloy\u00e9e.\" width=\"960\" height=\"640\"\/><br \/>\n    Alain Carignon souhaite augmenter les effectifs de la police municipale, aujourd\u2019hui estim\u00e9 \u00e0 une cinquantaine d\u2019agents. (\u00a9Illustration \/ Ugo Maillard \/ actu Grenoble)<\/p>\n<p class=\"ac-article-content__question wall-content\">Avez-vous d\u2019autres propositions sur la s\u00e9curit\u00e9 ?<\/p>\n<p class=\" wall-content\"><strong class=\"color-primary\">AC : <\/strong>L&rsquo;expulsion des dealers condamn\u00e9s dans les HLM. D&rsquo;autres communes le font, comme Valence ou Marseille. Nous laissons perdurer des gens qui vivent avec d&rsquo;\u00e9normes moyens &#8211; des revenus occultes &#8211; dans des logements sociaux.<br \/>On propose aussi un crit\u00e8re de tranquillit\u00e9 publique dans l&rsquo;attribution des logements sociaux, de mani\u00e8re \u00e0 \u00e9viter d&rsquo;implanter la gangr\u00e8ne dans les quartiers.\u00a0<\/p>\n<p>Votre r\u00e9gion, votre actu !<\/p>\n<p>Recevez chaque jour les infos qui comptent pour vous.<\/p>\n<p>\t<a href=\"https:\/\/actu.fr\/newsletter\" class=\"ac-btn ac-btn--corner ac-btn--medium ac-btn--blue800\" target=\"_blank\" rel=\"noopener\">S&rsquo;incrire<\/a><br \/>\n\u00ab\u00a0Je m\u2019engage \u00e0 stopper la hausse des imp\u00f4ts\u00a0\u00bb<\/p>\n<p class=\"ac-article-content__question wall-content\">Comment financer tout \u00e7a ?<\/p>\n<p class=\" wall-content\"><strong class=\"color-primary\">AC : <\/strong>Nous engagerons entre mars et d\u00e9cembre 2026 une fusion des services en doublon avec la M\u00e9tropole pour cr\u00e9er des \u00e9conomies de fonctionnement et stopper la hausse d&rsquo;imp\u00f4ts.<\/p>\n<p class=\"ac-article-content__question wall-content\">Il n&rsquo;y aura donc pas de hausse d&rsquo;imp\u00f4ts si vous \u00eates \u00e9lu ?\n<\/p>\n<p class=\" wall-content\"><strong class=\"color-primary\">AC : <\/strong>Je m&rsquo;engage \u00e0 stopper la hausse des imp\u00f4ts. Et je pr\u00e9cise que Laurence Ruffin et Allan Bruno annoncent une hausse consid\u00e9rable des imp\u00f4ts, parce qu&rsquo;ils ne veulent pas faire les r\u00e9formes de structure n\u00e9cessaires.<\/p>\n<p>    <img   decoding=\"async\" loading=\"lazy\" src=\"https:\/\/www.europesays.com\/fr\/wp-content\/uploads\/2025\/10\/laurence-ruffin-allan-brunon-grenoble-960x640.png\" alt=\"Les deux candidats d\u00e9clar\u00e9s \u00e0 gauche pour les municipales de Grenoble - Laurence Ruffin pour la liste de la majorit\u00e9 Piolle et Allan Brunon pour LFI - sont particuli\u00e8rement vis\u00e9s par Alain Carignon.\" width=\"960\" height=\"640\"\/><br \/>\n    Les deux candidats d\u00e9clar\u00e9s \u00e0 gauche pour les municipales de Grenoble \u2013 Laurence Ruffin pour la liste de la majorit\u00e9 Piolle et Allan Brunon pour LFI \u2013 sont particuli\u00e8rement vis\u00e9s par Alain Carignon. (\u00a9Montage actu Grenoble \/ Photos actu Grenoble et X)<\/p>\n<p class=\"ac-article-content__question wall-content\">Cela sous-entend qu&rsquo;il faut se mettre d&rsquo;accord avec la M\u00e9tropole, alors que les relations avec la Ville de Grenoble se sont d\u00e9grad\u00e9es derni\u00e8rement&#8230;<\/p>\n<p class=\" wall-content\"><strong class=\"color-primary\">AC : <\/strong>J&rsquo;ai \u00e9t\u00e9 pr\u00e9sident de l&rsquo;agglom\u00e9ration et pr\u00e9sident du d\u00e9partement, je sais g\u00e9rer la coop\u00e9ration entre collectivit\u00e9s. Et je m&rsquo;y att\u00e8lerai. C&rsquo;est un objectif d&rsquo;apaiser les relations avec la M\u00e9tropole, de cr\u00e9er une coop\u00e9ration fructueuse et efficace. Tout ce qui a \u00e9t\u00e9 rompu par la majorit\u00e9 municipale sortante.<\/p>\n<p>Encourager l\u2019action des associations<\/p>\n<p class=\"ac-article-content__question wall-content\">Que comptez-vous faire pour la jeunesse ?<\/p>\n<p class=\" wall-content\"><strong class=\"color-primary\">AC : <\/strong>On veut mettre en place un plan pour qu\u2019aucun jeune Grenoblois ne soit exclu d&rsquo;une activit\u00e9 culturelle ou sportive, hors temps scolaire. Nous voulons nouer un contrat avec le tissu associatif et socioculturel pour cela. Et tout va passer par la Ville : elle finance \u00e0 proportion les clubs et finance ses postes pour qu&rsquo;ils puissent accueillir ces jeunes.<\/p>\n<p class=\"ac-article-content__question wall-content\">Donc, il faut donner plus de moyens aux associations ?<\/p>\n<p class=\" wall-content\"><strong class=\"color-primary\">AC : <\/strong>La municipalit\u00e9 actuelle a coup\u00e9 le budget des associations, elle a ferm\u00e9 et mutualis\u00e9 des \u00e9quipements. Nous allons redonner un souffle \u00e0 cette diversit\u00e9 associative qui est une richesse extraordinaire. Nous mettrons fin aux obligations id\u00e9ologiques impos\u00e9es aux acteurs culturels de la ville pour leur redonner de la libert\u00e9.<\/p>\n<p><img decoding=\"async\" src=\"https:\/\/www.europesays.com\/fr\/wp-content\/uploads\/2025\/10\/alain-carignon-640x427.jpeg\" alt=\"\" width=\"640\" height=\"427\" loading=\"lazy\"\/>Condamn\u00e9 et emprisonn\u00e9 dans les ann\u00e9es 1990<\/p>\n<p>Alain Carignon est aussi connu pour son pass\u00e9 judicaire : il a \u00e9t\u00e9 condamn\u00e9 et emprisonn\u00e9 en 1996 pour abus de biens sociaux, corruption et subordination de t\u00e9moins dans une affaire de financement de journaux. <br \/>Un CV que ses adversaires brandissent r\u00e9guli\u00e8rement, \u00e0 commencer par l&rsquo;\u00e9quipe d&rsquo;\u00c9ric Piolle. \u00ab\u00a0Les affaires sont derri\u00e8re moi maintenant, contrairement \u00e0 la majorit\u00e9 actuelle pour qui elles sont plut\u00f4t devant\u00a0\u00bb, r\u00e9plique Alain Carignon. Une r\u00e9f\u00e9rence, notamment \u00e0 l&rsquo;enqu\u00eate en cours sur une potentielle \u00ab\u00a0combine\u00a0\u00bb financi\u00e8re entre \u00c9ric Piolle et son ancienne adjointe LFI, \u00c9lisa Martin, aujourd&rsquo;hui d\u00e9put\u00e9e.<\/p>\n<p>Pr\u00e9parer la ville au r\u00e9chauffement climatique<\/p>\n<p class=\"ac-article-content__question wall-content\">Grenoble a \u00e9t\u00e9 capitale verte europ\u00e9enne en 2022, r\u00e9compensant ses avanc\u00e9es environnementales. Que comptez-vous faire face au changement climatique ?\n<\/p>\n<p class=\" wall-content\"><strong class=\"color-primary\">AC : <\/strong>Nous voulons que Grenoble se pr\u00e9pare au r\u00e9chauffement climatique avec l&rsquo;objectif de la neutralit\u00e9 carbone pour les ann\u00e9es 2050. L&rsquo;ann\u00e9e o\u00f9 Grenoble est devenue la capitale verte europ\u00e9enne, c&rsquo;est aussi l&rsquo;ann\u00e9e o\u00f9 elle est devenue la premi\u00e8re grande ville de France pour les \u00eelots de chaleur dus \u00e0 l&rsquo;urbanisation !\u00a0<\/p>\n<p>Il faut mettre en \u0153uvre un plan pour pr\u00e9parer la cuvette au r\u00e9chauffement climatique. \u00c7a passe par le changement du plan d&rsquo;urbanisme pour sanctuariser tous les espaces de nature qui demeurent.\u00a0<\/p>\n<p>    <img   decoding=\"async\" loading=\"lazy\" src=\"https:\/\/www.europesays.com\/fr\/wp-content\/uploads\/2025\/10\/place-victor-hugo-grenoble-960x640.jpeg\" alt=\"\u00c0 Grenoble, les 40\u00b0C pourrait \u00eatre ais\u00e9ment d\u00e9pass\u00e9 lors de cette canicule d\u00e8s mardi 12 ao\u00fbt.\" width=\"960\" height=\"640\"\/><br \/>\n    Pour pallier aux \u00eelots de chaleur cet \u00e9t\u00e9 2025, la Ville de Grenoble a relanc\u00e9 des \u00ab\u00a0lieux de fra\u00eecheur\u00a0\u00bb, dont plusieurs fontaines comme celle de la place Victor-Hugo. (\u00a9Illustration \/ Lisa Rodrigues \/ actu Grenoble)<\/p>\n<p class=\"ac-article-content__question wall-content\">Le mot d\u2019ordre serait donc \u201cmoins de b\u00e9ton, plus d&rsquo;arbres\u201d ?<\/p>\n<p class=\" wall-content\"><strong class=\"color-primary\">AC : <\/strong>Plus d&rsquo;arbres et d&rsquo;absorption, oui. Et relancer les transports en commun pour que ce mode de d\u00e9placement continue \u00e0 progresser.<\/p>\n<p>R\u00e9investir dans les transports en commun<\/p>\n<p class=\"ac-article-content__question wall-content\">Sur les transports en commun justement, il y a ce d\u00e9bat sur la gratuit\u00e9 port\u00e9 par \u00c9ric Piolle. Y \u00eates-vous favorable ?<\/p>\n<p class=\" wall-content\"><strong class=\"color-primary\">AC : <\/strong>Dans son programme de 2014, il y avait la gratuit\u00e9 pour les 18-25 ans. Aujourd&rsquo;hui, avec Laurence Ruffin, ils veulent faire le transport gratuit le week-end : ils ne le feront jamais.<br \/>La gratuit\u00e9 totale des transports en commun, c&rsquo;est 70 millions d&rsquo;\u20ac par an. Le pr\u00e9sident du SMAAG leur a r\u00e9pondu. Des r\u00e9seaux comme Montpellier &#8211; qui ont fait la gratuit\u00e9 &#8211; sont 10 fois plus petits que les n\u00f4tres et sont tr\u00e8s r\u00e9cents, ils n&rsquo;ont pas besoin d&rsquo;investissements. Nous, on a un r\u00e9seau tr\u00e8s d\u00e9velopp\u00e9 qui n\u00e9cessite \u00e9norm\u00e9ment d&rsquo;investissements.<br \/>Mais il faut bien s\u00fbr des tarifications solidaires pour permettre \u00e0 ceux qui ne peuvent pas d&#8217;emprunter les transports.<\/p>\n<p class=\"ac-article-content__question wall-content\">Quels seraient ces investissements ?\n<\/p>\n<p class=\" wall-content\"><strong class=\"color-primary\">AC : <\/strong>Il n&rsquo;y a pas eu un kilom\u00e8tre de tramway cr\u00e9\u00e9 depuis 12 ans. C&rsquo;est la premi\u00e8re fois ! On verra \u00e0 l&rsquo;\u00e9chelle de la M\u00e9tropole comment on peut relancer et d\u00e9velopper les transports en commun, dans une situation financi\u00e8re et syndicale des transports tr\u00e8s tendue.<\/p>\n<p>    <img   decoding=\"async\" loading=\"lazy\" src=\"https:\/\/www.europesays.com\/fr\/wp-content\/uploads\/2025\/10\/tram-grenoble-alsace-lorraine-jour-960x640.jpeg\" alt=\"Des perturbations sont \u00e0 pr\u00e9voir sur le r\u00e9seau de transports en commun de Grenoble pour la journ\u00e9e du jeudi 18 septembre.\" width=\"960\" height=\"640\"\/><br \/>\n    L\u2019\u00e9quipe d\u2019Alain Carignon souhaite encourager les investissements dans le r\u00e9seau de transports en commun grenoblois. (\u00a9Illustration \/ Lisa Rodrigues \/ actu Grenoble)La place du v\u00e9lo<\/p>\n<p class=\"ac-article-content__question wall-content\">Concernant les modes de d\u00e9placement doux, le v\u00e9lo a fait un bond \u00e9norme \u00e0 Grenoble\u2026\n<\/p>\n<p class=\" wall-content\"><strong class=\"color-primary\">AC : <\/strong>Le v\u00e9lo doit continuer \u00e0 \u00eatre favoris\u00e9. Mais \u00e0 l&rsquo;\u00e9chelle de Grenoble, c&rsquo;est 12 % des d\u00e9placements. Ce n&rsquo;est pas n\u00e9gligeable, mais ce n&rsquo;est pas consid\u00e9rable. Le premier mode de d\u00e9placement \u00e9cologique, c&rsquo;est la marche \u00e0 pied : 40 % des d\u00e9placements environ. On peut faire beaucoup mieux si on a une signal\u00e9tique correcte, des trottoirs praticables et r\u00e9par\u00e9s. Et si on a plus de s\u00e9curit\u00e9 et de propret\u00e9 !<\/p>\n<p class=\"ac-article-content__question wall-content\">Sur les 12 derni\u00e8res ann\u00e9es il y a eu des politiques de pi\u00e9tonnisation du centre-ville. Est-ce que \u00e7a doit continuer ?\n<\/p>\n<p class=\" wall-content\"><strong class=\"color-primary\">AC : <\/strong>Elle a \u00e9t\u00e9 mal faite et ce n\u2019est pas une vraie pi\u00e9tonnisation, parce que ce n&rsquo;est pas r\u00e9serv\u00e9 qu&rsquo;aux pi\u00e9tons. Il y a un m\u00e9lange des modes de d\u00e9placement qui fait que c&rsquo;est tr\u00e8s inconfortable pour les pi\u00e9tons. Cette cohabitation n&rsquo;existe pas, parce qu&rsquo;il y a pas assez de policiers pour la faire respecter.<\/p>\n<p>\u00ab\u00a0Une \u00e9cologie punitive et une politique b\u00eate\u00a0\u00bb<\/p>\n<p class=\"ac-article-content__question wall-content\">Concernant la voiture, est-elle encore la bienvenue \u00e0 Grenoble ?\u00a0<\/p>\n<p class=\" wall-content\"><strong class=\"color-primary\">AC : <\/strong>La question n&rsquo;est pas l\u00e0 : 50 % des Grenoblois n&rsquo;ont pas de voiture. La question, c&rsquo;est qu&rsquo;on est le centre d&rsquo;une m\u00e9tropole de 500 000 habitants. Une partie de l&rsquo;acc\u00e8s se fait par la voiture, avant d&rsquo;\u00eatre cycliste ou pi\u00e9ton, ou de prendre les transports en commun.\u00a0<br \/>Mais cette municipalit\u00e9 a supprim\u00e9 des parkings relais, comme \u00e0 l&rsquo;Esplanade. Il manque d&rsquo;apr\u00e8s le SMMAG 1 500 places de parking pour mettre en place la ZFE. Et nous, on en supprime 800 ! C&rsquo;est une \u00e9cologie punitive et une politique b\u00eate qui produit les effets contraires des objectifs qu&rsquo;elle dit s&rsquo;\u00eatre fix\u00e9e. Nous devons y mettre fin.<\/p>\n<p class=\"ac-article-content__question wall-content\">Cette probl\u00e9matique de stationnement et d&rsquo;accessibilit\u00e9 est soulev\u00e9e par des commer\u00e7ants du centre-ville. Que ferez-vous pour les aider ?\n<\/p>\n<p class=\" wall-content\"><strong class=\"color-primary\">AC : <\/strong>On peut avoir des zones mixtes ou de rencontres. On est train d&rsquo;\u00e9tudier \u00e7a tr\u00e8s finement. C&rsquo;est important pour le commerce, pour la convivialit\u00e9 et la s\u00e9curit\u00e9.<br \/>Il y a les habitants qui font fonctionner les commerces, mais \u00e7a ne suffit pas, il faut aussi du passage, sans cr\u00e9er des autoroutes dans la ville.<\/p>\n<p class=\" wall-content\">Personnalisez votre actualit\u00e9 en ajoutant vos villes et m\u00e9dias en favori avec <a href=\"https:\/\/moncompte.actu.fr\" title=\"D\u00e9couvez Mon Actu\" rel=\"nofollow noopener\" data-trk=\"{&quot;cta&quot;:{&quot;action&quot;:&quot;https:\\\/\\\/moncompte.actu.fr&quot;,&quot;category&quot;:&quot;mon compte&quot;,&quot;from&quot;:&quot;article footer&quot;,&quot;name&quot;:&quot;Mon actu&quot;,&quot;type&quot;:&quot;cta&quot;}}\" target=\"_blank\">Mon Actu<\/a>.<\/p>\n","protected":false},"excerpt":{"rendered":"Par Lisa Rodrigues Publi\u00e9 le 23 oct. 2025 \u00e0 15h01 EXCLUSIF. Il a \u00e9t\u00e9 la deuxi\u00e8me personnalit\u00e9 politique&hellip;\n","protected":false},"author":2,"featured_media":484485,"comment_status":"","ping_status":"","sticky":false,"template":"","format":"standard","meta":{"footnotes":""},"categories":[9566],"tags":[1111,11,9601,2430,4188,1777,674,1011,27,2731,3434,12,316,25],"class_list":{"0":"post-484484","1":"post","2":"type-post","3":"status-publish","4":"format-standard","5":"has-post-thumbnail","7":"category-grenoble","8":"tag-actu","9":"tag-actualites","10":"tag-alain-carignon","11":"tag-auvergne-rhone-alpes","12":"tag-elections-municipales","13":"tag-eu","14":"tag-europe","15":"tag-fr","16":"tag-france","17":"tag-grenoble","18":"tag-municipales-2026","19":"tag-news","20":"tag-politique","21":"tag-republique-francaise"},"share_on_mastodon":{"url":"https:\/\/pubeurope.com\/@fr\/115423815719003343","error":""},"_links":{"self":[{"href":"https:\/\/www.europesays.com\/fr\/wp-json\/wp\/v2\/posts\/484484","targetHints":{"allow":["GET"]}}],"collection":[{"href":"https:\/\/www.europesays.com\/fr\/wp-json\/wp\/v2\/posts"}],"about":[{"href":"https:\/\/www.europesays.com\/fr\/wp-json\/wp\/v2\/types\/post"}],"author":[{"embeddable":true,"href":"https:\/\/www.europesays.com\/fr\/wp-json\/wp\/v2\/users\/2"}],"replies":[{"embeddable":true,"href":"https:\/\/www.europesays.com\/fr\/wp-json\/wp\/v2\/comments?post=484484"}],"version-history":[{"count":0,"href":"https:\/\/www.europesays.com\/fr\/wp-json\/wp\/v2\/posts\/484484\/revisions"}],"wp:featuredmedia":[{"embeddable":true,"href":"https:\/\/www.europesays.com\/fr\/wp-json\/wp\/v2\/media\/484485"}],"wp:attachment":[{"href":"https:\/\/www.europesays.com\/fr\/wp-json\/wp\/v2\/media?parent=484484"}],"wp:term":[{"taxonomy":"category","embeddable":true,"href":"https:\/\/www.europesays.com\/fr\/wp-json\/wp\/v2\/categories?post=484484"},{"taxonomy":"post_tag","embeddable":true,"href":"https:\/\/www.europesays.com\/fr\/wp-json\/wp\/v2\/tags?post=484484"}],"curies":[{"name":"wp","href":"https:\/\/api.w.org\/{rel}","templated":true}]}}