{"id":484488,"date":"2025-10-23T13:54:20","date_gmt":"2025-10-23T13:54:20","guid":{"rendered":"https:\/\/www.europesays.com\/fr\/484488\/"},"modified":"2025-10-23T13:54:20","modified_gmt":"2025-10-23T13:54:20","slug":"tempete-benjamin-voici-les-lieux-interdits-au-public-a-rennes-ce-jeudi-23-octobre","status":"publish","type":"post","link":"https:\/\/www.europesays.com\/fr\/484488\/","title":{"rendered":"Temp\u00eate Benjamin\u00a0: voici les lieux interdits au public \u00e0 Rennes ce jeudi 23\u00a0octobre"},"content":{"rendered":"<p>Le vent souffle fort depuis mercredi 22 octobre en Ille-et-Vilaine. Ce jeudi, alors que M\u00e9t\u00e9o-France a plac\u00e9 le d\u00e9partement en vigilance jaune vents violents, des rafales de 80 \u00e0 90 km\/h sont attendues jusqu\u2019en d\u00e9but de soir\u00e9e.<\/p>\n<p>Des conditions m\u00e9t\u00e9orologiques qui ont pouss\u00e9 la Ville de Rennes \u00e0 fermer certains lieux publics pour la journ\u00e9e de ce jeudi 23 octobre 2025. \u00ab En raison de ces conditions m\u00e9t\u00e9orologiques d\u00e9favorables et des risques possibles de chutes de branches, la Ville de Rennes a d\u00e9cid\u00e9 de fermer les parcs du Thabor, Saint-Georges, Oberth\u00fcr ainsi que les cimeti\u00e8res \u00bb, indique la Ville dans un communiqu\u00e9.<\/p>\n<p>Concernant les autres parcs de Rennes qui ne peuvent \u00eatre ferm\u00e9s, la Ville \u00ab recommande de ne pas les fr\u00e9quenter \u00bb.<\/p>\n","protected":false},"excerpt":{"rendered":"Le vent souffle fort depuis mercredi 22 octobre en Ille-et-Vilaine. Ce jeudi, alors que M\u00e9t\u00e9o-France a plac\u00e9 le&hellip;\n","protected":false},"author":2,"featured_media":484489,"comment_status":"","ping_status":"","sticky":false,"template":"","format":"standard","meta":{"footnotes":""},"categories":[2821],"tags":[1111,11,829,4732,1777,674,1011,27,848,12,584,25,7747],"class_list":{"0":"post-484488","1":"post","2":"type-post","3":"status-publish","4":"format-standard","5":"has-post-thumbnail","7":"category-rennes","8":"tag-actu","9":"tag-actualites","10":"tag-bretagne","11":"tag-catastrophe-naturelle","12":"tag-eu","13":"tag-europe","14":"tag-fr","15":"tag-france","16":"tag-ille-et-vilaine","17":"tag-news","18":"tag-rennes","19":"tag-republique-francaise","20":"tag-tempete"},"share_on_mastodon":{"url":"https:\/\/pubeurope.com\/@fr\/115423822815446721","error":""},"_links":{"self":[{"href":"https:\/\/www.europesays.com\/fr\/wp-json\/wp\/v2\/posts\/484488","targetHints":{"allow":["GET"]}}],"collection":[{"href":"https:\/\/www.europesays.com\/fr\/wp-json\/wp\/v2\/posts"}],"about":[{"href":"https:\/\/www.europesays.com\/fr\/wp-json\/wp\/v2\/types\/post"}],"author":[{"embeddable":true,"href":"https:\/\/www.europesays.com\/fr\/wp-json\/wp\/v2\/users\/2"}],"replies":[{"embeddable":true,"href":"https:\/\/www.europesays.com\/fr\/wp-json\/wp\/v2\/comments?post=484488"}],"version-history":[{"count":0,"href":"https:\/\/www.europesays.com\/fr\/wp-json\/wp\/v2\/posts\/484488\/revisions"}],"wp:featuredmedia":[{"embeddable":true,"href":"https:\/\/www.europesays.com\/fr\/wp-json\/wp\/v2\/media\/484489"}],"wp:attachment":[{"href":"https:\/\/www.europesays.com\/fr\/wp-json\/wp\/v2\/media?parent=484488"}],"wp:term":[{"taxonomy":"category","embeddable":true,"href":"https:\/\/www.europesays.com\/fr\/wp-json\/wp\/v2\/categories?post=484488"},{"taxonomy":"post_tag","embeddable":true,"href":"https:\/\/www.europesays.com\/fr\/wp-json\/wp\/v2\/tags?post=484488"}],"curies":[{"name":"wp","href":"https:\/\/api.w.org\/{rel}","templated":true}]}}