{"id":484494,"date":"2025-10-23T13:57:22","date_gmt":"2025-10-23T13:57:22","guid":{"rendered":"https:\/\/www.europesays.com\/fr\/484494\/"},"modified":"2025-10-23T13:57:22","modified_gmt":"2025-10-23T13:57:22","slug":"fonseca-assure-que-hateboer-est-pret-pour-ol","status":"publish","type":"post","link":"https:\/\/www.europesays.com\/fr\/484494\/","title":{"rendered":"Fonseca assure que Hateboer \u00ab\u00a0est pr\u00eat\u00a0\u00bb pour OL"},"content":{"rendered":"<p>                            <img width=\"770\" height=\"433\" src=\"https:\/\/www.europesays.com\/fr\/wp-content\/uploads\/2025\/10\/G3tv75iXMAAqRzJ-e1761206276671-770x433.jpeg\" class=\"attachment-article size-article wp-post-image\" alt=\"Hans Hateboer, d\u00e9fenseur de l'OL\" decoding=\"async\" fetchpriority=\"high\"  \/><\/p>\n<p>Hans Hateboer, d\u00e9fenseur de l\u2019OL (@OL)<\/p>\n<p>Absent ce jeudi pour OL &#8211; FC B\u00e2le puisque pas qualifi\u00e9, Hans Hateboer pourrait faire ses d\u00e9buts lyonnais dimanche contre Strasbourg. Paulo Fonseca assure que son d\u00e9fenseur est pr\u00eat, malgr\u00e9 un manque de rythme.<\/p>\n<p>Comme Rachid <strong>Ghezzal<\/strong>, il va devoir prendre son mal en patience. Comme l&rsquo;Alg\u00e9rien, Hans <strong>Hateboer<\/strong> va devoir se limiter \u00e0 la Ligue 1 puis \u00e0 la Coupe de France pour gratter des minutes avec l&rsquo;OL en cette fin d&rsquo;ann\u00e9e 2025 et sur le premier mois 2026. R\u00e9cemment arriv\u00e9 dans la capitale des Gaules, le d\u00e9fenseur <a href=\"https:\/\/www.olympique-et-lyonnais.com\/ol-comme-hateboer-ghezzal-ne-pourra-plus-jouer-en-ligue-europa,383161.html\" target=\"_blank\" rel=\"noopener\">n&rsquo;est pas qualifi\u00e9<\/a> pour la Ligue Europa et devra attendre la deuxi\u00e8me phase pour \u00eatre inscrit dans la liste. La Ligue 1 sera avant tout le terrain o\u00f9 il va pouvoir d\u00e9panner, lui qui a comme qualit\u00e9 d&rsquo;\u00eatre polyvalent. \u00ab\u00a0C\u2019est un joueur que j\u2019aime beaucoup, exp\u00e9riment\u00e9, et capable de jouer \u00e0 plusieurs postes,\u00a0a d\u00e9taill\u00e9 Paulo <strong>Fonseca<\/strong>\u00a0mercredi.\u00a0C\u2019est d\u2019ailleurs l\u2019une des raisons de sa venue. Il apporte aussi offensivement et joue avec beaucoup d\u2019intensit\u00e9 dans son couloir.\u00a0\u00bb<\/p>\n<p>21 minutes avec Rennes depuis avril dernier<\/p>\n<p>S&rsquo;il insiste sur les qualit\u00e9s de lat\u00e9ral de l&rsquo;ancien de l&rsquo;<strong>Atalanta Bergame<\/strong>, Hans Hateboer peut \u00e9galement d\u00e9panner dans l&rsquo;axe de la d\u00e9fense, notamment dans un syst\u00e8me \u00e0 trois. Ce n&rsquo;est pas forc\u00e9ment ce qui est utilis\u00e9 \u00e0 l&rsquo;OL sous <strong>Fonseca<\/strong>. Mais cela pourrait permettre d&rsquo;ajuster en cours de match, avec un lat\u00e9ral gauche plus haut. Quoi qu&rsquo;il en soit, Hateboer se tient \u00e0 la disposition du Portugais. Ce dernier assure que le N\u00e9erlandais\u00a0\u00ab\u00a0est pr\u00eat pour dimanche\u00a0\u00bb\u00a0et la venue de <strong>Strasbourg<\/strong>. De l\u00e0 \u00e0 l&rsquo;imaginer titulaire ? Depuis avril dernier, le champion d&rsquo;Europe 2024 n&rsquo;a disput\u00e9 qu&rsquo;une vingtaine de minutes avec <strong>Rennes<\/strong>.<\/p>\n<p>\t\t\t\t\t<a href=\"https:\/\/www.olympique-et-lyonnais.com\/ol-medias-tant-quil-y-aura-des-gones-disponible-sur-freetv,383229.html\" title=\"OL - M\u00e9dias : &quot;Tant qu\u2019il y aura des Gones&quot; disponible sur Free TV\" target=\"_blank\" rel=\"noopener\"><img loading=\"lazy\" width=\"580\" height=\"326\" src=\"https:\/\/www.europesays.com\/fr\/wp-content\/uploads\/2025\/10\/Capture-decran-2025-10-21-093910-580x326.jpg\" class=\"attachment-actularge size-actularge wp-post-image\" alt=\"\" decoding=\"async\"  \/>\t\t\t\t\t<\/a><\/p>\n","protected":false},"excerpt":{"rendered":"Hans Hateboer, d\u00e9fenseur de l\u2019OL (@OL) Absent ce jeudi pour OL &#8211; FC B\u00e2le puisque pas qualifi\u00e9, Hans&hellip;\n","protected":false},"author":2,"featured_media":484495,"comment_status":"","ping_status":"","sticky":false,"template":"","format":"standard","meta":{"footnotes":""},"categories":[2820],"tags":[1111,11,1777,674,1011,27,775,66,12,241,978,25,640],"class_list":{"0":"post-484494","1":"post","2":"type-post","3":"status-publish","4":"format-standard","5":"has-post-thumbnail","7":"category-strasbourg","8":"tag-actu","9":"tag-actualites","10":"tag-eu","11":"tag-europe","12":"tag-fr","13":"tag-france","14":"tag-grand-est","15":"tag-ligue-1","16":"tag-news","17":"tag-ol","18":"tag-olympique-lyonnais","19":"tag-republique-francaise","20":"tag-strasbourg"},"share_on_mastodon":{"url":"https:\/\/pubeurope.com\/@fr\/115423835190245209","error":""},"_links":{"self":[{"href":"https:\/\/www.europesays.com\/fr\/wp-json\/wp\/v2\/posts\/484494","targetHints":{"allow":["GET"]}}],"collection":[{"href":"https:\/\/www.europesays.com\/fr\/wp-json\/wp\/v2\/posts"}],"about":[{"href":"https:\/\/www.europesays.com\/fr\/wp-json\/wp\/v2\/types\/post"}],"author":[{"embeddable":true,"href":"https:\/\/www.europesays.com\/fr\/wp-json\/wp\/v2\/users\/2"}],"replies":[{"embeddable":true,"href":"https:\/\/www.europesays.com\/fr\/wp-json\/wp\/v2\/comments?post=484494"}],"version-history":[{"count":0,"href":"https:\/\/www.europesays.com\/fr\/wp-json\/wp\/v2\/posts\/484494\/revisions"}],"wp:featuredmedia":[{"embeddable":true,"href":"https:\/\/www.europesays.com\/fr\/wp-json\/wp\/v2\/media\/484495"}],"wp:attachment":[{"href":"https:\/\/www.europesays.com\/fr\/wp-json\/wp\/v2\/media?parent=484494"}],"wp:term":[{"taxonomy":"category","embeddable":true,"href":"https:\/\/www.europesays.com\/fr\/wp-json\/wp\/v2\/categories?post=484494"},{"taxonomy":"post_tag","embeddable":true,"href":"https:\/\/www.europesays.com\/fr\/wp-json\/wp\/v2\/tags?post=484494"}],"curies":[{"name":"wp","href":"https:\/\/api.w.org\/{rel}","templated":true}]}}