{"id":484500,"date":"2025-10-23T14:00:19","date_gmt":"2025-10-23T14:00:19","guid":{"rendered":"https:\/\/www.europesays.com\/fr\/484500\/"},"modified":"2025-10-23T14:00:19","modified_gmt":"2025-10-23T14:00:19","slug":"la-prefecture-interdit-un-spectacle-de-dieudonne-pres-de-nantes","status":"publish","type":"post","link":"https:\/\/www.europesays.com\/fr\/484500\/","title":{"rendered":"la Pr\u00e9fecture interdit un spectacle de Dieudonn\u00e9 pr\u00e8s de Nantes"},"content":{"rendered":"<p>Publi\u00e9 par Soizick David, le 23 Octobre 2025 \u00e0 15:03<\/p>\n<p itemprop=\"description\" class=\"chapo\">Le spectacle est annonc\u00e9 se tenir dans de d\u00e9partement ce vendredi 24 octobre 2025.<\/p>\n<p><img decoding=\"async\" src=\"https:\/\/www.europesays.com\/fr\/wp-content\/uploads\/2025\/10\/2025-10-23-loire-atlantique-la-prefecture-interdit-un-spectacle-de-dieudonne-pres-de-nantes.jpg\" class=\"img-fluid rounded-3\" alt=\"Loire-Atlantique : la Pr\u00e9fecture interdit un spectacle de Dieudonn\u00e9 pr\u00e8s de Nantes\"\/><br \/>\nLe spectacle de Dieudonn\u00e9 est annonc\u00e9 dans un rayon de 30km autour de Nantes \u00a9 Wikimedia<\/p>\n<p>En mars 2024, un <a href=\"https:\/\/www.saintnazairenews.fr\/news\/saint-nazaire-un-spectacle-de-dieudonne-au-lieu-tenu-secret-est-interdit-par-la-prefecture\" target=\"_blank\" rel=\"noopener\">spectacle de Dieudonn\u00e9 au lieu tenu secret<\/a>, dans la r\u00e9gion de saint-Nazaire, avait \u00e9t\u00e9 interdit par la Pr\u00e9fecture. L&rsquo;arr\u00eat\u00e9 avait ensuite \u00e9t\u00e9 suspendu, et le spectacle avait pu se tenir \u00e0 Saint-Br\u00e9vin. Ce jeudi 23 octobre 2025, la Pr\u00e9fecture a de nouveau interdit le spectacle de l&rsquo;humoriste controvers\u00e9 intitul\u00e9 \u00ab Istanbul \u00bb, et <strong>pr\u00e9vu le vendredi 24 octobre 2025 dans le d\u00e9partement de Loire-Atlantique<\/strong>.<\/p>\n<p>Arr\u00eat\u00e9 pr\u00e9fectoral d&rsquo;interdiction<\/p>\n<p>L&rsquo;annonce a \u00e9t\u00e9 faite sur le site internet de Dieudonn\u00e9. Une repr\u00e9sentation intitul\u00e9e \u00ab Istanbul \u00bb est pr\u00e9vue le vendredi 24 octobre 2025 <strong>dans un rayon de 30 km autour de Nantes<\/strong>, dans un lieu ind\u00e9termin\u00e9, et qui sera d\u00e9voil\u00e9 uniquement quelques heures avant le d\u00e9but du spectacle aux personnes ayant achet\u00e9 un billet. \u00ab M. Dieudonn\u00e9 M\u2019Bala M\u2019Bala ayant \u00e9t\u00e9 plusieurs fois condamn\u00e9 pour avoir tenu des propos \u00e0 caract\u00e8re antis\u00e9mite et incitant \u00e0 la haine raciale, m\u00e9connaissant la dignit\u00e9 de la personne humaine, et en raison des cons\u00e9quences de ces propos sur l\u2019ordre public, Fabrice Rigoulet-Roze, pr\u00e9fet de la R\u00e9gion des Pays de la Loire, pr\u00e9fet de la Loire-Atlantique a d\u00e9cid\u00e9, par arr\u00eat\u00e9 pr\u00e9fectoral du 22 octobre 2025, d\u2019interdire la repr\u00e9sentation dudit spectacle dans le d\u00e9partement de la Loire-Atlantique \u00bb annoncent les services de l&rsquo;\u00e9tat dans un communiqu\u00e9 de presse, en ajoutant qu&rsquo;elles prendront \u00ab toutes les dispositions n\u00e9cessaires pour la bonne ex\u00e9cution de cet arr\u00eat\u00e9 \u00bb.<\/p>\n<p><a href=\"https:\/\/www.saintnazairenews.fr\/publicite\" class=\"black\" style=\"text-decoration: none;\" target=\"_blank\" rel=\"noopener\">PUBLICIT\u00c9 LOCALE<\/a><br \/>\n<a href=\"https:\/\/trignac.aushopping.com\/actualites\/halloween-en-version-mexicaine\/?utm_source=SNNews&amp;utm_medium=BannerNews&amp;utm_campaign=HalloweenTrignac\" target=\"_blank\" rel=\"noopener\"><br \/>\n<img decoding=\"async\" src=\"https:\/\/www.europesays.com\/fr\/wp-content\/uploads\/2025\/10\/2025-10-aushopping-halloween-800-200.gif\" class=\"img-fluid d-none d-sm-block mx-auto rounded-3 bd mb-5 zoom\"\/><br \/>\n<img decoding=\"async\" src=\"https:\/\/www.europesays.com\/fr\/wp-content\/uploads\/2025\/10\/2025-10-aushopping-halloween-400-200.gif\" class=\"img-fluid d-block d-sm-none mx-auto rounded-3 bd mb-5 zoom\"\/><br \/>\n<\/a><\/p>\n","protected":false},"excerpt":{"rendered":"Publi\u00e9 par Soizick David, le 23 Octobre 2025 \u00e0 15:03 Le spectacle est annonc\u00e9 se tenir dans de&hellip;\n","protected":false},"author":2,"featured_media":484501,"comment_status":"","ping_status":"","sticky":false,"template":"","format":"standard","meta":{"footnotes":""},"categories":[2818],"tags":[1111,11,3723,1777,674,1011,27,1114,766,13694,12,2636,25,3213],"class_list":{"0":"post-484500","1":"post","2":"type-post","3":"status-publish","4":"format-standard","5":"has-post-thumbnail","7":"category-nantes","8":"tag-actu","9":"tag-actualites","10":"tag-actus","11":"tag-eu","12":"tag-europe","13":"tag-fr","14":"tag-france","15":"tag-infos","16":"tag-nantes","17":"tag-nazaire","18":"tag-news","19":"tag-pays-de-la-loire","20":"tag-republique-francaise","21":"tag-saint"},"share_on_mastodon":{"url":"https:\/\/pubeurope.com\/@fr\/115423846765938734","error":""},"_links":{"self":[{"href":"https:\/\/www.europesays.com\/fr\/wp-json\/wp\/v2\/posts\/484500","targetHints":{"allow":["GET"]}}],"collection":[{"href":"https:\/\/www.europesays.com\/fr\/wp-json\/wp\/v2\/posts"}],"about":[{"href":"https:\/\/www.europesays.com\/fr\/wp-json\/wp\/v2\/types\/post"}],"author":[{"embeddable":true,"href":"https:\/\/www.europesays.com\/fr\/wp-json\/wp\/v2\/users\/2"}],"replies":[{"embeddable":true,"href":"https:\/\/www.europesays.com\/fr\/wp-json\/wp\/v2\/comments?post=484500"}],"version-history":[{"count":0,"href":"https:\/\/www.europesays.com\/fr\/wp-json\/wp\/v2\/posts\/484500\/revisions"}],"wp:featuredmedia":[{"embeddable":true,"href":"https:\/\/www.europesays.com\/fr\/wp-json\/wp\/v2\/media\/484501"}],"wp:attachment":[{"href":"https:\/\/www.europesays.com\/fr\/wp-json\/wp\/v2\/media?parent=484500"}],"wp:term":[{"taxonomy":"category","embeddable":true,"href":"https:\/\/www.europesays.com\/fr\/wp-json\/wp\/v2\/categories?post=484500"},{"taxonomy":"post_tag","embeddable":true,"href":"https:\/\/www.europesays.com\/fr\/wp-json\/wp\/v2\/tags?post=484500"}],"curies":[{"name":"wp","href":"https:\/\/api.w.org\/{rel}","templated":true}]}}