{"id":484504,"date":"2025-10-23T14:02:11","date_gmt":"2025-10-23T14:02:11","guid":{"rendered":"https:\/\/www.europesays.com\/fr\/484504\/"},"modified":"2025-10-23T14:02:11","modified_gmt":"2025-10-23T14:02:11","slug":"malgre-un-stratageme-dieudonne-nechappe-pas-a-linterdiction-de-son-spectacle-en-gironde","status":"publish","type":"post","link":"https:\/\/www.europesays.com\/fr\/484504\/","title":{"rendered":"Malgr\u00e9 un stratag\u00e8me, Dieudonn\u00e9 n&rsquo;\u00e9chappe pas \u00e0 l&rsquo;interdiction de son spectacle en Gironde"},"content":{"rendered":"<p>            Par<br \/>\n        <strong><br \/>\n            <a href=\"https:\/\/actu.fr\/auteur\/julian-doubax\" title=\"Consulter tous les articles de Julian Doubax\" rel=\"nofollow noopener\" target=\"_blank\">Julian Doubax<\/a><br \/>\n        <\/strong><\/p>\n<p>        Publi\u00e9 le<\/p>\n<p>            23 oct. 2025 \u00e0 15h31        <\/p>\n<p>L\u2019humoriste <a href=\"https:\/\/actu.fr\/occitanie\/toulouse_31555\/il-visait-un-lieu-deliberement-tenu-secret-pres-de-toulouse-dieudonne-interdit-de-spectacle_62856254.html\" rel=\"nofollow noopener\" target=\"_blank\">Dieudonn\u00e9<\/a>, fortement controvers\u00e9, avait pr\u00e9vu de donner un spectacle dans un rayon de 20 kilom\u00e8tres autour de <a href=\"https:\/\/actu.fr\/bordeaux\/\" rel=\"nofollow noopener\" target=\"_blank\">Bordeaux<\/a> le samedi 25\u00a0octobre 2025.<\/p>\n<p class=\" wall-content\">Une repr\u00e9sentation qui ne devrait pas se tenir. Ce jeudi 23\u00a0octobre, le pr\u00e9fet de Gironde a pris un arr\u00eat\u00e9 <strong>visant \u00e0 interdire ce spectacle.<\/strong> Le repr\u00e9sentant de l\u2019\u00c9tat justifie cette d\u00e9cision par les risques de trouble \u00e0 l\u2019ordre public que pourrait causer ce spectacle intitul\u00e9 \u00ab\u2009Best of\u2009\u00bb.<\/p>\n<p class=\" wall-content\">L\u2019arr\u00eat\u00e9 \u00e9voque \u00e9galement les multiples <strong>condamnations<\/strong> du com\u00e9dien et ses diverses d\u00e9rives. \u00abl\u2019Un des derniers spectacles de Monsieur Dieudonn\u00e9 M\u2019Bala M\u2019Bala, intitul\u00e9 initialement Vendredi\u00a013, contient de mani\u00e8re r\u00e9currente de nombreux propos outrageants, haineux, conspirationnistes, homophobes, transphobes et antis\u00e9mites [\u2026] Monsieur M\u2019Bala M\u2019Bala a fait l\u2019objet de plusieurs condamnations p\u00e9nales, dont certaines d\u00e9finitives pour des propos \u00e0 caract\u00e8re antis\u00e9mite, qui incitent \u00e0 la haine raciale.\u2009\u00bb<\/p>\n<p>Un lieu tenu secret<\/p>\n<p class=\" wall-content\">Seule la date de l\u2019\u00e9v\u00e8nement avait \u00e9t\u00e9 <strong>annonc\u00e9e<\/strong>. Sur son site internet, Dieudonn\u00e9 n\u2019avait pas donn\u00e9 d\u2019adresse exacte pour la tenue du spectacle. \u00ab\u2009Un sms +\u00a0mail vous sera envoy\u00e9 le jour m\u00eame avec l\u2019adresse du spectacle\u2009\u00bb, peut-on lire au moment de r\u00e9server une place sur la billetterie.<\/p>\n<p class=\" wall-content\">Une fa\u00e7on r\u00e9currente pour <strong>\u00e9viter les restrictions<\/strong> et le d\u00e9ploiement de forces de l\u2019ordre pr\u00e8s des salles susceptibles d\u2019accueillir cette repr\u00e9sentation. Sur le site, les organisateurs indiquent \u00ab\u00a0qu\u2019en cas d\u2019arr\u00eat\u00e9 pr\u00e9fectoral interdisant l\u2019ensemble des repr\u00e9sentations de l\u2019artiste-interpr\u00e8te Dieudonn\u00e9 Mbala Mbala, un spectacle de substitution intitul\u00e9 \u201cN\u00e8g Doubout\u201d, interpr\u00e9t\u00e9 par l\u2019artiste antillais Sidaty et mis en sc\u00e8ne par Monsieur Dieudonn\u00e9 Mbala Mbala, sera propos\u00e9 au public\u00a0\u00bb.<\/p>\n<p class=\" wall-content\">En juillet dernier, l\u2019humoriste avait \u00e9galement vu son spectacle \u00e0 Dunkerque \u00eatre annul\u00e9 par la pr\u00e9fecture du Pas-de-Calais. Dieudonn\u00e9 avait alors <strong>reprogramm\u00e9<\/strong> au dernier moment le show dans une autre commune du d\u00e9partement. Les gendarmes \u00e9taient venus interrompre le spectacle.<\/p>\n<p class=\" wall-content\">Personnalisez votre actualit\u00e9 en ajoutant vos villes et m\u00e9dias en favori avec <a href=\"https:\/\/moncompte.actu.fr\" title=\"D\u00e9couvez Mon Actu\" rel=\"nofollow noopener\" data-trk=\"{&quot;cta&quot;:{&quot;action&quot;:&quot;https:\\\/\\\/moncompte.actu.fr&quot;,&quot;category&quot;:&quot;mon compte&quot;,&quot;from&quot;:&quot;article footer&quot;,&quot;name&quot;:&quot;Mon actu&quot;,&quot;type&quot;:&quot;cta&quot;}}\" target=\"_blank\">Mon Actu<\/a>.<\/p>\n","protected":false},"excerpt":{"rendered":"Par Julian Doubax Publi\u00e9 le 23 oct. 2025 \u00e0 15h31 L\u2019humoriste Dieudonn\u00e9, fortement controvers\u00e9, avait pr\u00e9vu de donner&hellip;\n","protected":false},"author":2,"featured_media":484505,"comment_status":"","ping_status":"","sticky":false,"template":"","format":"standard","meta":{"footnotes":""},"categories":[2817],"tags":[1111,11,1997,1777,674,1011,27,12,2219,25,104,853],"class_list":{"0":"post-484504","1":"post","2":"type-post","3":"status-publish","4":"format-standard","5":"has-post-thumbnail","7":"category-bordeaux","8":"tag-actu","9":"tag-actualites","10":"tag-bordeaux","11":"tag-eu","12":"tag-europe","13":"tag-fr","14":"tag-france","15":"tag-news","16":"tag-nouvelle-aquitaine","17":"tag-republique-francaise","18":"tag-societe","19":"tag-spectacles"},"share_on_mastodon":{"url":"https:\/\/pubeurope.com\/@fr\/115423854229557204","error":""},"_links":{"self":[{"href":"https:\/\/www.europesays.com\/fr\/wp-json\/wp\/v2\/posts\/484504","targetHints":{"allow":["GET"]}}],"collection":[{"href":"https:\/\/www.europesays.com\/fr\/wp-json\/wp\/v2\/posts"}],"about":[{"href":"https:\/\/www.europesays.com\/fr\/wp-json\/wp\/v2\/types\/post"}],"author":[{"embeddable":true,"href":"https:\/\/www.europesays.com\/fr\/wp-json\/wp\/v2\/users\/2"}],"replies":[{"embeddable":true,"href":"https:\/\/www.europesays.com\/fr\/wp-json\/wp\/v2\/comments?post=484504"}],"version-history":[{"count":0,"href":"https:\/\/www.europesays.com\/fr\/wp-json\/wp\/v2\/posts\/484504\/revisions"}],"wp:featuredmedia":[{"embeddable":true,"href":"https:\/\/www.europesays.com\/fr\/wp-json\/wp\/v2\/media\/484505"}],"wp:attachment":[{"href":"https:\/\/www.europesays.com\/fr\/wp-json\/wp\/v2\/media?parent=484504"}],"wp:term":[{"taxonomy":"category","embeddable":true,"href":"https:\/\/www.europesays.com\/fr\/wp-json\/wp\/v2\/categories?post=484504"},{"taxonomy":"post_tag","embeddable":true,"href":"https:\/\/www.europesays.com\/fr\/wp-json\/wp\/v2\/tags?post=484504"}],"curies":[{"name":"wp","href":"https:\/\/api.w.org\/{rel}","templated":true}]}}