{"id":484506,"date":"2025-10-23T14:03:11","date_gmt":"2025-10-23T14:03:11","guid":{"rendered":"https:\/\/www.europesays.com\/fr\/484506\/"},"modified":"2025-10-23T14:03:11","modified_gmt":"2025-10-23T14:03:11","slug":"a-bordeaux-pierre-de-gaetan-njikam-rejoint-thomas-cazenave-pour-les-municipales","status":"publish","type":"post","link":"https:\/\/www.europesays.com\/fr\/484506\/","title":{"rendered":"\u00e0 Bordeaux, Pierre De Ga\u00e9tan Njikam rejoint Thomas Cazenave pour les municipales"},"content":{"rendered":"<p>            <a href=\"https:\/\/www.lefigaro.fr\/bordeaux\/a-deux-pas-de-saint-emilion-un-couple-sauve-un-vignoble-en-fabriquant-de-la-sauce-soja-20251018\" class=\"fig-ranking-profile-link\" data-fig-domain=\"LEFIGARO\" target=\"_blank\" rel=\"noopener\"><\/p>\n<p>        \u00c0 deux pas de Saint-\u00c9milion, un couple sauve un vignoble en fabriquant de la sauce soja<\/p>\n<p>                                                <\/a><\/p>\n<p>        <img   class=\"fig-img fig-ranking-profile-media-small-picture__photo\" alt=\"\u00c0 deux pas de Saint-\u00c9milion, un couple sauve un vignoble en fabriquant de la sauce soja\" height=\"1687\" width=\"3000\"\/><\/p>\n<p class=\"fig-ranking-profile-standfirst\">\n    En 2021, Madina Querre et Adrien David Beaulieu ont rachet\u00e9 un vignoble en liquidation judiciaire \u00e0 Sainte-Terre, misant sur la diversification pour le sauver. Quatre ans plus tard, le succ\u00e8s est au rendez-vous gr\u00e2ce \u00e0 la production d\u2019une sauce soja \u00e9labor\u00e9e dans la plus pure tradition japonaise.\n<\/p>\n<p>            <a href=\"https:\/\/www.lefigaro.fr\/bordeaux\/bordeaux-une-cycliste-gravement-blessee-apres-avoir-ete-percutee-par-un-bus-20251020\" class=\"fig-ranking-profile-link\" data-fig-domain=\"LEFIGARO\" target=\"_blank\" rel=\"noopener\"><\/p>\n<p>        Bordeaux\u00a0: une cycliste gravement bless\u00e9e apr\u00e8s avoir \u00e9t\u00e9 percut\u00e9e par un bus<\/p>\n<p>                                                <\/a><\/p>\n<p>        <img   class=\"fig-img fig-ranking-profile-media-small-picture__photo\" alt=\"Bordeaux\u00a0: une cycliste gravement bless\u00e9e apr\u00e8s avoir \u00e9t\u00e9 percut\u00e9e par un bus\" height=\"2250\" width=\"3000\"\/><\/p>\n<p class=\"fig-ranking-profile-standfirst\">\n    L\u2019accident s\u2019est d\u00e9roul\u00e9 au sud de Bordeaux. La victime, \u00e2g\u00e9e de 40 ans, a \u00e9t\u00e9 hospitalis\u00e9e dans un \u00e9tat grave.\n<\/p>\n<p>            <a href=\"https:\/\/www.lefigaro.fr\/bordeaux\/a-bordeaux-les-voisins-de-l-eglise-saint-jacques-craignent-son-effondrement-20251019\" class=\"fig-ranking-profile-link\" data-fig-domain=\"LEFIGARO\" target=\"_blank\" rel=\"noopener\"><\/p>\n<p>        \u00c0 Bordeaux, les voisins de l\u2019\u00e9glise Saint-Jacques craignent son effondrement<\/p>\n<p>                                                <\/a><\/p>\n<p class=\"fig-ranking-profile-standfirst\">\n    <strong>REPORTAGE &#8211;<\/strong> Humidit\u00e9, infiltrations, toiture endommag\u00e9e&#8230; L\u2019\u00e9glise Saint-Jacques menace de s\u2019effondrer. Depuis 2021, les voisins mitoyens de la b\u00e2tisse r\u00e9clament des travaux de mise en s\u00e9curit\u00e9. Une premi\u00e8re r\u00e9union de chantier est pr\u00e9vue le 23 octobre.<\/p>\n","protected":false},"excerpt":{"rendered":"\u00c0 deux pas de Saint-\u00c9milion, un couple sauve un vignoble en fabriquant de la sauce soja En 2021,&hellip;\n","protected":false},"author":2,"featured_media":484507,"comment_status":"","ping_status":"","sticky":false,"template":"","format":"standard","meta":{"footnotes":""},"categories":[2817],"tags":[1111,11,1997,4188,1777,674,1011,27,7372,12,2219,25],"class_list":{"0":"post-484506","1":"post","2":"type-post","3":"status-publish","4":"format-standard","5":"has-post-thumbnail","7":"category-bordeaux","8":"tag-actu","9":"tag-actualites","10":"tag-bordeaux","11":"tag-elections-municipales","12":"tag-eu","13":"tag-europe","14":"tag-fr","15":"tag-france","16":"tag-mairie-de-bordeaux","17":"tag-news","18":"tag-nouvelle-aquitaine","19":"tag-republique-francaise"},"share_on_mastodon":{"url":"https:\/\/pubeurope.com\/@fr\/115423858123433629","error":""},"_links":{"self":[{"href":"https:\/\/www.europesays.com\/fr\/wp-json\/wp\/v2\/posts\/484506","targetHints":{"allow":["GET"]}}],"collection":[{"href":"https:\/\/www.europesays.com\/fr\/wp-json\/wp\/v2\/posts"}],"about":[{"href":"https:\/\/www.europesays.com\/fr\/wp-json\/wp\/v2\/types\/post"}],"author":[{"embeddable":true,"href":"https:\/\/www.europesays.com\/fr\/wp-json\/wp\/v2\/users\/2"}],"replies":[{"embeddable":true,"href":"https:\/\/www.europesays.com\/fr\/wp-json\/wp\/v2\/comments?post=484506"}],"version-history":[{"count":0,"href":"https:\/\/www.europesays.com\/fr\/wp-json\/wp\/v2\/posts\/484506\/revisions"}],"wp:featuredmedia":[{"embeddable":true,"href":"https:\/\/www.europesays.com\/fr\/wp-json\/wp\/v2\/media\/484507"}],"wp:attachment":[{"href":"https:\/\/www.europesays.com\/fr\/wp-json\/wp\/v2\/media?parent=484506"}],"wp:term":[{"taxonomy":"category","embeddable":true,"href":"https:\/\/www.europesays.com\/fr\/wp-json\/wp\/v2\/categories?post=484506"},{"taxonomy":"post_tag","embeddable":true,"href":"https:\/\/www.europesays.com\/fr\/wp-json\/wp\/v2\/tags?post=484506"}],"curies":[{"name":"wp","href":"https:\/\/api.w.org\/{rel}","templated":true}]}}