{"id":484514,"date":"2025-10-23T14:07:22","date_gmt":"2025-10-23T14:07:22","guid":{"rendered":"https:\/\/www.europesays.com\/fr\/484514\/"},"modified":"2025-10-23T14:07:22","modified_gmt":"2025-10-23T14:07:22","slug":"on-nous-dit-quon-va-pouvoir-discuter-mais-tout-est-deja-acte","status":"publish","type":"post","link":"https:\/\/www.europesays.com\/fr\/484514\/","title":{"rendered":"\u00ab On nous dit qu\u2019on va pouvoir discuter, mais tout est d\u00e9j\u00e0 act\u00e9 ! \u00bb"},"content":{"rendered":"<p>Vingt\u2010cinq kilom\u00e8tres, 47 stations et 11 communes travers\u00e9es. La future ligne de tramway qui desservira le c\u0153ur de la M\u00e9tropole europ\u00e9enne de Lille (MEL) est sur les rails. D\u2019ici sa mise en service pr\u00e9vue pour l\u2019instant en 2035, de nombreux \u00e9l\u00e9ments restent n\u00e9anmoins \u00e0 arbitrer pour que cette nouvelle infrastructure puisse s\u2019ins\u00e9rer sans encombre dans le quotidien des m\u00e9tropolitains.<\/p>\n<p>La M\u00e9tropole m\u00e8ne depuis 2022 \u00ab\u202fune concertation continue\u202f\u00bb avec les habitants. Le trac\u00e9 \u00e9tant d\u2019ores et d\u00e9j\u00e0 arr\u00eat\u00e9, ces moments d\u2019\u00e9change visent maintenant \u00e0 travailler sur le partage de l\u2019espace public\u00a0: comment imaginer les futures rues de la m\u00e9tropole qui sont concern\u00e9es par l\u2019arriv\u00e9e du tramway\u202f?<\/p>\n<p>Mediacit\u00e9s s\u2019est invit\u00e9 le 16 octobre au premier atelier participatif organis\u00e9 sur le secteur de Lille. Les inscriptions ouvertes sur la plateforme de participation citoyenne de la collectivit\u00e9 n\u2019ont pas tard\u00e9 \u00e0 afficher complet. Sur les 35 habitants qui s\u2019\u00e9taient d\u00e9plac\u00e9s ce soir\u2010l\u00e0, on trouve, p\u00eale\u2010m\u00eale, des habitu\u00e9s des r\u00e9unions publiques en tout genre, des fins connaisseurs des transports en commun, mais aussi des salari\u00e9s de la M\u00e9tropole europ\u00e9enne de\u00a0Lille.\u00a0<\/p>\n<p>Nous vous offrons l\u2019acc\u00e8s \u00e0 cet article<\/p>\n<p>Et \u00e0 toutes nos enqu\u00eates pendant deux jours\u00a0\u00a0! <br \/>Oui, on est g\u00e9n\u00e9reux \ud83d\ude09 Mais pensez aussi \u00e0 <a href=\"https:\/\/www.mediacites.fr\/sabonner\/\" target=\"_blank\" style=\"color:#fff\" rel=\"noopener\">vous abonner<\/a>\u00a0\u00a0!<\/p>\n<p>\t\tEn renseignant votre adresse, vous acceptez nos <a href=\"https:\/\/www.mediacites.fr\/conditions-generales-d-utilisation\/\" target=\"_blank\" rel=\"noopener\">conditions g\u00e9n\u00e9rales d\u2019utilisation<\/a>. <br \/>Mediacit\u00e9s s\u2019engage \u00e0 ne pas c\u00e9der votre adresse \u00e0 des tiers. En cas d\u2019\u00e9chec, \u00e9crivez \u00e0 <a href=\"https:\/\/www.mediacites.fr\/transport\/lille\/2025\/10\/23\/futur-tramway-de-lille-on-nous-dit-quon-va-pouvoir-discuter-mais-tout-est-deja-acte\/mailto:contact@mediacites.fr\" target=\"_blank\" rel=\"noopener\">contact@mediacites.fr<\/a><\/p>\n<ul>\n<li>J\u2019acc\u00e8de aux 4 \u00e9ditions de Mediacit\u00e9s (Lille, Lyon, Nantes et Toulouse)<\/li>\n<li>Je d\u00e9couvre un m\u00e9dia 100 % ind\u00e9pendant, avec 0 % de publicit\u00e9<\/li>\n<\/ul>\n<p>Envie de lire la\u00a0suite\u202f?<\/p>\n<p>Depuis neuf ans, Mediacit\u00e9s enqu\u00eate en toute ind\u00e9pendance dans votre ville. Gr\u00e2ce \u00e0 ses lecteurs\u202f! Abonnez\u2010vous pour ne rien manquer de nos enqu\u00eates, suivre les \u00e9lections municipales et soutenir un journal local d\u2019investigation.<\/p>\n<ul>\n<li>Acc\u00e8s aux 4 \u00e9ditions de Mediacit\u00e9s (Lille, Lyon, Nantes et Toulouse)<\/li>\n<li>100 % ind\u00e9pendant, avec 0 % de publicit\u00e9<\/li>\n<li>R\u00e9siliation facile \u00e0 tout moment<\/li>\n<\/ul>\n<p>Mediacit\u00e9s offre l\u2019acc\u00e8s \u00e0 cet article aux lecteurs de News2Com<\/p>\n<p>Et \u00e0 toutes nos enqu\u00eates pendant deux jours\u00a0\u00a0! <br \/>Oui, on est g\u00e9n\u00e9reux \ud83d\ude09 Mais pensez aussi \u00e0 <a href=\"https:\/\/www.mediacites.fr\/sabonner\/\" target=\"_blank\" style=\"color:#fff\" rel=\"noopener\">vous abonner<\/a>\u00a0\u00a0!<\/p>\n<p>\t\tEn renseignant votre adresse, vous acceptez nos <a href=\"https:\/\/www.mediacites.fr\/conditions-generales-d-utilisation\/\" target=\"_blank\" rel=\"noopener\">conditions g\u00e9n\u00e9rales d\u2019utilisation<\/a>. <br \/>Mediacit\u00e9s s\u2019engage \u00e0 ne pas c\u00e9der votre adresse \u00e0 des tiers. En cas d\u2019\u00e9chec, \u00e9crivez \u00e0 <a href=\"https:\/\/www.mediacites.fr\/transport\/lille\/2025\/10\/23\/futur-tramway-de-lille-on-nous-dit-quon-va-pouvoir-discuter-mais-tout-est-deja-acte\/mailto:contact@mediacites.fr\" target=\"_blank\" rel=\"noopener\">contact@mediacites.fr<\/a><\/p>\n<ul>\n<li>J\u2019acc\u00e8de aux 4 \u00e9ditions de Mediacit\u00e9s (Lille, Lyon, Nantes et Toulouse)<\/li>\n<li>Je d\u00e9couvre un m\u00e9dia 100 % ind\u00e9pendant, avec 0 % de publicit\u00e9<\/li>\n<\/ul>\n","protected":false},"excerpt":{"rendered":"Vingt\u2010cinq kilom\u00e8tres, 47 stations et 11 communes travers\u00e9es. La future ligne de tramway qui desservira le c\u0153ur de&hellip;\n","protected":false},"author":2,"featured_media":484515,"comment_status":"","ping_status":"","sticky":false,"template":"","format":"standard","meta":{"footnotes":""},"categories":[2815],"tags":[1111,11,36869,1777,674,60779,1011,27,811,60780,1307,4863,12,48578,2687,25,4109,2803,800],"class_list":{"0":"post-484514","1":"post","2":"type-post","3":"status-publish","4":"format-standard","5":"has-post-thumbnail","7":"category-lille","8":"tag-actu","9":"tag-actualites","10":"tag-couronne","11":"tag-eu","12":"tag-europe","13":"tag-extramobile","14":"tag-fr","15":"tag-france","16":"tag-hauts-de-france","17":"tag-jacques-richir","18":"tag-lille","19":"tag-metropole-europeenne-de-lille","20":"tag-news","21":"tag-participation-citoyenne","22":"tag-reportage","23":"tag-republique-francaise","24":"tag-tramway","25":"tag-transport","26":"tag-transports"},"share_on_mastodon":{"url":"https:\/\/pubeurope.com\/@fr\/115423874515896365","error":""},"_links":{"self":[{"href":"https:\/\/www.europesays.com\/fr\/wp-json\/wp\/v2\/posts\/484514","targetHints":{"allow":["GET"]}}],"collection":[{"href":"https:\/\/www.europesays.com\/fr\/wp-json\/wp\/v2\/posts"}],"about":[{"href":"https:\/\/www.europesays.com\/fr\/wp-json\/wp\/v2\/types\/post"}],"author":[{"embeddable":true,"href":"https:\/\/www.europesays.com\/fr\/wp-json\/wp\/v2\/users\/2"}],"replies":[{"embeddable":true,"href":"https:\/\/www.europesays.com\/fr\/wp-json\/wp\/v2\/comments?post=484514"}],"version-history":[{"count":0,"href":"https:\/\/www.europesays.com\/fr\/wp-json\/wp\/v2\/posts\/484514\/revisions"}],"wp:featuredmedia":[{"embeddable":true,"href":"https:\/\/www.europesays.com\/fr\/wp-json\/wp\/v2\/media\/484515"}],"wp:attachment":[{"href":"https:\/\/www.europesays.com\/fr\/wp-json\/wp\/v2\/media?parent=484514"}],"wp:term":[{"taxonomy":"category","embeddable":true,"href":"https:\/\/www.europesays.com\/fr\/wp-json\/wp\/v2\/categories?post=484514"},{"taxonomy":"post_tag","embeddable":true,"href":"https:\/\/www.europesays.com\/fr\/wp-json\/wp\/v2\/tags?post=484514"}],"curies":[{"name":"wp","href":"https:\/\/api.w.org\/{rel}","templated":true}]}}