{"id":484518,"date":"2025-10-23T14:09:11","date_gmt":"2025-10-23T14:09:11","guid":{"rendered":"https:\/\/www.europesays.com\/fr\/484518\/"},"modified":"2025-10-23T14:09:11","modified_gmt":"2025-10-23T14:09:11","slug":"un-homme-interpelle-apres-une-tentative-dintrusion-au-mucem","status":"publish","type":"post","link":"https:\/\/www.europesays.com\/fr\/484518\/","title":{"rendered":"un homme interpell\u00e9 apr\u00e8s une tentative d\u2019intrusion au Mucem"},"content":{"rendered":"<p>\n    Un homme a \u00e9t\u00e9 arr\u00eat\u00e9 apr\u00e8s avoir escalad\u00e9 le portail du mus\u00e9e marseillais. L\u2019alerte a \u00e9t\u00e9 donn\u00e9e par le service de s\u00e9curit\u00e9.<\/p>\n<p class=\"fig-paragraph\">\u00c0 l\u2019heure o\u00f9 la<a href=\"http:\/\/www.lefigaro.fr\/actualite-france\/cela-fait-longtemps-qu-on-a-identifie-le-risque-de-vulnerabilite-des-musees-francais-le-louvre-a-t-il-sous-estime-les-alertes-sur-ses-failles-de-securite-20251019\" data-fig-type=\"NewsFlash\" data-gtm-custom-categorie=\"navigation\" data-gtm-custom-action=\"crossclick\" data-gtm-custom-label=\"Contextuel\" data-gtm-event=\"customEventSPE\" data-fig-domain=\"LEFIGARO\" target=\"_blank\" rel=\"noopener\">\u00a0s\u00e9curit\u00e9 des mus\u00e9es<\/a>\u00a0est en question, les \u00e9quipes du\u00a0<a href=\"http:\/\/www.lefigaro.fr\/arts-expositions\/le-mucem-de-marseille-sort-une-guillotine-de-sa-collection-pour-l-entree-au-pantheon-de-robert-badinter-20251005\" data-fig-type=\"Article\" data-gtm-custom-categorie=\"navigation\" data-gtm-custom-action=\"crossclick\" data-gtm-custom-label=\"Contextuel\" data-gtm-event=\"customEventSPE\" data-fig-domain=\"LEFIGARO\" target=\"_blank\" rel=\"noopener\">Mucem\u00a0<\/a>ont eu une petite frayeur. Selon une information de\u00a0<a href=\"https:\/\/www.laprovence.com\/article\/faits-divers-justice\/1166303036653814\/intrusion-au-mucem-a-marseille-un-homme-de-22-ans-interpelle\" target=\"_blank\" rel=\"sponsored noopener\" data-gtm-custom-categorie=\"navigation\" data-gtm-custom-action=\"crossclick\" data-gtm-custom-label=\"Contextuel\" data-gtm-event=\"customEventSPE\">La Provence<\/a>, confirm\u00e9e de source polici\u00e8re au Figaro, ce mardi vers 19h15, alors que le c\u00e9l\u00e8bre mus\u00e9e marseillais fermait ses portes, un homme a \u00e9t\u00e9 rep\u00e9r\u00e9 en train d\u2019escalader le mur et le portail de l\u2019\u00e9tablissement.<\/p>\n<p>Mise en s\u00e9curit\u00e9<\/p>\n<p class=\"fig-paragraph\">L\u2019alerte a \u00e9t\u00e9 donn\u00e9e par les services de s\u00e9curit\u00e9 du mus\u00e9e et la police est intervenue pour interpeller l\u2019individu. \u00abLa mise en s\u00e9curit\u00e9 du mus\u00e9e a \u00e9t\u00e9 efficace car les autorit\u00e9s ont r\u00e9agi tout de suite et l\u2019homme a \u00e9t\u00e9 arr\u00eat\u00e9\u00bb, indique une source polici\u00e8re, qui pr\u00e9cise que l\u2019individu n\u2019a pas fait l\u2019objet de poursuites judiciaires.<\/p>\n<p>                                    <a class=\"fig-a11y-skip a11y-hidden\" href=\"#fig-a11y-skip-main-inarticle\"><br \/>\n        Passer la publicit\u00e9<br \/>\n    <\/a><\/p>\n<p class=\"fig-paragraph\">La directrice du\u00a0<a href=\"http:\/\/www.lefigaro.fr\/culture\/vol-de-bijoux-au-louvre-la-presidente-du-musee-laurence-des-cars-reconnait-des-failles-de-securite-mais-pas-de-faute-20251022\" data-fig-type=\"NewsFlash\" data-gtm-custom-categorie=\"navigation\" data-gtm-custom-action=\"crossclick\" data-gtm-custom-label=\"Contextuel\" data-gtm-event=\"customEventSPE\" data-fig-domain=\"LEFIGARO\" target=\"_blank\" rel=\"noopener\">Louvre<\/a>, Laurence des Cars, a reconnu mercredi des failles dans le syst\u00e8me de surveillance ext\u00e9rieur du grand mus\u00e9e parisien et propos\u00e9 de nouvelles mesures dont un commissariat de police en son sein, trois jours apr\u00e8s le casse spectaculaire au cours duquel huit joyaux de la Couronne ont \u00e9t\u00e9 vol\u00e9s. Elle a notamment admis que le syst\u00e8me de surveillance vid\u00e9o de l\u2019ext\u00e9rieur du gigantesque palais \u00e9tait \u00abtr\u00e8s insuffisant\u00bb, \u00e9voquant une \u00abfaiblesse dans la protection p\u00e9rim\u00e9trique\u00bb.\u00a0Les malfaiteurs ont p\u00e9n\u00e9tr\u00e9 dans le mus\u00e9e gr\u00e2ce \u00e0 un monte-charge install\u00e9 sur la voie publique et fractur\u00e9 \u00e0 la disqueuse une porte-fen\u00eatre en verre anti-effraction puis les vitrines abritant les joyaux, le tout en quelques minutes, avant de dispara\u00eetre avec huit tr\u00e9sors nationaux.<\/p>\n","protected":false},"excerpt":{"rendered":"Un homme a \u00e9t\u00e9 arr\u00eat\u00e9 apr\u00e8s avoir escalad\u00e9 le portail du mus\u00e9e marseillais. L\u2019alerte a \u00e9t\u00e9 donn\u00e9e par&hellip;\n","protected":false},"author":2,"featured_media":484519,"comment_status":"","ping_status":"","sticky":false,"template":"","format":"standard","meta":{"footnotes":""},"categories":[2814],"tags":[1111,11,1777,674,1011,27,29929,884,6864,3048,12,882,25],"class_list":{"0":"post-484518","1":"post","2":"type-post","3":"status-publish","4":"format-standard","5":"has-post-thumbnail","7":"category-marseille","8":"tag-actu","9":"tag-actualites","10":"tag-eu","11":"tag-europe","12":"tag-fr","13":"tag-france","14":"tag-intrusion","15":"tag-marseille","16":"tag-mucem","17":"tag-musee","18":"tag-news","19":"tag-provence-alpes-cote-dazur","20":"tag-republique-francaise"},"share_on_mastodon":{"url":"","error":""},"_links":{"self":[{"href":"https:\/\/www.europesays.com\/fr\/wp-json\/wp\/v2\/posts\/484518","targetHints":{"allow":["GET"]}}],"collection":[{"href":"https:\/\/www.europesays.com\/fr\/wp-json\/wp\/v2\/posts"}],"about":[{"href":"https:\/\/www.europesays.com\/fr\/wp-json\/wp\/v2\/types\/post"}],"author":[{"embeddable":true,"href":"https:\/\/www.europesays.com\/fr\/wp-json\/wp\/v2\/users\/2"}],"replies":[{"embeddable":true,"href":"https:\/\/www.europesays.com\/fr\/wp-json\/wp\/v2\/comments?post=484518"}],"version-history":[{"count":0,"href":"https:\/\/www.europesays.com\/fr\/wp-json\/wp\/v2\/posts\/484518\/revisions"}],"wp:featuredmedia":[{"embeddable":true,"href":"https:\/\/www.europesays.com\/fr\/wp-json\/wp\/v2\/media\/484519"}],"wp:attachment":[{"href":"https:\/\/www.europesays.com\/fr\/wp-json\/wp\/v2\/media?parent=484518"}],"wp:term":[{"taxonomy":"category","embeddable":true,"href":"https:\/\/www.europesays.com\/fr\/wp-json\/wp\/v2\/categories?post=484518"},{"taxonomy":"post_tag","embeddable":true,"href":"https:\/\/www.europesays.com\/fr\/wp-json\/wp\/v2\/tags?post=484518"}],"curies":[{"name":"wp","href":"https:\/\/api.w.org\/{rel}","templated":true}]}}