{"id":484520,"date":"2025-10-23T14:10:16","date_gmt":"2025-10-23T14:10:16","guid":{"rendered":"https:\/\/www.europesays.com\/fr\/484520\/"},"modified":"2025-10-23T14:10:16","modified_gmt":"2025-10-23T14:10:16","slug":"un-dernier-week-end-pour-feter-les-danses-urbaines","status":"publish","type":"post","link":"https:\/\/www.europesays.com\/fr\/484520\/","title":{"rendered":"un dernier week-end pour f\u00eater les danses urbaines"},"content":{"rendered":"<p>Apr\u00e8s un mois \u00e0 vibrer avec toutes les danses urbaines, <a href=\"https:\/\/www.leprogres.fr\/culture-loisirs\/2025\/09\/22\/un-tour-du-monde-des-danses-urbaines\" target=\"_blank\" rel=\"noopener\">le festival Karavel<\/a> touche \u00e0 sa fin ce week-end au rythme de deux battles originaux, o\u00f9 les danseurs s\u2019affrontent dans l\u2019effervescence et la joie. <\/p>\n<p>Le Sucre (Lyon 2e) accueille samedi, \u00e0 17 heures, l\u2019\u00e9v\u00e9nement \u201cWaacktober It\u2019s not over battle\u201d. Ce battle flamboyant rassemble des amateurs et des danseurs de waacking. N\u00e9e sur la c\u00f4te ouest des \u00c9tats-Unis, cette danse se pratique principalement avec les bras et c\u00e9l\u00e8bre la diff\u00e9rence, l\u2019expression de soi. <\/p>\n<p>Le lendemain, le Transbordeur (Villeurbanne) accueille, d\u00e8s 15 heures, la 8e \u00e9dition des Hip hop Games France. \u00c0 mi-chemin entre battle et cr\u00e9ation, cette comp\u00e9tition internationale r\u00e9unit quatre compagnies autour d\u2019une s\u00e9rie de challenges spectaculaires et virtuoses o\u00f9 l\u2019improvisation est reine. L\u2019\u00e9v\u00e9nement se pare cette ann\u00e9e des couleurs br\u00e9siliennes pour une \u00e9dition haute en couleurs, rythm\u00e9e par la chaleur, la musique et l\u2019\u00e9nergie du Br\u00e9sil. <\/p>\n<p>Le week-end se cl\u00f4turera gratuitement d\u00e8s 18\u00a0h\u00a030 avec une f\u00eate de fin de festival port\u00e9e par trois DJ.<\/p>\n<p class=\"note\">Infos et r\u00e9servations <a href=\"https:\/\/www.leprogres.fr\/culture-loisirs\/2025\/10\/23\/karavel.karavelkalypso.com\" target=\"_blank\" rel=\"noopener\">karavel.karavelkalypso.com<\/a><\/p>\n","protected":false},"excerpt":{"rendered":"Apr\u00e8s un mois \u00e0 vibrer avec toutes les danses urbaines, le festival Karavel touche \u00e0 sa fin ce&hellip;\n","protected":false},"author":2,"featured_media":484521,"comment_status":"","ping_status":"","sticky":false,"template":"","format":"standard","meta":{"footnotes":""},"categories":[1889],"tags":[1111,11,2430,1687,2757,1777,674,1011,27,2428,2756,12,25,3140],"class_list":{"0":"post-484520","1":"post","2":"type-post","3":"status-publish","4":"format-standard","5":"has-post-thumbnail","7":"category-lyon","8":"tag-actu","9":"tag-actualites","10":"tag-auvergne-rhone-alpes","11":"tag-culture-loisirs","12":"tag-edition-lyon-villeurbanne","13":"tag-eu","14":"tag-europe","15":"tag-fr","16":"tag-france","17":"tag-lyon","18":"tag-lyon-bassin","19":"tag-news","20":"tag-republique-francaise","21":"tag-spectacle"},"share_on_mastodon":{"url":"https:\/\/pubeurope.com\/@fr\/115423885709697822","error":""},"_links":{"self":[{"href":"https:\/\/www.europesays.com\/fr\/wp-json\/wp\/v2\/posts\/484520","targetHints":{"allow":["GET"]}}],"collection":[{"href":"https:\/\/www.europesays.com\/fr\/wp-json\/wp\/v2\/posts"}],"about":[{"href":"https:\/\/www.europesays.com\/fr\/wp-json\/wp\/v2\/types\/post"}],"author":[{"embeddable":true,"href":"https:\/\/www.europesays.com\/fr\/wp-json\/wp\/v2\/users\/2"}],"replies":[{"embeddable":true,"href":"https:\/\/www.europesays.com\/fr\/wp-json\/wp\/v2\/comments?post=484520"}],"version-history":[{"count":0,"href":"https:\/\/www.europesays.com\/fr\/wp-json\/wp\/v2\/posts\/484520\/revisions"}],"wp:featuredmedia":[{"embeddable":true,"href":"https:\/\/www.europesays.com\/fr\/wp-json\/wp\/v2\/media\/484521"}],"wp:attachment":[{"href":"https:\/\/www.europesays.com\/fr\/wp-json\/wp\/v2\/media?parent=484520"}],"wp:term":[{"taxonomy":"category","embeddable":true,"href":"https:\/\/www.europesays.com\/fr\/wp-json\/wp\/v2\/categories?post=484520"},{"taxonomy":"post_tag","embeddable":true,"href":"https:\/\/www.europesays.com\/fr\/wp-json\/wp\/v2\/tags?post=484520"}],"curies":[{"name":"wp","href":"https:\/\/api.w.org\/{rel}","templated":true}]}}