{"id":484534,"date":"2025-10-23T14:19:12","date_gmt":"2025-10-23T14:19:12","guid":{"rendered":"https:\/\/www.europesays.com\/fr\/484534\/"},"modified":"2025-10-23T14:19:12","modified_gmt":"2025-10-23T14:19:12","slug":"la-centrale-nucleaire-de-zaporijia-de-nouveau-alimentee-en-electricite-liberation","status":"publish","type":"post","link":"https:\/\/www.europesays.com\/fr\/484534\/","title":{"rendered":"la centrale nucl\u00e9aire de Zaporijia de nouveau aliment\u00e9e en \u00e9lectricit\u00e9 \u2013 Lib\u00e9ration"},"content":{"rendered":"<p class=\"sc-cPiKLX AiZTS text-element\">L\u2019alimentation \u00e9lectrique de la centrale nucl\u00e9aire de <a href=\"https:\/\/www.liberation.fr\/international\/europe\/lukraine-accuse-la-russie-de-vouloir-raccorder-la-centrale-nucleaire-de-zaporijia-a-son-reseau-electrique-20250927_MD7FWZZ6NVHUHIN2OVLVSEG3JI\/\" target=\"_blank\" rel=\"noreferrer noopener\" title=\"https:\/\/www.liberation.fr\/international\/europe\/lukraine-accuse-la-russie-de-vouloir-raccorder-la-centrale-nucleaire-de-zaporijia-a-son-reseau-electrique-20250927_MD7FWZZ6NVHUHIN2OVLVSEG3JI\/\">Zaporijia<\/a> en Ukraine a \u00e9t\u00e9 r\u00e9tablie apr\u00e8s une panne record d\u2019un mois depuis l\u2019invasion russe, a d\u00e9clar\u00e9 ce jeudi 23 octobre l\u2019Agence internationale de l\u2019\u00e9nergie atomique (AIEA). <\/p>\n<p class=\"sc-cPiKLX AiZTS text-element\">La reprise de l\u2019alimentation de <a href=\"https:\/\/www.liberation.fr\/international\/europe\/ukraine-a-la-centrale-nucleaire-de-zaporijia-on-se-rapproche-dun-scenario-a-la-fukushima-20220830_SN5W6BXA25HVDHKD2CUOR4CQYM\/\" target=\"_blank\" rel=\"noreferrer noopener\" title=\"https:\/\/www.liberation.fr\/international\/europe\/ukraine-a-la-centrale-nucleaire-de-zaporijia-on-se-rapproche-dun-scenario-a-la-fukushima-20220830_SN5W6BXA25HVDHKD2CUOR4CQYM\/\">la plus grande centrale d\u2019Europe<\/a>, occup\u00e9e depuis mars 2022 <a href=\"https:\/\/www.liberation.fr\/international\/europe\/centrale-de-zaporijjia-niveau-radioactif-normal-apres-les-frappes-20220811_5EETSFM6FRHP7NWAD54EVIDAYI\/\" target=\"_blank\" rel=\"noreferrer noopener\" title=\"https:\/\/www.liberation.fr\/international\/europe\/centrale-de-zaporijjia-niveau-radioactif-normal-apres-les-frappes-20220811_5EETSFM6FRHP7NWAD54EVIDAYI\/\">par les forces russes<\/a> est intervenue apr\u00e8s la r\u00e9paration d\u2019une ligne \u00e0 l\u2019ext\u00e9rieur du site gr\u00e2ce \u00e0 un cessez-le-feu local. Elle constitue \u00abune \u00e9tape cruciale pour la s\u00fbret\u00e9 et la s\u00e9curit\u00e9 nucl\u00e9aires\u00bb, a affirm\u00e9 l\u2019organisme de surveillance nucl\u00e9aire des Nations unies dans un message sur X. <\/p>\n<p class=\"sc-cPiKLX AiZTS text-element\">L\u2019agence a ajout\u00e9 continuer de travailler avec la Russie et l\u2019Ukraine pour permettre la restauration d\u2019une autre <a href=\"https:\/\/www.liberation.fr\/international\/europe\/nouvelle-vague-de-bombardements-a-kyiv-la-guerre-electrique-reprend-de-plus-belle-20251010_U6E7P53FVNCLROK2GBHNIM4L4M\/\" target=\"_blank\" rel=\"noreferrer noopener\" title=\"https:\/\/www.liberation.fr\/international\/europe\/nouvelle-vague-de-bombardements-a-kyiv-la-guerre-electrique-reprend-de-plus-belle-20251010_U6E7P53FVNCLROK2GBHNIM4L4M\/\">ligne \u00e9lectrique<\/a>. L\u2019AIEA avait annonc\u00e9 samedi le d\u00e9but des travaux de r\u00e9paration des lignes endommag\u00e9es. Elle avait pr\u00e9c\u00e9demment expliqu\u00e9 que des r\u00e9parations \u00e9taient n\u00e9cessaires de part et d\u2019autre de la ligne de front, \u00e0 plusieurs kilom\u00e8tres de la centrale. <\/p>\n<p class=\"sc-cPiKLX AiZTS text-element\">Situ\u00e9s le long du fleuve Dniepr, pr\u00e8s de la ville d\u2019Enerhodar, les six r\u00e9acteurs de la centrale, qui produisaient environ un cinqui\u00e8me de l\u2019\u00e9lectricit\u00e9 de l\u2019Ukraine avant la guerre, ont \u00e9t\u00e9 mis \u00e0 l\u2019arr\u00eat apr\u00e8s la prise de contr\u00f4le par Moscou.<\/p>\n<p class=\"sc-cPiKLX AiZTS text-element\">Cependant, la centrale a besoin d\u2019\u00e9lectricit\u00e9 pour maintenir ses syst\u00e8mes de refroidissement et de s\u00e9curit\u00e9 afin d\u2019\u00e9viter une catastrophe. D\u00e9but octobre, Moscou a affirm\u00e9 que la situation \u00e9tait \u00absous contr\u00f4le\u00bb \u00e0 Zaporijia, \u00e0 la suite d\u2019inqui\u00e9tudes \u00e9mises par le pr\u00e9sident ukrainien, Volodymyr Zelensky. <\/p>\n<p class=\"sc-cPiKLX AiZTS text-element\">Moscou et Kyiv se sont accus\u00e9s, r\u00e9ciproquement et \u00e0 plusieurs reprises, de risquer une catastrophe nucl\u00e9aire en attaquant le site et se rejettent la faute concernant la derni\u00e8re coupure d\u2019\u00e9lectricit\u00e9.<\/p>\n","protected":false},"excerpt":{"rendered":"L\u2019alimentation \u00e9lectrique de la centrale nucl\u00e9aire de Zaporijia en Ukraine a \u00e9t\u00e9 r\u00e9tablie apr\u00e8s une panne record d\u2019un&hellip;\n","protected":false},"author":2,"featured_media":484535,"comment_status":"","ping_status":"","sticky":false,"template":"","format":"standard","meta":{"footnotes":""},"categories":[1590],"tags":[11,893,1777,674,12,132,220,297],"class_list":{"0":"post-484534","1":"post","2":"type-post","3":"status-publish","4":"format-standard","5":"has-post-thumbnail","7":"category-ukraine","8":"tag-actualites","9":"tag-energie","10":"tag-eu","11":"tag-europe","12":"tag-news","13":"tag-russie","14":"tag-ukraine","15":"tag-ukraine-la-crise"},"share_on_mastodon":{"url":"https:\/\/pubeurope.com\/@fr\/115423921064764252","error":""},"_links":{"self":[{"href":"https:\/\/www.europesays.com\/fr\/wp-json\/wp\/v2\/posts\/484534","targetHints":{"allow":["GET"]}}],"collection":[{"href":"https:\/\/www.europesays.com\/fr\/wp-json\/wp\/v2\/posts"}],"about":[{"href":"https:\/\/www.europesays.com\/fr\/wp-json\/wp\/v2\/types\/post"}],"author":[{"embeddable":true,"href":"https:\/\/www.europesays.com\/fr\/wp-json\/wp\/v2\/users\/2"}],"replies":[{"embeddable":true,"href":"https:\/\/www.europesays.com\/fr\/wp-json\/wp\/v2\/comments?post=484534"}],"version-history":[{"count":0,"href":"https:\/\/www.europesays.com\/fr\/wp-json\/wp\/v2\/posts\/484534\/revisions"}],"wp:featuredmedia":[{"embeddable":true,"href":"https:\/\/www.europesays.com\/fr\/wp-json\/wp\/v2\/media\/484535"}],"wp:attachment":[{"href":"https:\/\/www.europesays.com\/fr\/wp-json\/wp\/v2\/media?parent=484534"}],"wp:term":[{"taxonomy":"category","embeddable":true,"href":"https:\/\/www.europesays.com\/fr\/wp-json\/wp\/v2\/categories?post=484534"},{"taxonomy":"post_tag","embeddable":true,"href":"https:\/\/www.europesays.com\/fr\/wp-json\/wp\/v2\/tags?post=484534"}],"curies":[{"name":"wp","href":"https:\/\/api.w.org\/{rel}","templated":true}]}}